{"id":341,"date":"2016-09-27T13:18:56","date_gmt":"2016-09-27T12:18:56","guid":{"rendered":"http:\/\/blog.creamontblanc.org\/?p=341"},"modified":"2022-11-09T16:20:54","modified_gmt":"2022-11-09T15:20:54","slug":"suivi-des-cones-de-meleze","status":"publish","type":"post","link":"https:\/\/blog.creamontblanc.org?p=341","title":{"rendered":"Suivi des c\u00f4nes de m\u00e9l\u00e8ze"},"content":{"rendered":"<p><strong>Le travail de recherche sur la ph\u00e9nologie des arbres s\u2019enrichit de donn\u00e9es suppl\u00e9mentaires. Un nouveau protocole, la date de maturation des c\u00f4nes de m\u00e9l\u00e8ze, servira \u00e0 \u00e9valuer et \u00e0 pr\u00e9dire la r\u00e9partition actuelle et future de l\u2019esp\u00e8ce.<\/strong><\/p>\n<p><!--more--><\/p>\n<figure id=\"attachment_345\" class=\"thumbnail wp-caption aligncenter\" style=\"width: 1000px\"><a href=\"http:\/\/blog.creamontblanc.org\/suivi-des-cones-de-meleze\/larix-decidua\/\" rel=\"attachment wp-att-345\"><img loading=\"lazy\" decoding=\"async\" class=\"size-full wp-image-345\" src=\"http:\/\/blog.creamontblanc.org\/wp-content\/uploads\/2016\/09\/cone_brun.jpg\" alt=\"C\u00f4ne de m\u00e9l\u00e8ze \u00a9 D.Asse\" width=\"1000\" height=\"500\" srcset=\"https:\/\/blog.creamontblanc.org\/wp-content\/uploads\/2016\/09\/cone_brun.jpg 1000w, https:\/\/blog.creamontblanc.org\/wp-content\/uploads\/2016\/09\/cone_brun-300x150.jpg 300w, https:\/\/blog.creamontblanc.org\/wp-content\/uploads\/2016\/09\/cone_brun-768x384.jpg 768w\" sizes=\"auto, (max-width: 1000px) 100vw, 1000px\" \/><\/a><figcaption class=\"caption wp-caption-text\"><em>C\u00f4nes de m\u00e9l\u00e8ze \u00a9 D.Asse<\/em><\/figcaption><\/figure>\n<p>Dans le cadre de son travail de th\u00e8se, Daphn\u00e9 Asse a con\u00e7u un nouveau protocole pour compl\u00e9ter les observations du m\u00e9l\u00e8ze. Une dizaine de participants au programme Ph\u00e9noclim ont ainsi collect\u00e9 des donn\u00e9es suppl\u00e9mentaires : la date de changement de couleur des c\u00f4nes, autrement dit leur date de maturation.<\/p>\n<p><strong>La maturation des graines sous surveillance<\/strong><\/p>\n<p>Le fruit des conif\u00e8res, appel\u00e9 \u00ab c\u00f4ne \u00bb, se forme une fois la fleur femelle pollinis\u00e9e. D\u2019abord vert, il change de couleur pour devenir brun. C\u2019est lors de ce changement de couleur, dont on va noter la date, que la graine devient viable. Au fur et \u00e0 mesure le c\u00f4ne se dess\u00e8che et fini par tomber, parfois apr\u00e8s plusieurs ann\u00e9es chez le m\u00e9l\u00e8ze.<\/p>\n<p><strong>Une \u00e9tape primordiale<\/strong><\/p>\n<p>Plus on monte en altitude, plus il fait froid et plus la saison de v\u00e9g\u00e9tation est courte. Les arbres fleurissent tard au printemps et les graines n\u2019ont pas forc\u00e9ment le temps d\u2019atteindre leur fin de maturation. La for\u00eat est limit\u00e9e en altitude par ces param\u00e8tres : si les graines ne sont pas viables, les arbres ne peuvent pas se d\u00e9velopper.<\/p>\n<p><strong>R\u00e9partition future de la for\u00eat<\/strong><\/p>\n<p>En montagne, le m\u00e9l\u00e8ze est pr\u00e9sent jusqu\u2019\u00e0 la limite altitudinale des arbres. L\u2019objectif du suivi de la maturation des c\u00f4nes est justement de d\u00e9terminer la date \u00e0 partir de laquelle les graines atteignent environ 100% de leur capacit\u00e9 de germination. Cette information est utilis\u00e9e pour comprendre et pr\u00e9dire l\u2019aire de r\u00e9partition actuelle et future du m\u00e9l\u00e8ze. \u00c0 partir de cela, on pourra d\u00e9duire en partie la remont\u00e9e de la limite foresti\u00e8re en altitude pour les ann\u00e9es futures.<\/p>\n<p>&nbsp;<\/p>\n<p>R\u00e9daction : Daphn\u00e9 Asse<\/p>\n","protected":false},"excerpt":{"rendered":"<p>Le travail de recherche sur la ph\u00e9nologie des arbres s\u2019enrichit de donn\u00e9es suppl\u00e9mentaires. Un nouveau protocole, la date de maturation des c\u00f4nes de m\u00e9l\u00e8ze, servira \u00e0 \u00e9valuer et \u00e0 pr\u00e9dire la r\u00e9partition actuelle et future de l\u2019esp\u00e8ce.<\/p>\n","protected":false},"author":5,"featured_media":345,"comment_status":"open","ping_status":"open","sticky":false,"template":"","format":"standard","meta":{"_monsterinsights_skip_tracking":false,"_monsterinsights_sitenote_active":false,"_monsterinsights_sitenote_note":"","_monsterinsights_sitenote_category":0,"ngg_post_thumbnail":0,"footnotes":""},"categories":[31],"tags":[46,35],"class_list":["post-341","post","type-post","status-publish","format-standard","has-post-thumbnail","hentry","category-sciences-participatives","tag-phenoclim","tag-phenologie"],"aioseo_notices":[],"amp_enabled":true,"_links":{"self":[{"href":"https:\/\/blog.creamontblanc.org\/index.php?rest_route=\/wp\/v2\/posts\/341","targetHints":{"allow":["GET"]}}],"collection":[{"href":"https:\/\/blog.creamontblanc.org\/index.php?rest_route=\/wp\/v2\/posts"}],"about":[{"href":"https:\/\/blog.creamontblanc.org\/index.php?rest_route=\/wp\/v2\/types\/post"}],"author":[{"embeddable":true,"href":"https:\/\/blog.creamontblanc.org\/index.php?rest_route=\/wp\/v2\/users\/5"}],"replies":[{"embeddable":true,"href":"https:\/\/blog.creamontblanc.org\/index.php?rest_route=%2Fwp%2Fv2%2Fcomments&post=341"}],"version-history":[{"count":6,"href":"https:\/\/blog.creamontblanc.org\/index.php?rest_route=\/wp\/v2\/posts\/341\/revisions"}],"predecessor-version":[{"id":349,"href":"https:\/\/blog.creamontblanc.org\/index.php?rest_route=\/wp\/v2\/posts\/341\/revisions\/349"}],"wp:featuredmedia":[{"embeddable":true,"href":"https:\/\/blog.creamontblanc.org\/index.php?rest_route=\/wp\/v2\/media\/345"}],"wp:attachment":[{"href":"https:\/\/blog.creamontblanc.org\/index.php?rest_route=%2Fwp%2Fv2%2Fmedia&parent=341"}],"wp:term":[{"taxonomy":"category","embeddable":true,"href":"https:\/\/blog.creamontblanc.org\/index.php?rest_route=%2Fwp%2Fv2%2Fcategories&post=341"},{"taxonomy":"post_tag","embeddable":true,"href":"https:\/\/blog.creamontblanc.org\/index.php?rest_route=%2Fwp%2Fv2%2Ftags&post=341"}],"curies":[{"name":"wp","href":"https:\/\/api.w.org\/{rel}","templated":true}]}}