{"id":34,"date":"2016-03-24T17:03:18","date_gmt":"2016-03-24T16:03:18","guid":{"rendered":"http:\/\/blog.creamontblanc.org\/?p=34"},"modified":"2022-11-09T11:33:58","modified_gmt":"2022-11-09T10:33:58","slug":"quel-avenir-pour-nos-montagnes-etat-des-lieux-scientifique-a-grenoble","status":"publish","type":"post","link":"https:\/\/blog.creamontblanc.org?p=34","title":{"rendered":"Quel avenir pour nos montagnes ? \u00c9tat des lieux scientifique \u00e0 Grenoble"},"content":{"rendered":"<p>&nbsp;<\/p>\n<p><strong>Le 8 et 9 mars \u00e9taient r\u00e9unis \u00e0 Grenoble de nombreux chercheurs, venus de toute l\u2019Europe, pour discuter de l\u2019\u00e9volution des recherches en cours autour de la neige, de la glace et de l\u2019eau en montagne. Ces deux jours furent riches en \u00e9changes pour la centaine de personnes pr\u00e9sentes ! Un questionnement \u00e0 l\u2019interface entre \u00e9volution des milieux de montagne et occupation du sol.<\/strong><\/p>\n<figure id=\"attachment_41\" class=\"thumbnail wp-caption alignleft\" style=\"width: 1000px\"><a href=\"http:\/\/blog.creamontblanc.org\/2016\/03\/24\/quel-avenir-pour-nos-montagnes-etat-des-lieux-scientifique-a-grenoble\/shf_201603\/\" rel=\"attachment wp-att-41\"><img loading=\"lazy\" decoding=\"async\" class=\"size-full wp-image-41\" src=\"http:\/\/blog.creamontblanc.org\/wp-content\/uploads\/2016\/03\/SHF_201603.jpg\" alt=\"Pr\u00e9sentation de Florence Magnin, EDYTEM devant une salle tr\u00e8s attentive. Un sujet qui apparait comme une r\u00e9elle interface entre le monde scientifique et le monde touristique : l\u2019impact de la neige sur le d\u00e9gel saisonnier du permafrost sur les parois de l\u2019Aiguille du Midi.\" width=\"1000\" height=\"500\" srcset=\"https:\/\/blog.creamontblanc.org\/wp-content\/uploads\/2016\/03\/SHF_201603.jpg 1000w, https:\/\/blog.creamontblanc.org\/wp-content\/uploads\/2016\/03\/SHF_201603-300x150.jpg 300w, https:\/\/blog.creamontblanc.org\/wp-content\/uploads\/2016\/03\/SHF_201603-768x384.jpg 768w\" sizes=\"auto, (max-width: 1000px) 100vw, 1000px\" \/><\/a><figcaption class=\"caption wp-caption-text\"><em>Pr\u00e9sentation de Florence Magnin, EDYTEM devant une salle tr\u00e8s attentive. Un sujet qui apparait comme une r\u00e9elle interface entre le monde scientifique et le monde touristique : l\u2019impact de la neige sur le d\u00e9gel saisonnier du permafrost sur les parois de l\u2019Aiguille du Midi.<\/em><\/figcaption><\/figure>\n<p><!--more--><\/p>\n<p>Dans un contexte de changement climatique, particuli\u00e8rement visible cet hiver, les sujets de recherche pr\u00e9sent\u00e9s ont abord\u00e9s l\u2019\u00e9tude, le suivi, et la mod\u00e9lisation de ces changements et leur impact sur la cryosph\u00e8re et les activit\u00e9s humaines associ\u00e9es. Quelles tendances d\u2019\u00e9volution des ph\u00e9nom\u00e8nes avalancheux ? Quel impact de la neige sur le d\u00e9gel saisonnier du permafrost en paroi rocheuse. Vers quelles \u00e9volutions des itin\u00e9raires d\u2019alpinisme \u2026 ? Autant de questions qui ont anim\u00e9 les d\u00e9bats de la trentaine de pr\u00e9sentations.<\/p>\n<p><strong>L\u2019apport des chercheurs sur l\u2019\u00e9volution des activit\u00e9s humaines<\/strong><\/p>\n<p>Il est tr\u00e8s important de comprendre ces changements pour adapter les pratiques humaines \u00e0 la montagne. C\u2019est un des points d\u00e9velopp\u00e9s au cours des conf\u00e9rences par Jacques Mourey et Ludovic Ravanel qui travaillent sur l\u2019\u00e9volution des itin\u00e9raires d\u2019acc\u00e8s aux refuges du bassin de la Mer de glace pour les randonneurs et les alpinistes. Devrons-nous continuer \u00e0 construire des m\u00e8tres d\u2019\u00e9chelle pour acc\u00e9der au glacier ? Comment faire face aux chutes de s\u00e9racs et de pierres de plus en plus importantes ? Tant de questions pos\u00e9es au quotidien et auxquelles les chercheurs peuvent apporter leur contribution.<\/p>\n<p><strong>Les satellites au service de la recherche en \u00e9cologie<\/strong><\/p>\n<p>Le d\u00e9veloppement de l\u2019imagerie satellitaire et son utilisation dans le cadre de l\u2019\u00e9tude des milieux de montagne a \u00e9t\u00e9 un des points importants des deux journ\u00e9es de conf\u00e9rence. Les images satellites sont aujourd\u2019hui d\u2019une pr\u00e9cision impressionnante (15m de r\u00e9solution dans certains cas). Les satellites, \u00e9quip\u00e9s de plusieurs capteurs, fournissent des images enregistr\u00e9es gr\u00e2ce \u00e0 plusieurs bandes spectrales diff\u00e9rentes qui permettent de mettre en avant diff\u00e9rents types de donn\u00e9es. Par exemple, pour faire ressortir la v\u00e9g\u00e9tation sur une image satellite, il faudra utiliser la valeur NDVI (normalized difference vegetation index) fournie par les capteurs<\/p>\n<p>Gr\u00e2ce \u00e0 ces \u00e9volutions techniques il est possible de mieux caract\u00e9riser l\u2019influence de la neige et des glaciers sur les \u00e9volutions de la v\u00e9g\u00e9tation, comme l\u2019ont d\u00e9taill\u00e9 Jean-Pierre Dedieu et Bradley Z. Carlson. Il est \u00e9galement possible de mesurer de mani\u00e8re bien plus pr\u00e9cise et bien plus accessible les \u00e9volutions en volume du manteau neigeux \u2026 et cela depuis un bureau (m\u00eame si le travail de terrain garde une place tr\u00e8s importante pour nous autres g\u00e9ographes \u2026 avoir des m\u00e9thodes accessibles et rapides est un gros avantage \u2026).<\/p>\n<p>A gauche : image satellite Landsat 8 en \u00ab vraies couleurs \u00bb<\/p>\n<p>A droite : image satellite Landsat 8 en utilisant le NDVI<\/p>\n<p>Un grand merci au Laboratoire de Glaciologie et de G\u00e9ophysique de l\u2019Environnement ainsi qu\u2019\u00e0 la Soci\u00e9t\u00e9 Hydrotechnique de France pour l\u2019organisation de cette \u00e9dition 2016.<br \/>\nUn \u00e9v\u00e8nement \u00e0 ne pas manquer, \u00e0 l\u2019ann\u00e9e prochaine !<\/p>\n<p>&nbsp;<\/p>\n<p>R\u00e9daction : Simon Gerard<\/p>\n<p>&nbsp;<\/p>\n<hr \/>\n<p><strong>En savoir plus<\/strong><\/p>\n<ul>\n<li>Les Journ\u00e9es Glaciologie-Nivologie-Eau en montagne 2016 sur le site de la <a href=\"http:\/\/www.shf-hydro.org\/207-1-journees_glaciologie_nivologie_eau_en_montagne-16.html?utm_source=sarbacane&amp;utm_medium=email&amp;utm_campaign=Glacio%20Nivo%202016%20-%203\">Soci\u00e9t\u00e9 Hydrologique de France<\/a><\/li>\n<li>Travaux de Jean-Pierre Tudieu &amp; Bradley Z. Carlson : un article est en cours de parution et sera disponible sur <a href=\"http:\/\/www.mdpi.com\/journal\/remotesensing\">Remote Sensing<\/a><\/li>\n<li>Les r\u00e9sultats des recherches sur l\u2019\u00e9volution des paysages sur le massif du Mont-Blanc sur le site de l\u2019<a href=\"http:\/\/www.atlasmontblanc.org\/fr\/modelisations-futures\">Atlas du Mont-Blanc<\/a><\/li>\n<li>Travaux de Florence Magnin sur la <a href=\"https:\/\/geomorphologie.revues.org\/10965\">distribution du permafrost de paroi dans le massif du Mont-Blanc<\/a><\/li>\n<li>Travaux d\u2019Emiliano Cimoli et Marco Marcer : <a href=\"http:\/\/find.artek.byg.dtu.dk\/media\/reports\/2014\/SfM_ArcticTech_s131393_s131594_FINAL_PDF.pdf\">Digital Elevation Model Reconstruction of a Glaciarized Basin Using Land-Based Structure from Motion<\/a><\/li>\n<\/ul>\n","protected":false},"excerpt":{"rendered":"<p>&nbsp; Le 8 et 9 mars \u00e9taient r\u00e9unis \u00e0 Grenoble de nombreux chercheurs, venus de toute l\u2019Europe, pour discuter de l\u2019\u00e9volution des recherches en cours autour de la neige, de la glace et de l\u2019eau en montagne. Ces deux jours &hellip; <a href=\"https:\/\/blog.creamontblanc.org?p=34\">Lire la suite\u00ad\u00ad<\/a><\/p>\n","protected":false},"author":5,"featured_media":41,"comment_status":"open","ping_status":"open","sticky":false,"template":"","format":"standard","meta":{"_monsterinsights_skip_tracking":false,"_monsterinsights_sitenote_active":false,"_monsterinsights_sitenote_note":"","_monsterinsights_sitenote_category":0,"ngg_post_thumbnail":0,"footnotes":""},"categories":[194],"tags":[10,221,94],"class_list":["post-34","post","type-post","status-publish","format-standard","has-post-thumbnail","hentry","category-la-recherche","tag-climat","tag-enneigement","tag-montagne"],"aioseo_notices":[],"amp_enabled":true,"_links":{"self":[{"href":"https:\/\/blog.creamontblanc.org\/index.php?rest_route=\/wp\/v2\/posts\/34","targetHints":{"allow":["GET"]}}],"collection":[{"href":"https:\/\/blog.creamontblanc.org\/index.php?rest_route=\/wp\/v2\/posts"}],"about":[{"href":"https:\/\/blog.creamontblanc.org\/index.php?rest_route=\/wp\/v2\/types\/post"}],"author":[{"embeddable":true,"href":"https:\/\/blog.creamontblanc.org\/index.php?rest_route=\/wp\/v2\/users\/5"}],"replies":[{"embeddable":true,"href":"https:\/\/blog.creamontblanc.org\/index.php?rest_route=%2Fwp%2Fv2%2Fcomments&post=34"}],"version-history":[{"count":10,"href":"https:\/\/blog.creamontblanc.org\/index.php?rest_route=\/wp\/v2\/posts\/34\/revisions"}],"predecessor-version":[{"id":145,"href":"https:\/\/blog.creamontblanc.org\/index.php?rest_route=\/wp\/v2\/posts\/34\/revisions\/145"}],"wp:featuredmedia":[{"embeddable":true,"href":"https:\/\/blog.creamontblanc.org\/index.php?rest_route=\/wp\/v2\/media\/41"}],"wp:attachment":[{"href":"https:\/\/blog.creamontblanc.org\/index.php?rest_route=%2Fwp%2Fv2%2Fmedia&parent=34"}],"wp:term":[{"taxonomy":"category","embeddable":true,"href":"https:\/\/blog.creamontblanc.org\/index.php?rest_route=%2Fwp%2Fv2%2Fcategories&post=34"},{"taxonomy":"post_tag","embeddable":true,"href":"https:\/\/blog.creamontblanc.org\/index.php?rest_route=%2Fwp%2Fv2%2Ftags&post=34"}],"curies":[{"name":"wp","href":"https:\/\/api.w.org\/{rel}","templated":true}]}}