{"id":335,"date":"2016-09-22T14:57:20","date_gmt":"2016-09-22T13:57:20","guid":{"rendered":"http:\/\/blog.creamontblanc.org\/?p=335"},"modified":"2022-11-09T10:31:13","modified_gmt":"2022-11-09T09:31:13","slug":"les-sejours-science-sous-la-loupe-des-sciences-humaines","status":"publish","type":"post","link":"https:\/\/blog.creamontblanc.org?p=335","title":{"rendered":"Les S\u00e9jours Science sous la loupe des sciences humaines"},"content":{"rendered":"<p><strong>Des \u00e9tudiants en 2\u00e8me ann\u00e9e de master \u00e0 l\u2019IAE Savoie Mont-Blanc ont rencontr\u00e9 les \u00e9quipes du CREA Mont-Blanc pour une journ\u00e9e terrain ce vendredi 16 septembre. Dans le cadre d\u2019un partenariat universitaire avec Isabelle Frochot, professeur de Marketing exp\u00e9rientiel, ils m\u00e8nent une \u00e9tude pratique du projet TourScience.<\/strong><!--more--><\/p>\n<figure id=\"attachment_337\" class=\"thumbnail wp-caption aligncenter\" style=\"width: 1000px\"><a href=\"http:\/\/blog.creamontblanc.org\/les-sejours-science-sous-la-loupe-des-sciences-humaines\/sortie_terrain_isabelle_frochot\/\" rel=\"attachment wp-att-337\"><img loading=\"lazy\" decoding=\"async\" class=\"size-full wp-image-337\" src=\"http:\/\/blog.creamontblanc.org\/wp-content\/uploads\/2016\/09\/Sortie_terrain_Isabelle_Frochot.jpg\" alt=\"Sortie de terrain avec les \u00e9tudiants du Master 2 de tourisme de l\u2019IAE Savoie Mont-Blanc, 16 septembre 2016 \" width=\"1000\" height=\"500\" srcset=\"https:\/\/blog.creamontblanc.org\/wp-content\/uploads\/2016\/09\/Sortie_terrain_Isabelle_Frochot.jpg 1000w, https:\/\/blog.creamontblanc.org\/wp-content\/uploads\/2016\/09\/Sortie_terrain_Isabelle_Frochot-300x150.jpg 300w, https:\/\/blog.creamontblanc.org\/wp-content\/uploads\/2016\/09\/Sortie_terrain_Isabelle_Frochot-768x384.jpg 768w\" sizes=\"auto, (max-width: 1000px) 100vw, 1000px\" \/><\/a><figcaption class=\"caption wp-caption-text\"><em>Sortie de terrain avec les \u00e9tudiants du Master 2 de tourisme de l\u2019IAE Savoie Mont-Blanc, 16 septembre 2016<\/em><\/figcaption><\/figure>\n<p>22 \u00e9tudiants du Master de tourisme de l\u2019IAE Savoie Mont-Blanc et leur enseignante Isabelle Frochot, professeur de Marketing exp\u00e9rientiel, travaillent ce semestre en partenariat avec le CREA Mont-Blanc. Pendant un mois, ils appliqueront leurs apprentissages th\u00e9oriques en gestion et management aux S\u00e9jours Sciences (\u00e9covolontariat scientifique). Les \u00e9tudiants s\u2019int\u00e9ressent particuli\u00e8rement au potentiel de m\u00e9diation des s\u00e9jours et \u00e0 la transmission des savoirs et de la d\u00e9marche scientifique. En groupes de trois, ils vont tenter d\u2019\u00e9valuer l\u2019impact p\u00e9dagogique des s\u00e9jours sur les participants.<\/p>\n<p><strong>Une journ\u00e9e riche en \u00e9changes<\/strong><\/p>\n<p>Apr\u00e8s une premi\u00e8re rencontre \u00e0 Chamb\u00e9ry en d\u00e9but de semaine, le groupe a \u00e9t\u00e9 accueilli \u00e0 Chamonix pour une journ\u00e9e de pr\u00e9sentation des s\u00e9jours en immersion sur le terrain. Au programme, une journ\u00e9e de simulation des s\u00e9jours d\u2019\u00e9covolontariat en trois parties : introduction des objectifs du programme avec Anne Delestrade \u00e0 l\u2019Observatoire du Mont-Blanc, pr\u00e9sentation des axes de recherches du CREA Mont-Blanc avec Marie Pachoud au Col des Montets et d\u00e9couverte des protocoles r\u00e9alis\u00e9s par les volontaires avec Marjorie Bison \u00e0 Vallorcine.<\/p>\n<p>Malgr\u00e9 une m\u00e9t\u00e9o capricieuse, les \u00e9tudiants se sont montr\u00e9s motiv\u00e9s et r\u00e9ceptifs aux \u00e9changes avec les membres de l\u2019\u00e9quipe. Cette journ\u00e9e, riche en d\u00e9couverte, leur a offert une vue d\u2019ensemble du projet d\u2019\u00e9covolontariat scientifique men\u00e9 au CREA Mont-Blanc. La restitution finale de leurs travaux se d\u00e9roulera dans les locaux de l\u2019universit\u00e9 \u00e0 Chamb\u00e9ry le 20 Octobre 2016.<\/p>\n<p><strong>Un projet labellis\u00e9 \u00ab projet p\u00e9dagogique innovant \u00bb par le Labex Item<\/strong><\/p>\n<p>Le projet d\u2019Isabelle Frochot, men\u00e9 en partenariat entre le CREA Mont-Blanc et l\u2019IAE Savoie Mont-Blanc, a \u00e9t\u00e9 retenu dans le cadre de l\u2019appel \u00e0 projets p\u00e9dagogiques innovants du LabEx ITEM lanc\u00e9 au printemps dernier. Le label, destin\u00e9 aux formations en sciences humaines et sociales, vise \u00e0 favoriser les initiatives p\u00e9dagogiques pour cr\u00e9er un p\u00f4le de comp\u00e9tences \u00ab innovation en montagne \u00bb.<\/p>\n<p>&nbsp;<\/p>\n<p>R\u00e9daction : Bruno Cubizolle<\/p>\n<hr>\n<p>&nbsp;<\/p>\n<p><strong>En savoir plus<\/strong><\/p>\n<p>Les pages <a href=\"http:\/\/www.creamontblanc.org\/fr\/notre-approche\" target=\"_blank\" rel=\"noopener\">Notre approche<\/a> de l\u2019\u00e9covolontariat scientifique et <a href=\"http:\/\/www.creamontblanc.org\/fr\/sejours-sciences\/sejours\" target=\"_blank\" rel=\"noopener\">Tourscience<\/a> sur le site du CREA Mont-Blanc<\/p>\n<p>L\u2019article <a href=\"http:\/\/www.iae.univ-smb.fr\/actualites-de-l-iae\/135-le-labex-item-selectionne-le-projet-innovant-d-isabelle-frochot.html\" target=\"_blank\" rel=\"noopener\">Le labex selectionne le projet innovant d\u2019Isabelle Frochot<\/a> sur le site de l\u2019<a href=\"http:\/\/www.iae.univ-smb.fr\" target=\"_blank\" rel=\"noopener\">IAE Savoie Mont-Blanc<\/a><\/p>\n<p>La pr\u00e9sentation du projet <a href=\"http:\/\/www.labexitem.fr\/projet\/approche-experientielle-du-tourisme-scientifique-pilotage-de-lexperience-touristique-et\" target=\"_blank\" rel=\"noopener\">Approche exp\u00e9rientielle du tourisme scientifique &#8211; pilotage de l\u2019exp\u00e9rience touristique et Service design<\/a> sur le site du Labex Iten (investissement d\u2019avenir)<\/p>\n","protected":false},"excerpt":{"rendered":"<p>Des \u00e9tudiants en 2\u00e8me ann\u00e9e de master \u00e0 l\u2019IAE Savoie Mont-Blanc ont rencontr\u00e9 les \u00e9quipes du CREA Mont-Blanc pour une journ\u00e9e terrain ce vendredi 16 septembre. Dans le cadre d\u2019un partenariat universitaire avec Isabelle Frochot, professeur de Marketing exp\u00e9rientiel, ils &hellip; <a href=\"https:\/\/blog.creamontblanc.org?p=335\">Lire la suite\u00ad\u00ad<\/a><\/p>\n","protected":false},"author":5,"featured_media":337,"comment_status":"open","ping_status":"open","sticky":false,"template":"","format":"standard","meta":{"_monsterinsights_skip_tracking":false,"_monsterinsights_sitenote_active":false,"_monsterinsights_sitenote_note":"","_monsterinsights_sitenote_category":0,"ngg_post_thumbnail":0,"footnotes":""},"categories":[5],"tags":[185,12],"class_list":["post-335","post","type-post","status-publish","format-standard","has-post-thumbnail","hentry","category-vie-association","tag-etudiants","tag-rencontre"],"aioseo_notices":[],"amp_enabled":true,"_links":{"self":[{"href":"https:\/\/blog.creamontblanc.org\/index.php?rest_route=\/wp\/v2\/posts\/335","targetHints":{"allow":["GET"]}}],"collection":[{"href":"https:\/\/blog.creamontblanc.org\/index.php?rest_route=\/wp\/v2\/posts"}],"about":[{"href":"https:\/\/blog.creamontblanc.org\/index.php?rest_route=\/wp\/v2\/types\/post"}],"author":[{"embeddable":true,"href":"https:\/\/blog.creamontblanc.org\/index.php?rest_route=\/wp\/v2\/users\/5"}],"replies":[{"embeddable":true,"href":"https:\/\/blog.creamontblanc.org\/index.php?rest_route=%2Fwp%2Fv2%2Fcomments&post=335"}],"version-history":[{"count":5,"href":"https:\/\/blog.creamontblanc.org\/index.php?rest_route=\/wp\/v2\/posts\/335\/revisions"}],"predecessor-version":[{"id":807,"href":"https:\/\/blog.creamontblanc.org\/index.php?rest_route=\/wp\/v2\/posts\/335\/revisions\/807"}],"wp:featuredmedia":[{"embeddable":true,"href":"https:\/\/blog.creamontblanc.org\/index.php?rest_route=\/wp\/v2\/media\/337"}],"wp:attachment":[{"href":"https:\/\/blog.creamontblanc.org\/index.php?rest_route=%2Fwp%2Fv2%2Fmedia&parent=335"}],"wp:term":[{"taxonomy":"category","embeddable":true,"href":"https:\/\/blog.creamontblanc.org\/index.php?rest_route=%2Fwp%2Fv2%2Fcategories&post=335"},{"taxonomy":"post_tag","embeddable":true,"href":"https:\/\/blog.creamontblanc.org\/index.php?rest_route=%2Fwp%2Fv2%2Ftags&post=335"}],"curies":[{"name":"wp","href":"https:\/\/api.w.org\/{rel}","templated":true}]}}