{"id":3305,"date":"2021-09-15T11:01:54","date_gmt":"2021-09-15T10:01:54","guid":{"rendered":"https:\/\/blog.creamontblanc.org?p=3305"},"modified":"2022-11-08T10:14:11","modified_gmt":"2022-11-08T09:14:11","slug":"phenoclim-a-la-recherche-de-nouveaux-observateurs","status":"publish","type":"post","link":"https:\/\/blog.creamontblanc.org?p=3305","title":{"rendered":"Ph\u00e9noclim \u00e0 la recherche de nouveaux observateurs"},"content":{"rendered":"\n<p><strong>Beaucoup de participants de Ph\u00e9noclim nous posent la question&nbsp;: puisque le programme que nous animons rassemble des observateurs dans tous les massifs de France m\u00e9tropolitaine et des pays limitrophes, pourquoi les r\u00e9sultats scientifiques ne concernent que les Alpes et les Pyr\u00e9n\u00e9es&nbsp;?<\/strong><\/p>\n\n\n\n<figure class=\"wp-block-image size-large\"><img loading=\"lazy\" decoding=\"async\" width=\"1000\" height=\"563\" src=\"https:\/\/blog.creamontblanc.org\/wp-content\/uploads\/2021\/09\/2011_05_24_anim_grenouilles_ecole_cham_centre_recadre-1000x563.jpg\" alt=\"\" class=\"wp-image-3306\" srcset=\"https:\/\/blog.creamontblanc.org\/wp-content\/uploads\/2021\/09\/2011_05_24_anim_grenouilles_ecole_cham_centre_recadre-1000x563.jpg 1000w, https:\/\/blog.creamontblanc.org\/wp-content\/uploads\/2021\/09\/2011_05_24_anim_grenouilles_ecole_cham_centre_recadre-300x169.jpg 300w, https:\/\/blog.creamontblanc.org\/wp-content\/uploads\/2021\/09\/2011_05_24_anim_grenouilles_ecole_cham_centre_recadre-768x432.jpg 768w, https:\/\/blog.creamontblanc.org\/wp-content\/uploads\/2021\/09\/2011_05_24_anim_grenouilles_ecole_cham_centre_recadre-1536x864.jpg 1536w, https:\/\/blog.creamontblanc.org\/wp-content\/uploads\/2021\/09\/2011_05_24_anim_grenouilles_ecole_cham_centre_recadre.jpg 2048w\" sizes=\"auto, (max-width: 1000px) 100vw, 1000px\" \/><\/figure>\n\n\n\n<h3 class=\"wp-block-heading\">Un nombre de donn\u00e9es insuffisant<\/h3>\n\n\n\n<p>La raison d\u2019\u00eatre de Ph\u00e9noclim est de comprendre les effets du changement climatique sur la flore de montagne, et notamment en observant son rythme de vie. Chaque ann\u00e9e, un nouveau cycle recommence et il faut des ann\u00e9es d\u2019observation avant de pouvoir interpr\u00e9ter les tendances qui se d\u00e9gagent. Car les ann\u00e9es se suivent et ne se ressemblent pas forc\u00e9ment.<\/p>\n\n\n\n<p>Ce printemps 2021 en a \u00e9t\u00e9 un bel exemple pour les participants de Ph\u00e9noclim. En effet, comme nous l\u2019\u00e9crivions il y a quelques semaines dans un pr\u00e9c\u00e9dent article, bon nombre d\u2019arbres <a href=\"https:\/\/blog.creamontblanc.org\/?p=3235\" target=\"_blank\" rel=\"noreferrer noopener\">n\u2019ont pas donn\u00e9 de fleurs.<\/a> Beaucoup de questions nous ont \u00e9t\u00e9 pos\u00e9es sur les raisons de cette absence de floraison. Des \u00e9pisodes de gel tardif \u00e0 la m\u00e9t\u00e9o capricieuse, les hypoth\u00e8ses \u00e9voqu\u00e9es par les participants de Ph\u00e9noclim pour expliquer ce ph\u00e9nom\u00e8ne ont \u00e9t\u00e9 nombreuses. Afin de faire la part des choses et de mieux comprendre la ph\u00e9nologie de certaines esp\u00e8ces, il faut multiplier les observations dans le temps.<\/p>\n\n\n\n<p>C\u2019est pr\u00e9cis\u00e9ment ce pourquoi nous ne publions pour le moment que des r\u00e9sultats concernant les Alpes et les Pyr\u00e9n\u00e9es. Ces deux massifs regroupent suffisamment d\u2019observateurs depuis suffisamment de temps pour que les r\u00e9sultats scientifiques soient pertinents \u00e0 interpr\u00e9ter et que nous vous les partagions lors des bilans saisonniers. De plus, pour pouvoir r\u00e9ellement comparer des donn\u00e9es, il faut suivre les esp\u00e8ces de fa\u00e7on continue dans le temps. Comparer la floraison des \u00e9pic\u00e9as en 2020 avec la floraison des h\u00eatres en 2021 ne servirait pas \u00e0 grand-chose.<\/p>\n\n\n\n<p>Sur des massifs comme la Corse ou les Vosges, dans lesquels Ph\u00e9noclim vient \u00e0 peine de s\u2019implanter, publier des r\u00e9sultats scientifiques est d\u00e9licat, car les donn\u00e9es r\u00e9colt\u00e9es ne sont pour le moment pas assez nombreuses et le suivi des esp\u00e8ces n\u2019est pas encore suffisamment r\u00e9gulier.<\/p>\n\n\n\n<h3 class=\"wp-block-heading\">\u00c9cologues recherchent observateurs<\/h3>\n\n\n\n<p>C\u2019est \u00e0 ce moment que nos fantastiques b\u00e9n\u00e9voles entrent en sc\u00e8ne&nbsp;! Ce printemps, ce ne sont pas moins de 3000 observations qui ont \u00e9t\u00e9 r\u00e9alis\u00e9es sur 280 sites r\u00e9partis dans la totalit\u00e9 des massifs de montagne de France et dans les pays limitrophes&nbsp;! Ce r\u00e9seau d\u2019observation solide est la cl\u00e9 de la r\u00e9ussite de Ph\u00e9noclim et il est tr\u00e8s important pour nous de continuer \u00e0 le d\u00e9velopper. C\u2019est aussi ce qui fait la force d\u2019un tel programme de sciences participatives&nbsp;: chaque observateur compte et contribue directement aux \u00e9tudes scientifiques.<\/p>\n\n\n\n<p>Comme chaque ann\u00e9e, Ph\u00e9noclim remet le couvert cet automne pour observer la s\u00e9nescence des arbres. Cette information est tout aussi importante que le d\u00e9bourrement ou la feuillaison car elle renseigne sur le rythme de vie de la flore. Le raccourcissement de la dur\u00e9e du jour est d\u00e9terminant dans cette entr\u00e9e en l\u00e9thargie, mais les param\u00e8tres climatiques (et donc le changement climatique) influencent aussi les dates de s\u00e9nescence. De plus, l\u2019automne est bien moins compris que le printemps car les \u00e9tudes qui se penchent sur cette saison sont beaucoup moins nombreuses. Une raison de plus, s\u2019il en fallait, de rejoindre le r\u00e9seau d\u2019observateurs de Ph\u00e9noclim !<\/p>\n\n\n\n<p>En attendant le bilan scientifique de cet automne, vous pouvez retrouver le bilan de ce printemps 2021 sur le site de Ph\u00e9noclim.<\/p>\n\n\n\n<h3 class=\"wp-block-heading\">Une nouvelle plateforme d\u2019observation<\/h3>\n\n\n\n<p>Afin d\u2019\u00eatre toujours plus accessible, Ph\u00e9noclim fait peau neuve cet automne avec une nouvelle plateforme en ligne. M\u00eame adresse web, m\u00eame base de donn\u00e9es, mais un nouveau design et de nouvelles ressources !<\/p>\n","protected":false},"excerpt":{"rendered":"<p>Beaucoup de participants de Ph\u00e9noclim nous posent la question&nbsp;: puisque le programme que nous animons rassemble des observateurs dans tous les massifs de France m\u00e9tropolitaine et des pays limitrophes, pourquoi les r\u00e9sultats scientifiques ne concernent que les Alpes et les &hellip; <a href=\"https:\/\/blog.creamontblanc.org?p=3305\">Lire la suite\u00ad\u00ad<\/a><\/p>\n","protected":false},"author":17,"featured_media":3306,"comment_status":"open","ping_status":"open","sticky":false,"template":"","format":"standard","meta":{"_monsterinsights_skip_tracking":false,"_monsterinsights_sitenote_active":false,"_monsterinsights_sitenote_note":"","_monsterinsights_sitenote_category":0,"ngg_post_thumbnail":0,"footnotes":""},"categories":[31],"tags":[46],"class_list":["post-3305","post","type-post","status-publish","format-standard","has-post-thumbnail","hentry","category-sciences-participatives","tag-phenoclim"],"aioseo_notices":[],"amp_enabled":true,"_links":{"self":[{"href":"https:\/\/blog.creamontblanc.org\/index.php?rest_route=\/wp\/v2\/posts\/3305","targetHints":{"allow":["GET"]}}],"collection":[{"href":"https:\/\/blog.creamontblanc.org\/index.php?rest_route=\/wp\/v2\/posts"}],"about":[{"href":"https:\/\/blog.creamontblanc.org\/index.php?rest_route=\/wp\/v2\/types\/post"}],"author":[{"embeddable":true,"href":"https:\/\/blog.creamontblanc.org\/index.php?rest_route=\/wp\/v2\/users\/17"}],"replies":[{"embeddable":true,"href":"https:\/\/blog.creamontblanc.org\/index.php?rest_route=%2Fwp%2Fv2%2Fcomments&post=3305"}],"version-history":[{"count":4,"href":"https:\/\/blog.creamontblanc.org\/index.php?rest_route=\/wp\/v2\/posts\/3305\/revisions"}],"predecessor-version":[{"id":3315,"href":"https:\/\/blog.creamontblanc.org\/index.php?rest_route=\/wp\/v2\/posts\/3305\/revisions\/3315"}],"wp:featuredmedia":[{"embeddable":true,"href":"https:\/\/blog.creamontblanc.org\/index.php?rest_route=\/wp\/v2\/media\/3306"}],"wp:attachment":[{"href":"https:\/\/blog.creamontblanc.org\/index.php?rest_route=%2Fwp%2Fv2%2Fmedia&parent=3305"}],"wp:term":[{"taxonomy":"category","embeddable":true,"href":"https:\/\/blog.creamontblanc.org\/index.php?rest_route=%2Fwp%2Fv2%2Fcategories&post=3305"},{"taxonomy":"post_tag","embeddable":true,"href":"https:\/\/blog.creamontblanc.org\/index.php?rest_route=%2Fwp%2Fv2%2Ftags&post=3305"}],"curies":[{"name":"wp","href":"https:\/\/api.w.org\/{rel}","templated":true}]}}