{"id":3291,"date":"2021-09-07T16:31:47","date_gmt":"2021-09-07T15:31:47","guid":{"rendered":"https:\/\/blog.creamontblanc.org?p=3291"},"modified":"2022-11-08T10:28:15","modified_gmt":"2022-11-08T09:28:15","slug":"ce-que-nos-recherches-doivent-aux-benevoles","status":"publish","type":"post","link":"https:\/\/blog.creamontblanc.org?p=3291","title":{"rendered":"Ce que nos recherches doivent aux b\u00e9n\u00e9voles"},"content":{"rendered":"\n<p><strong>Sans eux, rien ne serait possible au CREA Mont-Blanc\u00a0! Eux\u00a0? Ce sont les b\u00e9n\u00e9voles de terrain qui tout au long de l\u2019ann\u00e9e s\u2019impliquent \u00e0 nos c\u00f4t\u00e9s pour suivre les esp\u00e8ces animales et v\u00e9g\u00e9tales du massif. Une mission exigeante et passionnante, pour laquelle nous cherchons toujours de nouveaux volontaires.<\/strong><\/p>\n\n\n\n<figure class=\"wp-block-image size-large\"><img loading=\"lazy\" decoding=\"async\" width=\"1000\" height=\"563\" src=\"https:\/\/blog.creamontblanc.org\/wp-content\/uploads\/2021\/09\/PHOTO_1_BENEVOLE_20200818_TerrainPlanAiguille_IBoulangeat4cCREA-1-1000x563.jpg\" alt=\"\" class=\"wp-image-3292\" srcset=\"https:\/\/blog.creamontblanc.org\/wp-content\/uploads\/2021\/09\/PHOTO_1_BENEVOLE_20200818_TerrainPlanAiguille_IBoulangeat4cCREA-1-1000x563.jpg 1000w, https:\/\/blog.creamontblanc.org\/wp-content\/uploads\/2021\/09\/PHOTO_1_BENEVOLE_20200818_TerrainPlanAiguille_IBoulangeat4cCREA-1-300x169.jpg 300w, https:\/\/blog.creamontblanc.org\/wp-content\/uploads\/2021\/09\/PHOTO_1_BENEVOLE_20200818_TerrainPlanAiguille_IBoulangeat4cCREA-1-768x432.jpg 768w, https:\/\/blog.creamontblanc.org\/wp-content\/uploads\/2021\/09\/PHOTO_1_BENEVOLE_20200818_TerrainPlanAiguille_IBoulangeat4cCREA-1-1536x864.jpg 1536w, https:\/\/blog.creamontblanc.org\/wp-content\/uploads\/2021\/09\/PHOTO_1_BENEVOLE_20200818_TerrainPlanAiguille_IBoulangeat4cCREA-1-scaled.jpg 2048w\" sizes=\"auto, (max-width: 1000px) 100vw, 1000px\" \/><figcaption>Test de protocole au Plan de l\u2019Aiguille \u00a9 Isabelle Boulangeat<\/figcaption><\/figure>\n\n\n\n<p>Ils s\u2019appellent Simone, Antoine, Pascal, Alison, C\u00e9cile, Sandrine, Jo\u00eblle, Danielle, Jacques, Stijn, Ren\u00e9 et Oph\u00e9lie. Au printemps, dans le cadre de Ph\u00e9noclim, ils se sont relay\u00e9s toutes les semaines sur le terrain pour participer aux diff\u00e9rents protocoles d\u2019observation.&nbsp;<\/p>\n\n\n\n<p>En fonction de l\u2019esp\u00e8ce suivie, leur r\u00f4le varie\u00a0: pour les m\u00e9sanges noires, esp\u00e8ce prot\u00e9g\u00e9e pour laquelle les manipulations sont soumises \u00e0 autorisation, les b\u00e9n\u00e9voles sont des assistants de terrain qui participent \u00e0 l\u2019entretien de la centaine de nichoirs \u00e0 la maintenance du mat\u00e9riel, et qui accompagnent nos chercheurs pour contr\u00f4ler les nids et suivre la reproduction\u00a0: nombre d\u2019\u0153ufs, dates de ponte et d\u2019\u00e9closion, jusqu\u2019\u00e0 l\u2019envol des poussins. Dans le cas des grenouilles rousses, ils assurent en autonomie le suivi saisonnier des mares d\u2019altitude. Ce qui demande un vrai engagement, vu le rythme hebdomadaire des suivis et l\u2019altitude de certains sites d\u2019observation. \u00ab\u00a0Certains d\u2019entre eux nous aident depuis des ann\u00e9es, explique Anne Delestrade, directrice du CREA Mont-Blanc. Ce sont la plupart du temps des personnes tr\u00e8s motiv\u00e9es qui r\u00e9alisent leurs t\u00e2ches avec un grand s\u00e9rieux et qui contribuent pleinement \u00e0 nos recherches.\u00a0\u00bb<\/p>\n\n\n\n<h3 class=\"wp-block-heading\">Des motivations diverses<\/h3>\n\n\n\n<p>Cette participation \u00e0 un programme scientifique est d\u2019ailleurs une des principales motivations des b\u00e9n\u00e9voles, avec le fait de partager leur passion de la montagne et le souhait de mieux la conna\u00eetre. Interrog\u00e9s sur ce que leur a apport\u00e9 cette exp\u00e9rience, beaucoup insistent sur le plaisir de la d\u00e9couverte. Ainsi Antoine&nbsp;: \u00ab&nbsp;Tr\u00e8s sympathique mission dans un environnement exceptionnel de l\u2019alpage de la Loriaz et dans ce milieu montagnard qui m\u2019\u00e9merveille toujours. Observer le d\u00e9veloppement des grenouilles rousses \u00e0 2000 m depuis la ponte au milieu des n\u00e9v\u00e9s jusqu\u2019aux grenouillettes avec l\u2019explosion de la flore alpine est passionnant.&nbsp;\u00bb&nbsp;<\/p>\n\n\n\n<p>D\u2019autres appr\u00e9cient la richesse des \u00e9changes\u00a0: \u00ab\u00a0Visite des nichoirs, am\u00e9lioration des nichoirs ab\u00eem\u00e9s par les intemp\u00e9ries et le temps, acquisition scientifique sur les m\u00e9sanges et leur vie, \u00e9changes avec Brad et ses coll\u00e8gues sur la v\u00e9g\u00e9tation d\u2019altitude, engagement de Chlo\u00e9 dans le projet\u2026 Tout est int\u00e9ressant et motivant et participe \u00e0 la sauvegarde de ce magnifique patrimoine naturel.\u00a0\u00bb Et cela donne une autre vision de la montagne, explique un autre\u00a0: \u00ab\u00a0Cela me fait regarder de plus pr\u00e8s la nature qui m\u2019entoure, appr\u00e9ciant les petits changements dans les plantes et la faune.\u00a0\u00bb<\/p>\n\n\n\n<figure class=\"wp-block-image size-large\"><img loading=\"lazy\" decoding=\"async\" width=\"1000\" height=\"563\" src=\"https:\/\/blog.creamontblanc.org\/wp-content\/uploads\/2021\/09\/PHOTO_2_-BENEVOLES-_Suivi_mare_CREAMontBlanc_IAlvarez-1000x563.jpg\" alt=\"\" class=\"wp-image-3294\" srcset=\"https:\/\/blog.creamontblanc.org\/wp-content\/uploads\/2021\/09\/PHOTO_2_-BENEVOLES-_Suivi_mare_CREAMontBlanc_IAlvarez-1000x563.jpg 1000w, https:\/\/blog.creamontblanc.org\/wp-content\/uploads\/2021\/09\/PHOTO_2_-BENEVOLES-_Suivi_mare_CREAMontBlanc_IAlvarez-300x169.jpg 300w, https:\/\/blog.creamontblanc.org\/wp-content\/uploads\/2021\/09\/PHOTO_2_-BENEVOLES-_Suivi_mare_CREAMontBlanc_IAlvarez-768x432.jpg 768w, https:\/\/blog.creamontblanc.org\/wp-content\/uploads\/2021\/09\/PHOTO_2_-BENEVOLES-_Suivi_mare_CREAMontBlanc_IAlvarez-1536x864.jpg 1536w, https:\/\/blog.creamontblanc.org\/wp-content\/uploads\/2021\/09\/PHOTO_2_-BENEVOLES-_Suivi_mare_CREAMontBlanc_IAlvarez-scaled.jpg 2048w\" sizes=\"auto, (max-width: 1000px) 100vw, 1000px\" \/><figcaption>La mesure des mares et suivi de grenouilles \u00e0 Loriaz \u00a9 Irene Alvarez\u00a0\u00a0<\/figcaption><\/figure>\n\n\n\n<h3 class=\"wp-block-heading\">Chasse au tr\u00e9sor<\/h3>\n\n\n\n<p>Autre programme men\u00e9 dans le cadre du projet CLIMB+, le suivi du li\u00e8vre variable a mobilis\u00e9 3 b\u00e9n\u00e9voles l\u2019hiver dernier. L\u2019approche est un peu diff\u00e9rente puisqu\u2019il faut suivre des traces dans la neige \u00e0 la recherche de crottes afin de quantifier la pr\u00e9sence de cette esp\u00e8ce dans le massif. B\u00e9n\u00e9vole de longue date et sur de multiples projets, Simone a particip\u00e9 \u00e0 deux exp\u00e9ditions\u00a0: \u00ab\u00a0La premi\u00e8re fois, Anne m\u2019a expliqu\u00e9 la m\u00e9thode, et ensuite c\u2019\u00e9tait comme un jeu de piste. Cela m\u2019a beaucoup plu, les traces sont tr\u00e8s sp\u00e9cifiques, on ne peut pas confondre, j\u2019en ai trouv\u00e9 beaucoup. J\u2019apprends \u00e9norm\u00e9ment en travaillant avec le CREA Mont-Blanc, et cela me sert dans mon m\u00e9tier de naturaliste. Je fais tout le temps des choses nouvelles et \u00e9tonnantes avec eux, c\u2019est tr\u00e8s int\u00e9ressant\u00a0!\u00a0\u00bb\u00a0<\/p>\n\n\n\n<figure class=\"wp-block-image size-large\"><img loading=\"lazy\" decoding=\"async\" width=\"1000\" height=\"750\" src=\"https:\/\/blog.creamontblanc.org\/wp-content\/uploads\/2021\/09\/PHOTO_3_BENEVOLES-1000x750.jpeg\" alt=\"\" class=\"wp-image-3296\" srcset=\"https:\/\/blog.creamontblanc.org\/wp-content\/uploads\/2021\/09\/PHOTO_3_BENEVOLES-1000x750.jpeg 1000w, https:\/\/blog.creamontblanc.org\/wp-content\/uploads\/2021\/09\/PHOTO_3_BENEVOLES-300x225.jpeg 300w, https:\/\/blog.creamontblanc.org\/wp-content\/uploads\/2021\/09\/PHOTO_3_BENEVOLES-768x576.jpeg 768w, https:\/\/blog.creamontblanc.org\/wp-content\/uploads\/2021\/09\/PHOTO_3_BENEVOLES-1536x1152.jpeg 1536w, https:\/\/blog.creamontblanc.org\/wp-content\/uploads\/2021\/09\/PHOTO_3_BENEVOLES.jpeg 2000w\" sizes=\"auto, (max-width: 1000px) 100vw, 1000px\" \/><figcaption>Le suivi de la placette My Garden of Trees \u00e0 l&rsquo;Observatoire du Mont-Blanc<\/figcaption><\/figure>\n\n\n\n<h3 class=\"wp-block-heading\">Partenariat scientifique<\/h3>\n\n\n\n<p>Dernier programme en date, Simone participe au projet My Garden of Trees, une exp\u00e9rimentation men\u00e9e en partenariat avec l\u2019institut f\u00e9d\u00e9ral de recherche suisse WSL. L\u2019objectif est d\u2019\u00e9valuer l\u2019adaptation locale des for\u00eats au changement climatique, en transplantant sur 6 sites pilotes, parmi lesquels le jardin du CREA Mont-Blanc, des graines de h\u00eatre et de sapin blanc originaires des quatre coins de l\u2019Europe. \u00ab&nbsp;Il s\u2019agit de tester un protocole de recherche, en vue d\u2019un d\u00e9ploiement \u00e0 plus large \u00e9chelle en 2022. Nous avons plant\u00e9 les graines dans des rectangles avec des conditions diff\u00e9rentes, et le travail consiste \u00e0 observer la mani\u00e8re dont les arbres poussent\u2026 ou ne poussent pas. Pour cela nous avons sollicit\u00e9 deux de nos b\u00e9n\u00e9voles les plus anciennes, Jo\u00eblle et Simone, qui assurent un suivi hebdomadaire, pr\u00e9cise Colin Van Reeth, responsable science participative. Leur expertise est aussi tr\u00e8s pr\u00e9cieuse.&nbsp;\u00bb<\/p>\n\n\n\n<p>Ces quelques exemples illustrent la mani\u00e8re dont les citoyens peuvent s\u2019impliquer sur le terrain pour nous aider \u00e0 comprendre les \u00e9volutions dans le massif du Mont-Blanc. \u00ab\u00a0De nouveaux projets sont pr\u00e9vus, sur l\u2019\u00e9tude du lagop\u00e8de ou sur les mesures de v\u00e9g\u00e9tation dans les landes, pour lesquels nous ferons appel aux bonnes volont\u00e9s. C\u2019est une d\u00e9marche que nous souhaitons accentuer en f\u00e9d\u00e9rant un noyau de b\u00e9n\u00e9voles autour de nous\u00a0\u00bb, conclut Anne.\u00a0<\/p>\n","protected":false},"excerpt":{"rendered":"<p>Sans eux, rien ne serait possible au CREA Mont-Blanc\u00a0! Eux\u00a0? Ce sont les b\u00e9n\u00e9voles de terrain qui tout au long de l\u2019ann\u00e9e s\u2019impliquent \u00e0 nos c\u00f4t\u00e9s pour suivre les esp\u00e8ces animales et v\u00e9g\u00e9tales du massif. Une mission exigeante et passionnante, &hellip; <a href=\"https:\/\/blog.creamontblanc.org?p=3291\">Lire la suite\u00ad\u00ad<\/a><\/p>\n","protected":false},"author":6,"featured_media":3292,"comment_status":"open","ping_status":"open","sticky":false,"template":"","format":"standard","meta":{"_monsterinsights_skip_tracking":false,"_monsterinsights_sitenote_active":false,"_monsterinsights_sitenote_note":"","_monsterinsights_sitenote_category":0,"ngg_post_thumbnail":0,"footnotes":""},"categories":[5],"tags":[44],"class_list":["post-3291","post","type-post","status-publish","format-standard","has-post-thumbnail","hentry","category-vie-association","tag-benevolat"],"aioseo_notices":[],"amp_enabled":true,"_links":{"self":[{"href":"https:\/\/blog.creamontblanc.org\/index.php?rest_route=\/wp\/v2\/posts\/3291","targetHints":{"allow":["GET"]}}],"collection":[{"href":"https:\/\/blog.creamontblanc.org\/index.php?rest_route=\/wp\/v2\/posts"}],"about":[{"href":"https:\/\/blog.creamontblanc.org\/index.php?rest_route=\/wp\/v2\/types\/post"}],"author":[{"embeddable":true,"href":"https:\/\/blog.creamontblanc.org\/index.php?rest_route=\/wp\/v2\/users\/6"}],"replies":[{"embeddable":true,"href":"https:\/\/blog.creamontblanc.org\/index.php?rest_route=%2Fwp%2Fv2%2Fcomments&post=3291"}],"version-history":[{"count":1,"href":"https:\/\/blog.creamontblanc.org\/index.php?rest_route=\/wp\/v2\/posts\/3291\/revisions"}],"predecessor-version":[{"id":3300,"href":"https:\/\/blog.creamontblanc.org\/index.php?rest_route=\/wp\/v2\/posts\/3291\/revisions\/3300"}],"wp:featuredmedia":[{"embeddable":true,"href":"https:\/\/blog.creamontblanc.org\/index.php?rest_route=\/wp\/v2\/media\/3292"}],"wp:attachment":[{"href":"https:\/\/blog.creamontblanc.org\/index.php?rest_route=%2Fwp%2Fv2%2Fmedia&parent=3291"}],"wp:term":[{"taxonomy":"category","embeddable":true,"href":"https:\/\/blog.creamontblanc.org\/index.php?rest_route=%2Fwp%2Fv2%2Fcategories&post=3291"},{"taxonomy":"post_tag","embeddable":true,"href":"https:\/\/blog.creamontblanc.org\/index.php?rest_route=%2Fwp%2Fv2%2Ftags&post=3291"}],"curies":[{"name":"wp","href":"https:\/\/api.w.org\/{rel}","templated":true}]}}