{"id":3272,"date":"2021-09-07T16:16:22","date_gmt":"2021-09-07T15:16:22","guid":{"rendered":"https:\/\/blog.creamontblanc.org?p=3272"},"modified":"2022-11-08T10:31:16","modified_gmt":"2022-11-08T09:31:16","slug":"comment-nous-prenons-la-temperature-du-massif","status":"publish","type":"post","link":"https:\/\/blog.creamontblanc.org?p=3272","title":{"rendered":"Comment nous prenons la temp\u00e9rature du massif"},"content":{"rendered":"\n<p><strong>Le r\u00e9seau de stations de temp\u00e9ratures d\u00e9ploy\u00e9es dans les Alpes depuis 2006 fait partie des dispositifs historiques du CREA Mont-Blanc. Apr\u00e8s 15 ans de bons et loyaux services, nous avons \u00e9valu\u00e9 ce syst\u00e8me pour r\u00e9fl\u00e9chir \u00e0 son \u00e9volution.&nbsp;<\/strong><\/p>\n\n\n\n<figure class=\"wp-block-image size-large\"><img loading=\"lazy\" decoding=\"async\" width=\"1000\" height=\"563\" src=\"https:\/\/blog.creamontblanc.org\/wp-content\/uploads\/2021\/09\/PHOTO_1_Stations_M4C_CHAMONIX-9-1000x563.jpg\" alt=\"\" class=\"wp-image-3273\" srcset=\"https:\/\/blog.creamontblanc.org\/wp-content\/uploads\/2021\/09\/PHOTO_1_Stations_M4C_CHAMONIX-9-1000x563.jpg 1000w, https:\/\/blog.creamontblanc.org\/wp-content\/uploads\/2021\/09\/PHOTO_1_Stations_M4C_CHAMONIX-9-300x169.jpg 300w, https:\/\/blog.creamontblanc.org\/wp-content\/uploads\/2021\/09\/PHOTO_1_Stations_M4C_CHAMONIX-9-768x432.jpg 768w, https:\/\/blog.creamontblanc.org\/wp-content\/uploads\/2021\/09\/PHOTO_1_Stations_M4C_CHAMONIX-9-1536x864.jpg 1536w, https:\/\/blog.creamontblanc.org\/wp-content\/uploads\/2021\/09\/PHOTO_1_Stations_M4C_CHAMONIX-9.jpg 1920w\" sizes=\"auto, (max-width: 1000px) 100vw, 1000px\" \/><figcaption>V\u00e9rification de la station situ\u00e9e \u00e0 Loriaz. \u00a9 United Nations, Momentum for Change&nbsp;<\/figcaption><\/figure>\n\n\n\n<p>C\u2019est l\u2019un des plus anciens projets du CREA Mont-Blanc, d\u00e9velopp\u00e9 dans le cadre du programme Ph\u00e9noclim. Depuis 2006, nous disposons de notre propre r\u00e9seau de stations de temp\u00e9ratures sur l\u2019ensemble de la partie sud-ouest des Alpes.&nbsp; mis en place pour mettre en lien les observations ph\u00e9nologiques de la faune et de la v\u00e9g\u00e9tation r\u00e9alis\u00e9es sur le terrain avec un suivi des donn\u00e9es climatiques tr\u00e8s localis\u00e9. Au nombre de 60, dispos\u00e9es entre 200 m et 2700 m d\u2019altitude, les stations sont \u00e9quip\u00e9es de capteurs qui permettent de relever les temp\u00e9rature toutes les 15 minutes \u00e0 4 hauteurs diff\u00e9rentes&nbsp;: \u00e0 la surface du sol, 5 cm en dessous, 30 cm au-dessus et \u00e0 2 m. \u00ab&nbsp;L\u2019int\u00e9r\u00eat d\u2019avoir ces diff\u00e9rents niveaux est de pouvoir utiliser les informations de l\u2019un ou l\u2019autre capteur en fonction des questions que l\u2019on se pose, pr\u00e9cise Idaline Laigle, ing\u00e9nieure d\u2019\u00e9tude au CREA Mont-Blanc. Par exemple, quand le capteur de surface mesure uniquement des temp\u00e9ratures \u00e0 0\u00b0 pendant plusieurs jours, cela signifie qu\u2019il y a de la neige, ce qui est une indication tr\u00e8s importante pour la ph\u00e9nologie de certaines esp\u00e8ces.&nbsp;\u00bb<\/p>\n\n\n\n<figure class=\"wp-block-image size-large\"><img loading=\"lazy\" decoding=\"async\" width=\"1000\" height=\"634\" src=\"https:\/\/blog.creamontblanc.org\/wp-content\/uploads\/2021\/09\/PHOTO_2_STATIONS_schema_stations-V1-et-V2-1000x634.jpg\" alt=\"\" class=\"wp-image-3275\" srcset=\"https:\/\/blog.creamontblanc.org\/wp-content\/uploads\/2021\/09\/PHOTO_2_STATIONS_schema_stations-V1-et-V2-1000x634.jpg 1000w, https:\/\/blog.creamontblanc.org\/wp-content\/uploads\/2021\/09\/PHOTO_2_STATIONS_schema_stations-V1-et-V2-300x190.jpg 300w, https:\/\/blog.creamontblanc.org\/wp-content\/uploads\/2021\/09\/PHOTO_2_STATIONS_schema_stations-V1-et-V2-768x487.jpg 768w, https:\/\/blog.creamontblanc.org\/wp-content\/uploads\/2021\/09\/PHOTO_2_STATIONS_schema_stations-V1-et-V2-80x50.jpg 80w, https:\/\/blog.creamontblanc.org\/wp-content\/uploads\/2021\/09\/PHOTO_2_STATIONS_schema_stations-V1-et-V2.jpg 1204w\" sizes=\"auto, (max-width: 1000px) 100vw, 1000px\" \/><figcaption>Sch\u00e9ma des premi\u00e8res et deuxi\u00e8mes versions des stations de temp\u00e9ratures.&nbsp;<\/figcaption><\/figure>\n\n\n\n<h3 class=\"wp-block-heading\">La reconnaissance de l\u2019ONU<\/h3>\n\n\n\n<p>Conform\u00e9ment \u00e0 l\u2019approche du CREA Mont-Blanc, ce projet a vu le jour sur le mode participatif, gr\u00e2ce \u00e0 l\u2019implication d\u2019entreprises et de citoyens. C\u2019est un professeur d\u2019\u00e9lectronique du lyc\u00e9e professionnel de Cluses, G\u00e9rard Cordier, qui a con\u00e7u le principe de la carte \u00e9lectronique r\u00e9pondant \u00e0 notre besoin.&nbsp;<\/p>\n\n\n\n<p>Apr\u00e8s la phase initiale, le dispositif a fait l\u2019objet d\u2019un partenariat avec Orange. L\u2019entreprise a mis en place le syst\u00e8me de collecte et de gestion des donn\u00e9es et assure la maintenance des stations&nbsp;: en cas de probl\u00e8me sur les capteurs ou les batteries, ce sont les techniciens d\u2019Orange qui interviennent. Ce dispositif op\u00e9rationnel depuis plus de 15 ans a valu au CREA Mont-Blanc une reconnaissance internationale lors de la COP23, en 2017, sous la forme du prix Momentum for Change d\u00e9cern\u00e9 par les Nations Unies.&nbsp;<\/p>\n\n\n\n<figure class=\"wp-block-image size-large\"><img loading=\"lazy\" decoding=\"async\" width=\"1000\" height=\"589\" src=\"https:\/\/blog.creamontblanc.org\/wp-content\/uploads\/2021\/09\/PHOTO_3_Stations-1000x589.png\" alt=\"\" class=\"wp-image-3277\" srcset=\"https:\/\/blog.creamontblanc.org\/wp-content\/uploads\/2021\/09\/PHOTO_3_Stations-1000x589.png 1000w, https:\/\/blog.creamontblanc.org\/wp-content\/uploads\/2021\/09\/PHOTO_3_Stations-300x177.png 300w, https:\/\/blog.creamontblanc.org\/wp-content\/uploads\/2021\/09\/PHOTO_3_Stations-768x453.png 768w, https:\/\/blog.creamontblanc.org\/wp-content\/uploads\/2021\/09\/PHOTO_3_Stations-1536x905.png 1536w, https:\/\/blog.creamontblanc.org\/wp-content\/uploads\/2021\/09\/PHOTO_3_Stations.png 2048w\" sizes=\"auto, (max-width: 1000px) 100vw, 1000px\" \/><figcaption>Temp\u00e9ratures moyennes journali\u00e8res mesur\u00e9es au Couvercle (2700m) sur une ann\u00e9e. T\u00b0 de l&rsquo;air \u00e0 2m en rouge &#8211; T\u00b0 du sol \u00e0 -5 cm.<\/figcaption><\/figure>\n\n\n\n<h3 class=\"wp-block-heading\">Deux syst\u00e8mes compl\u00e9mentaires<\/h3>\n\n\n\n<p>Au-del\u00e0 de la r\u00e9ussite technologique ind\u00e9niable, nous avons r\u00e9alis\u00e9 un bilan de ce programme, en comparant ses donn\u00e9es \u00e0 celles fournies par le mod\u00e8le<a href=\"http:\/\/www.umr-cnrm.fr\/spip.php?rubrique73\"> Safran d\u00e9velopp\u00e9 par Centre national de recherche m\u00e9t\u00e9orologique &#8211; M\u00e9t\u00e9o-France \/ CNRS<\/a>, que nous utilisons \u00e9galement pour nos recherches. Cette \u00e9tude qui permettra d\u2019\u00e9valuer une \u00e9ventuelle redondance, fera prochainement l\u2019objet d\u2019une publication scientifique. \u00ab&nbsp;Nous avons calcul\u00e9 plusieurs indices avec les deux syst\u00e8mes&nbsp;: le nombre de jours o\u00f9 la temp\u00e9rature moyenne d\u00e9passe 0\u00b0, le nombre de jours de froid en automne, le jour de d\u00e9neigement\u2026 La comparaison des r\u00e9sultats montre une corr\u00e9lation entre les stations et le syst\u00e8me de M\u00e9t\u00e9o France pour les moyennes g\u00e9n\u00e9rales, et des \u00e9carts plus importants d\u00e8s que l\u2019on commence \u00e0 s\u2019int\u00e9resser \u00e0 des indices bas\u00e9s sur des seuils, comme la temp\u00e9rature de 0\u00b0, poursuit Idaline. En faisant le lien avec les donn\u00e9es de ph\u00e9nologie, nous avons constat\u00e9 que la ph\u00e9nologie des grenouilles, des m\u00e9sanges et de la majorit\u00e9 des arbres est plus corr\u00e9l\u00e9e avec les donn\u00e9es des stations, \u00e0 l\u2019exception du m\u00e9l\u00e8ze, qui semble r\u00e9pondre davantage aux donn\u00e9es de Safran.&nbsp;\u00bb&nbsp;<\/p>\n\n\n\n<p>Cette diff\u00e9rence, qui s\u2019explique par la position des stations, beaucoup plus proches des esp\u00e8ces observ\u00e9es, confirme les sp\u00e9cificit\u00e9s des deux syst\u00e8mes. Pour des suivis \u00e0 long terme de la ph\u00e9nologie et une vision globale \u00e0 l\u2019\u00e9chelle des Alpes, les donn\u00e9es de M\u00e9t\u00e9o France apportent une information suffisante. En revanche, les stations sont plus int\u00e9ressantes pour des sujets d\u2019\u00e9tude tr\u00e8s localis\u00e9s, qui demandent des donn\u00e9es plus pr\u00e9cises. \u00ab&nbsp;C\u2019est particuli\u00e8rement le cas quand on a besoin des donn\u00e9es de d\u00e9neigement, par exemple pour suivre la date de ponte des grenouilles. Une station \u00e0 c\u00f4t\u00e9 de la mare sera beaucoup plus fiable, conclut Idaline. Chaque dispositif a son utilit\u00e9, tout d\u00e9pend de la question qu\u2019on se pose.&nbsp;\u00bb&nbsp;&nbsp;<\/p>\n","protected":false},"excerpt":{"rendered":"<p>Le r\u00e9seau de stations de temp\u00e9ratures d\u00e9ploy\u00e9es dans les Alpes depuis 2006 fait partie des dispositifs historiques du CREA Mont-Blanc. Apr\u00e8s 15 ans de bons et loyaux services, nous avons \u00e9valu\u00e9 ce syst\u00e8me pour r\u00e9fl\u00e9chir \u00e0 son \u00e9volution.&nbsp; C\u2019est l\u2019un &hellip; <a href=\"https:\/\/blog.creamontblanc.org?p=3272\">Lire la suite\u00ad\u00ad<\/a><\/p>\n","protected":false},"author":15,"featured_media":3282,"comment_status":"open","ping_status":"open","sticky":false,"template":"","format":"standard","meta":{"_monsterinsights_skip_tracking":false,"_monsterinsights_sitenote_active":false,"_monsterinsights_sitenote_note":"","_monsterinsights_sitenote_category":0,"ngg_post_thumbnail":0,"footnotes":""},"categories":[194],"tags":[10,201],"class_list":["post-3272","post","type-post","status-publish","format-standard","has-post-thumbnail","hentry","category-la-recherche","tag-climat","tag-temperatures"],"aioseo_notices":[],"amp_enabled":true,"_links":{"self":[{"href":"https:\/\/blog.creamontblanc.org\/index.php?rest_route=\/wp\/v2\/posts\/3272","targetHints":{"allow":["GET"]}}],"collection":[{"href":"https:\/\/blog.creamontblanc.org\/index.php?rest_route=\/wp\/v2\/posts"}],"about":[{"href":"https:\/\/blog.creamontblanc.org\/index.php?rest_route=\/wp\/v2\/types\/post"}],"author":[{"embeddable":true,"href":"https:\/\/blog.creamontblanc.org\/index.php?rest_route=\/wp\/v2\/users\/15"}],"replies":[{"embeddable":true,"href":"https:\/\/blog.creamontblanc.org\/index.php?rest_route=%2Fwp%2Fv2%2Fcomments&post=3272"}],"version-history":[{"count":2,"href":"https:\/\/blog.creamontblanc.org\/index.php?rest_route=\/wp\/v2\/posts\/3272\/revisions"}],"predecessor-version":[{"id":3280,"href":"https:\/\/blog.creamontblanc.org\/index.php?rest_route=\/wp\/v2\/posts\/3272\/revisions\/3280"}],"wp:featuredmedia":[{"embeddable":true,"href":"https:\/\/blog.creamontblanc.org\/index.php?rest_route=\/wp\/v2\/media\/3282"}],"wp:attachment":[{"href":"https:\/\/blog.creamontblanc.org\/index.php?rest_route=%2Fwp%2Fv2%2Fmedia&parent=3272"}],"wp:term":[{"taxonomy":"category","embeddable":true,"href":"https:\/\/blog.creamontblanc.org\/index.php?rest_route=%2Fwp%2Fv2%2Fcategories&post=3272"},{"taxonomy":"post_tag","embeddable":true,"href":"https:\/\/blog.creamontblanc.org\/index.php?rest_route=%2Fwp%2Fv2%2Ftags&post=3272"}],"curies":[{"name":"wp","href":"https:\/\/api.w.org\/{rel}","templated":true}]}}