{"id":3253,"date":"2021-09-09T09:55:00","date_gmt":"2021-09-09T08:55:00","guid":{"rendered":"https:\/\/blog.creamontblanc.org?p=3253"},"modified":"2022-11-08T10:22:50","modified_gmt":"2022-11-08T09:22:50","slug":"les-especes-arctico-alpines-face-au-changement-climatique","status":"publish","type":"post","link":"https:\/\/blog.creamontblanc.org?p=3253","title":{"rendered":"Lagop\u00e8des alpins, li\u00e8vres variables et changement climatique : les b\u00e9n\u00e9voles entrent dans l\u2019\u00e9quation !"},"content":{"rendered":"\n<p><strong>D<strong>ans le cadre du <a href=\"https:\/\/creamontblanc.org\/fr\/poia-especes-arctico-alpines\" title=\"https:\/\/creamontblanc.org\/fr\/poia-especes-arctico-alpines\">projet Esp\u00e8ces arctico-alpines<\/a>, financ\u00e9 entre autres par les fonds europ\u00e9ens FEDER-POIA, le CREA Mont-Blanc a fait appel \u00e0 des volontaires motiv\u00e9s pour observer le li\u00e8vre variable et le lagop\u00e8de alpin dans leur habitat naturel. L\u2019objectif : mieux comprendre ces deux esp\u00e8ces particuli\u00e8rement sensibles aux \u00e9volutions rapides de leur milieu de vie gr\u00e2ce \u00e0 des observations directes et des collectes de crottes et de plumes.<\/strong><\/strong><\/p>\n\n\n\n<figure class=\"wp-block-image size-large is-resized\"><img loading=\"lazy\" decoding=\"async\" src=\"http:\/\/blog.creamontblanc.org\/wp-content\/uploads\/2021\/09\/DSC04384_1-2-1000x563.jpg\" alt=\"\" class=\"wp-image-3325\" width=\"840\" height=\"472\" srcset=\"https:\/\/blog.creamontblanc.org\/wp-content\/uploads\/2021\/09\/DSC04384_1-2-1000x563.jpg 1000w, https:\/\/blog.creamontblanc.org\/wp-content\/uploads\/2021\/09\/DSC04384_1-2-300x169.jpg 300w, https:\/\/blog.creamontblanc.org\/wp-content\/uploads\/2021\/09\/DSC04384_1-2-768x433.jpg 768w, https:\/\/blog.creamontblanc.org\/wp-content\/uploads\/2021\/09\/DSC04384_1-2.jpg 1438w\" sizes=\"auto, (max-width: 840px) 100vw, 840px\" \/><figcaption>R\u00e9union de pr\u00e9paration des observations avec les b\u00e9n\u00e9voles le 8 septembre \u00e0 l&rsquo;observatoire. <em>\u00a9CREA Mont-Blanc<\/em><\/figcaption><\/figure>\n\n\n\n<p>Nous ne dirons jamais assez combien<a href=\"https:\/\/blog.creamontblanc.org\/?p=3291\"> les volontaires qui gravitent autour du CREA Mont-Blanc sont d\u00e9terminants<\/a> dans la r\u00e9ussite de nos actions. Une petite dizaine d\u2019entre eux a fait sa rentr\u00e9e le 8 septembre pour d\u00e9buter un programme d\u2019observation du li\u00e8vre variable et du lagop\u00e8de alpin.<\/p>\n\n\n\n<p class=\"has-text-align-left\">Apr\u00e8s s\u2019\u00eatre entra\u00een\u00e9s \u00e0 reconna\u00eetre ces deux esp\u00e8ces gr\u00e2ce aux images prises par les pi\u00e8ges photo de <a href=\"https:\/\/www.zooniverse.org\/projects\/crea-mont-blanc\/wild-mont-blanc\">Wild Mont-Blanc<\/a>, chacun est reparti avec des fiches d\u2019observation \u00e0 compl\u00e9ter et des tubes contenant du formol et de l\u2019alcool. Ces tubes serviront \u00e0 pr\u00e9lever crottes et plumes pour mieux comprendre ces esp\u00e8ces.<\/p>\n\n\n\n<p><\/p>\n\n\n\n<h3 class=\"wp-block-heading\"><strong>La collecte de crottes et de plumes de lagop\u00e8des<\/strong><\/h3>\n\n\n\n<div class=\"wp-block-image\"><figure class=\"alignright size-large is-resized\"><img loading=\"lazy\" decoding=\"async\" src=\"https:\/\/blog.creamontblanc.org\/wp-content\/uploads\/2021\/09\/IMG-20210910-WA0000-1000x461.jpg\" alt=\"\" class=\"wp-image-3327\" width=\"437\" height=\"201\" srcset=\"https:\/\/blog.creamontblanc.org\/wp-content\/uploads\/2021\/09\/IMG-20210910-WA0000-1000x461.jpg 1000w, https:\/\/blog.creamontblanc.org\/wp-content\/uploads\/2021\/09\/IMG-20210910-WA0000-300x138.jpg 300w, https:\/\/blog.creamontblanc.org\/wp-content\/uploads\/2021\/09\/IMG-20210910-WA0000-768x354.jpg 768w, https:\/\/blog.creamontblanc.org\/wp-content\/uploads\/2021\/09\/IMG-20210910-WA0000-1536x708.jpg 1536w, https:\/\/blog.creamontblanc.org\/wp-content\/uploads\/2021\/09\/IMG-20210910-WA0000.jpg 1600w\" sizes=\"auto, (max-width: 437px) 100vw, 437px\" \/><figcaption>Crottes et plumes de lagop\u00e8de alpin r\u00e9colt\u00e9s par une b\u00e9n\u00e9vole du CREA Mont-Blanc  <em>\u00a9Nadine Gex<\/em><\/figcaption><\/figure><\/div>\n\n\n\n<p class=\"has-text-align-left\">Dans le cadre du projet POIA Esp\u00e8ces arctico-alpines, men\u00e9 conjointement par le CREA, le Parc National du Mercantour, le Parc National des Ecrins, le Parc Naturel R\u00e9gional du Queyras et l\u2019Office Fran\u00e7ais de la Biodiversit\u00e9, des \u00e9tudes g\u00e9n\u00e9tiques et parasitologiques sont men\u00e9es sur les lagop\u00e8des alpins afin de mieux saisir les dynamiques de populations et les possibles \u00e9changes qu\u2019elles peuvent entretenir. Les lagop\u00e8des du Mont-Blanc rendent-ils visite \u00e0 ceux des Ecrins ? Ont-ils acc\u00e8s \u00e0 une alimentation de qualit\u00e9 ? Ces questions int\u00e9ressent au plus haut point les \u00e9cologues, gardiens de parcs, v\u00e9t\u00e9rinaires et b\u00e9n\u00e9voles qui travaillent sur le projet.<\/p>\n\n\n\n<p>La collecte de plumes se fait notamment \u00e0 l\u2019automne car c\u2019est \u00e0 cette p\u00e9riode que les lagop\u00e8des perdent leur plumage d\u2019\u00e9t\u00e9 au profit d\u2019un plumage d\u2019hiver immacul\u00e9, bien plus pratique pour passer inaper\u00e7u dans la neige. Il ne reste alors \u201cplus qu\u2019\u00e0 se pencher\u201d pour pr\u00e9lever quelques plumes. Pour cela, le CREA peut compter sur l\u2019exp\u00e9rience du terrain des b\u00e9n\u00e9voles, qui ont une grande connaissance des endroits o\u00f9 d\u00e9busquer le lagop\u00e8de. Quelques jours apr\u00e8s le lancement des observations, les premiers tubes pleins \u00e9taient d\u00e9j\u00e0 de retour au CREA, pr\u00eats \u00e0 \u00eatre analys\u00e9s !<\/p>\n\n\n\n<p><\/p>\n\n\n\n<div class=\"wp-block-image\"><figure class=\"alignleft size-large is-resized\"><img loading=\"lazy\" decoding=\"async\" src=\"https:\/\/blog.creamontblanc.org\/wp-content\/uploads\/2021\/09\/DSC04387_1-750x1000.jpg\" alt=\"\" class=\"wp-image-3335\" width=\"292\" height=\"389\" srcset=\"https:\/\/blog.creamontblanc.org\/wp-content\/uploads\/2021\/09\/DSC04387_1-750x1000.jpg 750w, https:\/\/blog.creamontblanc.org\/wp-content\/uploads\/2021\/09\/DSC04387_1-225x300.jpg 225w, https:\/\/blog.creamontblanc.org\/wp-content\/uploads\/2021\/09\/DSC04387_1-768x1024.jpg 768w, https:\/\/blog.creamontblanc.org\/wp-content\/uploads\/2021\/09\/DSC04387_1-rotated.jpg 1080w\" sizes=\"auto, (max-width: 292px) 100vw, 292px\" \/><figcaption>Pr\u00e9sentation des tubes contenant le formol et l&rsquo;alcool pour conserver les crottes et les plumes.  <em>\u00a9CREA Mont-Blanc<\/em> <\/figcaption><\/figure><\/div>\n\n\n\n<h3 class=\"wp-block-heading\"><strong>Augmenter la collecte d\u2019\u00e9chantillons gr\u00e2ce aux b\u00e9n\u00e9voles<\/strong><\/h3>\n\n\n\n<p>Comme souvent lors de ses travaux sur le terrain, le CREA Mont-Blanc s\u2019est entour\u00e9 de volontaires pour multiplier les opportunit\u00e9s de rencontrer li\u00e8vres et lagop\u00e8des. Ces deux esp\u00e8ces ont beau \u00eatre symboliques des Alpes, leur raret\u00e9, leur discr\u00e9tion et l\u2019environnement difficile d\u2019acc\u00e8s dans lequel elles vivent les rendent bien souvent insaisissables.<\/p>\n\n\n\n<h3 class=\"wp-block-heading\"><strong>Li\u00e8vre variable ou li\u00e8vre d\u2019Europe ?<\/strong><\/h3>\n\n\n\n<p>Il est parfois difficile de faire la diff\u00e9rence entre li\u00e8vres variables et li\u00e8vres d\u2019Europe. Nous ne savons quasiment rien sur les interactions entre ces deux esp\u00e8ces si ce n\u2019est qu\u2019ils partagent de plus en plus de territoire commun. En observant ces deux esp\u00e8ces, nous esp\u00e9rons mieux comprendre leur r\u00e9partition et leurs possibles interactions. Qui sait, peut-\u00eatre que des li\u00e8vres \u201chybrides\u201d sont d\u00e9j\u00e0 parmi nous\u2026<\/p>\n\n\n\n<p><\/p>\n\n\n\n<p><em>Les partenaires du projet sont r\u00e9partis dans l\u2019ensemble du massif alpin fran\u00e7ais :<\/em><\/p>\n\n\n\n<div class=\"wp-block-image\"><figure class=\"alignleft size-full is-resized\"><img loading=\"lazy\" decoding=\"async\" src=\"https:\/\/blog.creamontblanc.org\/wp-content\/uploads\/2021\/09\/Logo-POIA-Arctico-quadri-1000x600px.png\" alt=\"\" class=\"wp-image-3329\" width=\"168\" height=\"101\" srcset=\"https:\/\/blog.creamontblanc.org\/wp-content\/uploads\/2021\/09\/Logo-POIA-Arctico-quadri-1000x600px.png 1000w, https:\/\/blog.creamontblanc.org\/wp-content\/uploads\/2021\/09\/Logo-POIA-Arctico-quadri-1000x600px-300x180.png 300w, https:\/\/blog.creamontblanc.org\/wp-content\/uploads\/2021\/09\/Logo-POIA-Arctico-quadri-1000x600px-768x462.png 768w\" sizes=\"auto, (max-width: 168px) 100vw, 168px\" \/><\/figure><\/div>\n\n\n\n<ul class=\"wp-block-list\"><li><a href=\"https:\/\/creamontblanc.org\/fr\">le CREA Mont-Blanc<\/a><\/li><li><a href=\"https:\/\/www.ecrins-parcnational.fr\/\">Le Parc national des \u00c9crins<\/a><\/li><li><a href=\"https:\/\/www.pnr-queyras.fr\/\">Le Parc naturel r\u00e9gional du Queyras<\/a><\/li><li><a href=\"https:\/\/ofb.gouv.fr\/\">L\u2019Office Fran\u00e7ais de la Biodiversit\u00e9<\/a><\/li><li><a href=\"http:\/\/www.mercantour-parcnational.fr\/fr\">Le Parc national du Mercantour<\/a><\/li><\/ul>\n\n\n\n<p>Pour en savoir plus,<a href=\"http:\/\/www.mercantour-parcnational.fr\/fr\/des-actions\/connaitre-et-proteger\/projet-poia-especes-arctico-alpines-2020-2022\" title=\"http:\/\/www.mercantour-parcnational.fr\/fr\/des-actions\/connaitre-et-proteger\/projet-poia-especes-arctico-alpines-2020-2022\"> l&rsquo;explication du projet par le Parc National du Mercantour.<\/a><\/p>\n\n\n\n<figure class=\"wp-block-image size-large\"><img loading=\"lazy\" decoding=\"async\" width=\"1000\" height=\"143\" src=\"https:\/\/blog.creamontblanc.org\/wp-content\/uploads\/2021\/09\/Bandeau-Logos-partenaires-POIA-2000px-1000x143.jpg\" alt=\"\" class=\"wp-image-3331\" srcset=\"https:\/\/blog.creamontblanc.org\/wp-content\/uploads\/2021\/09\/Bandeau-Logos-partenaires-POIA-2000px-1000x143.jpg 1000w, https:\/\/blog.creamontblanc.org\/wp-content\/uploads\/2021\/09\/Bandeau-Logos-partenaires-POIA-2000px-300x43.jpg 300w, https:\/\/blog.creamontblanc.org\/wp-content\/uploads\/2021\/09\/Bandeau-Logos-partenaires-POIA-2000px-768x110.jpg 768w, https:\/\/blog.creamontblanc.org\/wp-content\/uploads\/2021\/09\/Bandeau-Logos-partenaires-POIA-2000px-1536x220.jpg 1536w, https:\/\/blog.creamontblanc.org\/wp-content\/uploads\/2021\/09\/Bandeau-Logos-partenaires-POIA-2000px.jpg 2000w\" sizes=\"auto, (max-width: 1000px) 100vw, 1000px\" \/><\/figure>\n\n\n\n<figure class=\"wp-block-image size-large\"><img loading=\"lazy\" decoding=\"async\" width=\"1000\" height=\"143\" src=\"https:\/\/blog.creamontblanc.org\/wp-content\/uploads\/2021\/09\/Bandeau-Logos-financeurs-POIA-V2-2000px-1000x143.jpg\" alt=\"\" class=\"wp-image-3333\" srcset=\"https:\/\/blog.creamontblanc.org\/wp-content\/uploads\/2021\/09\/Bandeau-Logos-financeurs-POIA-V2-2000px-1000x143.jpg 1000w, https:\/\/blog.creamontblanc.org\/wp-content\/uploads\/2021\/09\/Bandeau-Logos-financeurs-POIA-V2-2000px-300x43.jpg 300w, https:\/\/blog.creamontblanc.org\/wp-content\/uploads\/2021\/09\/Bandeau-Logos-financeurs-POIA-V2-2000px-768x110.jpg 768w, https:\/\/blog.creamontblanc.org\/wp-content\/uploads\/2021\/09\/Bandeau-Logos-financeurs-POIA-V2-2000px-1536x220.jpg 1536w, https:\/\/blog.creamontblanc.org\/wp-content\/uploads\/2021\/09\/Bandeau-Logos-financeurs-POIA-V2-2000px.jpg 2000w\" sizes=\"auto, (max-width: 1000px) 100vw, 1000px\" \/><\/figure>\n","protected":false},"excerpt":{"rendered":"<p>Dans le cadre du projet Esp\u00e8ces arctico-alpines, financ\u00e9 entre autres par les fonds europ\u00e9ens FEDER-POIA, le CREA Mont-Blanc a fait appel \u00e0 des volontaires motiv\u00e9s pour observer le li\u00e8vre variable et le lagop\u00e8de alpin dans leur habitat naturel. L\u2019objectif : &hellip; <a href=\"https:\/\/blog.creamontblanc.org?p=3253\">Lire la suite\u00ad\u00ad<\/a><\/p>\n","protected":false},"author":17,"featured_media":3325,"comment_status":"open","ping_status":"open","sticky":false,"template":"","format":"standard","meta":{"_monsterinsights_skip_tracking":false,"_monsterinsights_sitenote_active":false,"_monsterinsights_sitenote_note":"","_monsterinsights_sitenote_category":0,"ngg_post_thumbnail":0,"footnotes":""},"categories":[5],"tags":[44],"class_list":["post-3253","post","type-post","status-publish","format-standard","has-post-thumbnail","hentry","category-vie-association","tag-benevolat"],"aioseo_notices":[],"amp_enabled":true,"_links":{"self":[{"href":"https:\/\/blog.creamontblanc.org\/index.php?rest_route=\/wp\/v2\/posts\/3253","targetHints":{"allow":["GET"]}}],"collection":[{"href":"https:\/\/blog.creamontblanc.org\/index.php?rest_route=\/wp\/v2\/posts"}],"about":[{"href":"https:\/\/blog.creamontblanc.org\/index.php?rest_route=\/wp\/v2\/types\/post"}],"author":[{"embeddable":true,"href":"https:\/\/blog.creamontblanc.org\/index.php?rest_route=\/wp\/v2\/users\/17"}],"replies":[{"embeddable":true,"href":"https:\/\/blog.creamontblanc.org\/index.php?rest_route=%2Fwp%2Fv2%2Fcomments&post=3253"}],"version-history":[{"count":5,"href":"https:\/\/blog.creamontblanc.org\/index.php?rest_route=\/wp\/v2\/posts\/3253\/revisions"}],"predecessor-version":[{"id":3347,"href":"https:\/\/blog.creamontblanc.org\/index.php?rest_route=\/wp\/v2\/posts\/3253\/revisions\/3347"}],"wp:featuredmedia":[{"embeddable":true,"href":"https:\/\/blog.creamontblanc.org\/index.php?rest_route=\/wp\/v2\/media\/3325"}],"wp:attachment":[{"href":"https:\/\/blog.creamontblanc.org\/index.php?rest_route=%2Fwp%2Fv2%2Fmedia&parent=3253"}],"wp:term":[{"taxonomy":"category","embeddable":true,"href":"https:\/\/blog.creamontblanc.org\/index.php?rest_route=%2Fwp%2Fv2%2Fcategories&post=3253"},{"taxonomy":"post_tag","embeddable":true,"href":"https:\/\/blog.creamontblanc.org\/index.php?rest_route=%2Fwp%2Fv2%2Ftags&post=3253"}],"curies":[{"name":"wp","href":"https:\/\/api.w.org\/{rel}","templated":true}]}}