{"id":3235,"date":"2021-08-18T07:58:55","date_gmt":"2021-08-18T06:58:55","guid":{"rendered":"https:\/\/blog.creamontblanc.org?p=3235"},"modified":"2022-11-10T16:07:15","modified_gmt":"2022-11-10T15:07:15","slug":"printemps-sans-fleurs-les-scientifiques-ont-les-idees-fecondes","status":"publish","type":"post","link":"https:\/\/blog.creamontblanc.org?p=3235","title":{"rendered":"Printemps sans fleurs : les scientifiques ont les id\u00e9es f\u00e9condes"},"content":{"rendered":"\n<p><strong>Peut-\u00eatre l\u2019avez-vous remarqu\u00e9, beaucoup d\u2019arbres n\u2019ont pas donn\u00e9 de fleurs ce printemps. Loin d\u2019\u00eatre anecdotique, cette absence de floraison se retrouve partout dans les massifs fran\u00e7ais, avec de grandes disparit\u00e9s selon les esp\u00e8ces.<\/strong><\/p>\n\n\n\n<figure class=\"wp-block-image size-full is-resized\"><img loading=\"lazy\" decoding=\"async\" src=\"https:\/\/blog.creamontblanc.org\/wp-content\/uploads\/2021\/08\/veris_flo11_22-04-06-2.jpg\" alt=\"\" class=\"wp-image-3245\" width=\"470\" height=\"627\"\/><\/figure>\n\n\n\n<p>98% des noisetiers en fleurs, quand seulement 47% des h\u00eatres et des m\u00e9l\u00e8zes ont fleuri. Ce printemps a \u00e9t\u00e9 tr\u00e8s particulier, entre \u00e9pisodes de gel tardifs et m\u00e9t\u00e9o capricieuse. Les hypoth\u00e8ses pour expliquer la situation ne manquent pas chez les observateurs de <a href=\"https:\/\/phenoclim.org\/fr\">Ph\u00e9noclim<\/a>. Mais qu\u2019en est-il vraiment ? Nos connaissances scientifiques permettent-elles d\u2019apporter des r\u00e9ponses ? Nous avons pos\u00e9 quelques questions \u00e0 Isabelle Chuine, directrice de recherche CNRS au Centre d\u2019Ecologie Fonctionnelle et Evolutive (CEFE). Elle est \u00e9galement fondatrice de l\u2019Observatoire des Saisons, dont <a href=\"https:\/\/phenoclim.org\/fr\">Ph\u00e9noclim<\/a> est l\u2019\u00e9quivalent pour les zones de montagne.<\/p>\n\n\n\n<h3 class=\"wp-block-heading\">Un ph\u00e9nom\u00e8ne d\u2019alternance habituel&#8230;<\/h3>\n\n\n\n<p>Si vous aimez admirer les fleurs au printemps vous le savez d\u00e9j\u00e0 certainement : les ann\u00e9es sans floraison sont monnaie courante pour un certain nombre d\u2019esp\u00e8ces. Pour autant, cela ne signifie pas n\u00e9cessairement que l\u2019individu est en mauvaise sant\u00e9. Isabelle Chuine note une hypoth\u00e8se int\u00e9ressante pour expliquer ce ph\u00e9nom\u00e8ne d\u2019alternance : celui-ci pourrait \u00eatre d\u00fb \u00e0 un acc\u00e8s limit\u00e9 aux ressources. Ainsi, afin de garantir une floraison optimale, l\u2019individu \u201c\u00e9conomiserait\u201d les ressources limit\u00e9es auxquelles il a acc\u00e8s en ne fleurissant pas chaque ann\u00e9e. C\u2019est une hypoth\u00e8se qui pourrait expliquer l\u2019alternance parfois marqu\u00e9e chez certaines esp\u00e8ces, comme l\u2019\u00e9pic\u00e9a par exemple.<\/p>\n\n\n\n<h3 class=\"wp-block-heading\">\u2026 mais amplifi\u00e9 par le changement climatique ?<\/h3>\n\n\n\n<p>Si le ph\u00e9nom\u00e8ne d\u2019alternance est habituel, se pose toutefois la question d\u2019une possible influence du changement climatique. En effet, ce ph\u00e9nom\u00e8ne pourrait devenir de plus en plus visible avec les ann\u00e9es, suite \u00e0 la disparition progressive des v\u00e9tos climatiques. Ces v\u00e9tos sont un ensemble de conditions climatiques emp\u00eachant la floraison. Ces v\u00e9tos viendraient contrecarrer le ph\u00e9nom\u00e8ne d\u2019alternance en rendant ses effets peu perceptibles. Ainsi, la lev\u00e9e des v\u00e9tos climatiques rendrait le ph\u00e9nom\u00e8ne d\u2019alternance bien plus visible. Le pari est lanc\u00e9 : assisterons-nous \u00e0 une floraison massive des h\u00eatres l\u2019an prochain, \u00e0 la diff\u00e9rence des 47% en fleurs cette ann\u00e9e ?<\/p>\n\n\n\n<p>Cependant Isabelle Chuine le souligne, cette hypoth\u00e8se n\u2019est pas forc\u00e9ment synonyme de bonne nouvelle pour les plantes. La disparition des v\u00e9tos climatiques pourrait signifier des perturbations trop extr\u00eames induites par le changement climatique. Mais comme elle le r\u00e9p\u00e8te sans ambigu\u00eft\u00e9 : \u201cencore une fois, on ne sait pas.\u201d<\/p>\n\n\n\n<h3 class=\"wp-block-heading\">Le \u201cmasting\u201d : et si les arbres se synchronisaient ?<\/h3>\n\n\n\n<p>Si le ph\u00e9nom\u00e8ne d\u2019alternance semble bel et bien exister, comment expliquer que celui-ci ait \u00e9t\u00e9 si marqu\u00e9 chez certaines esp\u00e8ces ce printemps ? Cela pourrait s\u2019expliquer par une synchronisation des arbres au sein d\u2019une m\u00eame population. En effet, le ph\u00e9nom\u00e8ne d\u2019alternance semble s\u2019observer au m\u00eame moment sur de larges \u00e9chelles, allant parfois jusqu\u2019\u00e0 une \u00e9chelle r\u00e9gionale. Chez certaines esp\u00e8ces, les individus peuvent d\u00e9clencher leur floraison la m\u00eame ann\u00e9e. Difficile pour le moment d\u2019identifier les m\u00e9canismes \u00e0 l\u2019origine de ce ph\u00e9nom\u00e8ne de \u201cmasting\u201d ou \u201cmast seeding\u201d (litt\u00e9ralement \u201censemenscement de graines\u201d). Les hypoth\u00e8ses les plus probables concernent les conditions climatiques. Comment le changement climatique va-t-il affecter ce ph\u00e9nom\u00e8ne ? Personne ne le sait pour le moment&#8230;<\/p>\n\n\n\n<h3 class=\"wp-block-heading\">Un univers tr\u00e8s mal compris<\/h3>\n\n\n\n<p>Isabelle Chuine reste prudente : les \u00e9tudes sur la question sont trop peu nombreuses voire inexistantes. A l\u2019inverse des h\u00eatres cette ann\u00e9e, les hypoth\u00e8ses fleurissent dans tous les sens. Et si l\u2019absence g\u00e9n\u00e9rale de floraison constat\u00e9e par les observateurs de <a href=\"https:\/\/phenoclim.org\/fr\">Ph\u00e9noclim<\/a> n\u2019\u00e9tait due qu\u2019au hasard ? Il est pour le moment difficile de faire la part des choses entre les rythmes de vie d\u2019un individu en particulier et d\u2019une population toute enti\u00e8re. D\u2019autant plus que beaucoup de ph\u00e9nom\u00e8nes restent incompris. Chez les esp\u00e8ces mono\u00efques (dont les organes m\u00e2les et les organes femelles sont situ\u00e9s dans des fleurs diff\u00e9rentes, port\u00e9es par un m\u00eame plant) on ne sait quand ni comment les bourgeons d\u2019\u00e9t\u00e9 sont d\u00e9termin\u00e9s entre m\u00e2les, femelles ou hermaphrodites. Alors m\u00eame qu\u2019il s\u2019agit d\u2019un m\u00e9canisme fondamental en botanique. De m\u00eame, les floraisons d\u2019automne peuvent \u00eatre associ\u00e9es aux effets du changement climatique, mais aussi \u00e0 des circonstances m\u00e9t\u00e9orologiques exceptionnelles (par exemple un \u00e9t\u00e9 tr\u00e8s sec suivi d\u2019un automne tr\u00e8s doux sans v\u00e9ritable entr\u00e9e en dormance pour les plantes). L\u00e0 encore, la faible quantit\u00e9 de donn\u00e9es scientifiques n\u2019aide pas \u00e0 faire la part des choses.<\/p>\n\n\n\n<p>C\u2019est pourquoi les programmes de suivi au long cours comme <a href=\"https:\/\/phenoclim.org\/fr\">Ph\u00e9noclim<\/a> ou l\u2019Observatoire des Saisons sont d\u00e9terminants pour comprendre les effets du changement climatique sur la flore, mais aussi pour \u00e9clairer cet univers si mal compris qu\u2019est le monde v\u00e9g\u00e9tal. Peut-\u00eatre m\u00eame que cet \u00e9clairage viendra de mani\u00e8re d\u00e9tourn\u00e9e, en n\u2019observant pas de floraisons. Car comme le note Isabelle Chuine en conclusion : ne rien observer est en soi une observation primordiale !<\/p>\n","protected":false},"excerpt":{"rendered":"<p>Peut-\u00eatre l\u2019avez-vous remarqu\u00e9, beaucoup d\u2019arbres n\u2019ont pas donn\u00e9 de fleurs ce printemps. Loin d\u2019\u00eatre anecdotique, cette absence de floraison se retrouve partout dans les massifs fran\u00e7ais, avec de grandes disparit\u00e9s selon les esp\u00e8ces. 98% des noisetiers en fleurs, quand seulement &hellip; <a href=\"https:\/\/blog.creamontblanc.org?p=3235\">Lire la suite\u00ad\u00ad<\/a><\/p>\n","protected":false},"author":17,"featured_media":3248,"comment_status":"open","ping_status":"open","sticky":false,"template":"","format":"standard","meta":{"_monsterinsights_skip_tracking":false,"_monsterinsights_sitenote_active":false,"_monsterinsights_sitenote_note":"","_monsterinsights_sitenote_category":0,"ngg_post_thumbnail":0,"footnotes":""},"categories":[194,31],"tags":[46,35],"class_list":["post-3235","post","type-post","status-publish","format-standard","has-post-thumbnail","hentry","category-la-recherche","category-sciences-participatives","tag-phenoclim","tag-phenologie"],"aioseo_notices":[],"amp_enabled":true,"_links":{"self":[{"href":"https:\/\/blog.creamontblanc.org\/index.php?rest_route=\/wp\/v2\/posts\/3235","targetHints":{"allow":["GET"]}}],"collection":[{"href":"https:\/\/blog.creamontblanc.org\/index.php?rest_route=\/wp\/v2\/posts"}],"about":[{"href":"https:\/\/blog.creamontblanc.org\/index.php?rest_route=\/wp\/v2\/types\/post"}],"author":[{"embeddable":true,"href":"https:\/\/blog.creamontblanc.org\/index.php?rest_route=\/wp\/v2\/users\/17"}],"replies":[{"embeddable":true,"href":"https:\/\/blog.creamontblanc.org\/index.php?rest_route=%2Fwp%2Fv2%2Fcomments&post=3235"}],"version-history":[{"count":6,"href":"https:\/\/blog.creamontblanc.org\/index.php?rest_route=\/wp\/v2\/posts\/3235\/revisions"}],"predecessor-version":[{"id":3251,"href":"https:\/\/blog.creamontblanc.org\/index.php?rest_route=\/wp\/v2\/posts\/3235\/revisions\/3251"}],"wp:featuredmedia":[{"embeddable":true,"href":"https:\/\/blog.creamontblanc.org\/index.php?rest_route=\/wp\/v2\/media\/3248"}],"wp:attachment":[{"href":"https:\/\/blog.creamontblanc.org\/index.php?rest_route=%2Fwp%2Fv2%2Fmedia&parent=3235"}],"wp:term":[{"taxonomy":"category","embeddable":true,"href":"https:\/\/blog.creamontblanc.org\/index.php?rest_route=%2Fwp%2Fv2%2Fcategories&post=3235"},{"taxonomy":"post_tag","embeddable":true,"href":"https:\/\/blog.creamontblanc.org\/index.php?rest_route=%2Fwp%2Fv2%2Ftags&post=3235"}],"curies":[{"name":"wp","href":"https:\/\/api.w.org\/{rel}","templated":true}]}}