{"id":3206,"date":"2021-04-16T10:45:56","date_gmt":"2021-04-16T09:45:56","guid":{"rendered":"https:\/\/blog.creamontblanc.org?p=3206"},"modified":"2022-11-08T10:49:34","modified_gmt":"2022-11-08T09:49:34","slug":"wild-mont-blanc-saison-2-cest-parti","status":"publish","type":"post","link":"https:\/\/blog.creamontblanc.org?p=3206","title":{"rendered":"Wild Mont-Blanc Saison 2 &#8211; C&rsquo;est parti !"},"content":{"rendered":"\n<p><strong>Prises sur le vif par les pi\u00e8ges photos du CREA Mont-Blanc, une vingtaine d\u2019esp\u00e8ces animales du massif du Mont-Blanc font leur entr\u00e9e dans votre salon. Le d\u00e9fi sera pour vous d\u2019identifier l\u2019esp\u00e8ce pr\u00e9sente sur la photo, pour aider les chercheur.euses \u00e0 analyser le comportement et l\u2019\u00e9volution de la faune alpine.<\/strong><\/p>\n\n\n\n<figure class=\"wp-block-image size-large\"><img loading=\"lazy\" decoding=\"async\" width=\"1000\" height=\"563\" src=\"http:\/\/blog.creamontblanc.org\/wp-content\/uploads\/2021\/04\/loriaz2300__2019-05-05__20-32-365-1000x563.jpg\" alt=\"\" class=\"wp-image-3207\" srcset=\"https:\/\/blog.creamontblanc.org\/wp-content\/uploads\/2021\/04\/loriaz2300__2019-05-05__20-32-365-1000x563.jpg 1000w, https:\/\/blog.creamontblanc.org\/wp-content\/uploads\/2021\/04\/loriaz2300__2019-05-05__20-32-365-300x169.jpg 300w, https:\/\/blog.creamontblanc.org\/wp-content\/uploads\/2021\/04\/loriaz2300__2019-05-05__20-32-365-768x432.jpg 768w, https:\/\/blog.creamontblanc.org\/wp-content\/uploads\/2021\/04\/loriaz2300__2019-05-05__20-32-365-1536x864.jpg 1536w, https:\/\/blog.creamontblanc.org\/wp-content\/uploads\/2021\/04\/loriaz2300__2019-05-05__20-32-365-scaled.jpg 2048w\" sizes=\"auto, (max-width: 1000px) 100vw, 1000px\" \/><figcaption>Identifier les esp\u00e8ces sur Wild Mont-Blanc : un d\u00e9fi plus ou moins facile selon l\u2019esp\u00e8ce (Li\u00e8vre variable)<\/figcaption><\/figure>\n\n\n\n<h3 class=\"wp-block-heading\">Wild Mont-Blanc, un d\u00e9fi tr\u00e8s simple&#8230;.ou presque<\/h3>\n\n\n\n<p>Apr\u00e8s le succ\u00e8s du printemps dernier, le CREA Mont-Blanc relance la plateforme participative Wild Mont-Blanc. Petits ou grands, naturaliste confirm\u00e9.e ou d\u00e9butant.e, vous pouvez analyser autant de photos que vous le souhaitez et tenter de reconna\u00eetre l\u2019esp\u00e8ce qui se cache sur la photo. A chacun.e selon ses envies mais attention \u00e0 l\u2019addiction !<\/p>\n\n\n\n<p>Des outils d\u2019aide \u00e0 l\u2019identification vous permettent d\u2019apprendre rapidement \u00e0 reconna\u00eetre les esp\u00e8ces. Un forum d\u2019\u00e9change avec les scientifiques et avec des observateurs.rices plus expert.e.s permet aussi de confronter ou dissiper les doutes lors de certaines identifications.&nbsp;<\/p>\n\n\n\n<p>D\u2019autres questions qui int\u00e9ressent les chercheurs du CREA Mont-Blanc vous seront \u00e9galement pos\u00e9es sur l\u2019animal pr\u00e9sent sur la photo : e<em>st-ce qu&rsquo;il mange ? Est-ce qu&rsquo;il se repose ? De quelle couleur est-il, en fonction de l&rsquo;enneigement ?<\/em><\/p>\n\n\n\n<h3 class=\"wp-block-heading\">Comment participer ?&nbsp;<\/h3>\n\n\n\n<p>Rendez-vous sur la plateforme <a href=\"https:\/\/www.zooniverse.org\/projects\/crea-mont-blanc\/wild-mont-blanc\" target=\"_blank\" rel=\"noreferrer noopener\">Wild Mont-Blanc<\/a> jusqu\u2019\u00e0 ce que toutes les photos aient \u00e9t\u00e9 tagu\u00e9es.<\/p>\n\n\n\n<p>Nous vous recommandons d\u2019y cr\u00e9er un compte personnel pour acc\u00e9der aux forums de discussion et \u00e9changer avec les chercheurs.euses.<\/p>\n\n\n\n<p>La plateforme est disponible en fran\u00e7ais et en anglais.<\/p>\n\n\n\n<h3 class=\"wp-block-heading\">Une saison 2 qui r\u00e9pond \u00e0 un v\u00e9ritable engouement pour les sciences participatives<\/h3>\n\n\n\n<p>L\u2019objectif de Wild Mont-Blanc est double : scientifique et p\u00e9dagogique. Le.la participant.e y d\u00e9couvre des esp\u00e8ces connues ou m\u00e9connues, comme le li\u00e8vre variable ou le lagop\u00e8de alpin qui suscitent l\u2019\u00e9merveillement. Apprendre \u00e0 distinguer un chamois d\u2019un bouquetin, une comp\u00e9tence indispensable pour enrichir une prochaine sortie, bien r\u00e9elle, en montagne !<\/p>\n\n\n\n<p>Au printemps 2020, Wild Mont-Blanc avait ainsi rassembl\u00e9 5 500 participants qui, en quelques semaines, avaient r\u00e9alis\u00e9 pr\u00e8s d\u2019un million d\u2019identifications. Une contribution importante pour les scientifiques du CREA Mont-Blanc, une bouff\u00e9e d\u2019air frais bienvenue pendant le confinement pour les participant.e.s\u2026<\/p>\n\n\n\n<h3 class=\"wp-block-heading\">Am\u00e9liorer ensemble la connaissance scientifique sur les animaux de montagne<\/h3>\n\n\n\n<p>Les photos qui alimentent Wild Mont-Blanc sont issues de la <a href=\"https:\/\/blog.creamontblanc.org\/?p=3146\" target=\"_blank\" rel=\"noreferrer noopener\">quarantaine d\u2019appareils photos automatiques<\/a> install\u00e9s entre 1300 m\u00e8tres et 2700 m\u00e8tres d\u2019altitude, sur diff\u00e9rents versants du massif du Mont-Blanc. Ces \u00ab camera traps \u00bb ont \u00e9t\u00e9 mises en place en lien avec un r\u00e9seau de suivi alpin de la biodiversit\u00e9. L\u2019appareil photo se d\u00e9clenche automatiquement et discr\u00e8tement au passage de l\u2019animal. Ce sont ainsi chaque ann\u00e9e des centaines de milliers d\u2019images soumises \u00e0 votre attention et \u00e0 celle de l\u2019<a href=\"https:\/\/blog.creamontblanc.org\/?p=3139\" target=\"_blank\" rel=\"noreferrer noopener\">intelligence artificielle.<\/a> Ces donn\u00e9es nous permettent ensuite de mieux comprendre <a href=\"https:\/\/atlasmontblanc.org\/mesurer\/herbivores\/\" target=\"_blank\" rel=\"noreferrer noopener\">comment les animaux s\u2019adaptent aux changements de leur environnement<\/a>, notamment sous l\u2019effet du changement climatique. Il s\u2019agit d\u2019analyser les d\u00e9placements des esp\u00e8ces, leur rythme d\u2019activit\u00e9 suivant la saison et l\u2019habitat qu\u2019ils fr\u00e9quentent, leur comportement alimentaire, ou encore leur date de mue pour certaines.<\/p>\n\n\n\n<p>Cette plateforme Wild Mont-Blanc est port\u00e9e par le CREA Mont-Blanc en collaboration avec la Communaut\u00e9 de Communes de la Vall\u00e9e de Chamonix Mont-Blanc. Il est soutenu par l\u2019Europe \u00e0 travers les fonds europ\u00e9ens FEDER\/POIA mis en \u0153uvre par la R\u00e9gion Sud, par la R\u00e9gion Auvergne-Rh\u00f4ne-Alpes, le D\u00e9partement de la Haute-Savoie, la DREAL Auvergne-Rh\u00f4ne-Alpes, la Fondation Terre d\u2019Initiatives Solidaires et MAOBI.<\/p>\n\n\n\n<figure class=\"wp-block-image size-large\"><img loading=\"lazy\" decoding=\"async\" width=\"1000\" height=\"538\" src=\"https:\/\/blog.creamontblanc.org\/wp-content\/uploads\/2021\/04\/LogoWMB-1000x538.png\" alt=\"\" class=\"wp-image-3218\" srcset=\"https:\/\/blog.creamontblanc.org\/wp-content\/uploads\/2021\/04\/LogoWMB-1000x538.png 1000w, https:\/\/blog.creamontblanc.org\/wp-content\/uploads\/2021\/04\/LogoWMB-300x161.png 300w, https:\/\/blog.creamontblanc.org\/wp-content\/uploads\/2021\/04\/LogoWMB-768x413.png 768w, https:\/\/blog.creamontblanc.org\/wp-content\/uploads\/2021\/04\/LogoWMB.png 1382w\" sizes=\"auto, (max-width: 1000px) 100vw, 1000px\" \/><\/figure>\n","protected":false},"excerpt":{"rendered":"<p>Prises sur le vif par les pi\u00e8ges photos du CREA Mont-Blanc, une vingtaine d\u2019esp\u00e8ces animales du massif du Mont-Blanc font leur entr\u00e9e dans votre salon. Le d\u00e9fi sera pour vous d\u2019identifier l\u2019esp\u00e8ce pr\u00e9sente sur la photo, pour aider les chercheur.euses &hellip; <a href=\"https:\/\/blog.creamontblanc.org?p=3206\">Lire la suite\u00ad\u00ad<\/a><\/p>\n","protected":false},"author":7,"featured_media":3212,"comment_status":"open","ping_status":"open","sticky":false,"template":"","format":"standard","meta":{"_monsterinsights_skip_tracking":false,"_monsterinsights_sitenote_active":false,"_monsterinsights_sitenote_note":"","_monsterinsights_sitenote_category":0,"ngg_post_thumbnail":0,"footnotes":""},"categories":[31],"tags":[202,188],"class_list":["post-3206","post","type-post","status-publish","format-standard","has-post-thumbnail","hentry","category-sciences-participatives","tag-camera-trap","tag-wild-mont-blanc"],"aioseo_notices":[],"amp_enabled":true,"_links":{"self":[{"href":"https:\/\/blog.creamontblanc.org\/index.php?rest_route=\/wp\/v2\/posts\/3206","targetHints":{"allow":["GET"]}}],"collection":[{"href":"https:\/\/blog.creamontblanc.org\/index.php?rest_route=\/wp\/v2\/posts"}],"about":[{"href":"https:\/\/blog.creamontblanc.org\/index.php?rest_route=\/wp\/v2\/types\/post"}],"author":[{"embeddable":true,"href":"https:\/\/blog.creamontblanc.org\/index.php?rest_route=\/wp\/v2\/users\/7"}],"replies":[{"embeddable":true,"href":"https:\/\/blog.creamontblanc.org\/index.php?rest_route=%2Fwp%2Fv2%2Fcomments&post=3206"}],"version-history":[{"count":4,"href":"https:\/\/blog.creamontblanc.org\/index.php?rest_route=\/wp\/v2\/posts\/3206\/revisions"}],"predecessor-version":[{"id":3222,"href":"https:\/\/blog.creamontblanc.org\/index.php?rest_route=\/wp\/v2\/posts\/3206\/revisions\/3222"}],"wp:featuredmedia":[{"embeddable":true,"href":"https:\/\/blog.creamontblanc.org\/index.php?rest_route=\/wp\/v2\/media\/3212"}],"wp:attachment":[{"href":"https:\/\/blog.creamontblanc.org\/index.php?rest_route=%2Fwp%2Fv2%2Fmedia&parent=3206"}],"wp:term":[{"taxonomy":"category","embeddable":true,"href":"https:\/\/blog.creamontblanc.org\/index.php?rest_route=%2Fwp%2Fv2%2Fcategories&post=3206"},{"taxonomy":"post_tag","embeddable":true,"href":"https:\/\/blog.creamontblanc.org\/index.php?rest_route=%2Fwp%2Fv2%2Ftags&post=3206"}],"curies":[{"name":"wp","href":"https:\/\/api.w.org\/{rel}","templated":true}]}}