{"id":3104,"date":"2021-01-21T14:21:31","date_gmt":"2021-01-21T13:21:31","guid":{"rendered":"http:\/\/blog.creamontblanc.org?p=3104"},"modified":"2022-11-08T14:11:40","modified_gmt":"2022-11-08T13:11:40","slug":"que-peut-on-souhaiter-a-phenoclim-pour-2021","status":"publish","type":"post","link":"https:\/\/blog.creamontblanc.org?p=3104","title":{"rendered":"Que peut-on souhaiter \u00e0 Ph\u00e9noclim pour 2021\u00a0?"},"content":{"rendered":"\n<p><strong>Lanc\u00e9 en 2004, Ph\u00e9noclim entame sa 18<sup>\u00e8me<\/sup> ann\u00e9e d\u2019existence\u00a0! Que peut-on souhaiter au programme pour faire de 2021 une ann\u00e9e pleine de r\u00e9ussite ? Nous faisons le point sur les d\u00e9fis et enjeux pour Ph\u00e9noclim lors de cette nouvelle ann\u00e9e.<\/strong><\/p>\n\n\n\n<figure class=\"wp-block-image size-large\"><img loading=\"lazy\" decoding=\"async\" width=\"1000\" height=\"563\" src=\"http:\/\/blog.creamontblanc.org\/wp-content\/uploads\/2021\/01\/Assemblage_Frene2_CVR-1.png\" alt=\"\" class=\"wp-image-3108\" srcset=\"https:\/\/blog.creamontblanc.org\/wp-content\/uploads\/2021\/01\/Assemblage_Frene2_CVR-1.png 1000w, https:\/\/blog.creamontblanc.org\/wp-content\/uploads\/2021\/01\/Assemblage_Frene2_CVR-1-300x169.png 300w, https:\/\/blog.creamontblanc.org\/wp-content\/uploads\/2021\/01\/Assemblage_Frene2_CVR-1-768x432.png 768w\" sizes=\"auto, (max-width: 1000px) 100vw, 1000px\" \/><\/figure>\n\n\n\n<h3 class=\"wp-block-heading\">Une nouvelle jeunesse pour les outils Ph\u00e9noclim\u00a0!<\/h3>\n\n\n\n<p>2021 sera une ann\u00e9e avec de nombreux chamboulements num\u00e9riques&nbsp;puisque nous allons construire un tout nouveau site phenoclim.org. Pourquoi ce changement&nbsp;? Les raisons sont multiples&nbsp;: am\u00e9liorer l\u2019ergonomie de l\u2019espace personnel pour les utilisateurs, rendre accessible les donn\u00e9es brutes d\u2019observation \u00e0 tous (chercheurs et citoyens), faciliter les interactions entre participants, aider plus efficacement les structures relais dans leur animation locale du programme, s\u2019affranchir des co\u00fbts du site actuel et des outils associ\u00e9s, pr\u00e9senter conjointement les initiatives Ph\u00e9noclim et Aux Arbres Citoyens et leurs r\u00e9sultats.<\/p>\n\n\n\n<p>Ce chantier va bien nous occuper et nous ferons en sorte que la phase de transition vers la future interface engendre le moins de d\u00e9sagr\u00e9ments possibles (le site web et l\u2019application mobile actuels resteront utilisables jusqu\u2019\u00e0 cet \u00e9t\u00e9). Au cours du printemps, nous sonderons les participants pour connaitre leurs avis sur les fonctionnalit\u00e9s \u00e0 garder, modifier, cr\u00e9er.<\/p>\n\n\n\n<h3 class=\"wp-block-heading\">Des observations toujours plus nombreuses<\/h3>\n\n\n\n<p>Ah ces chercheurs qui en veulent toujours plus\u2026 Dans la mesure o\u00f9 le territoire de participation (dans les Pyr\u00e9n\u00e9es depuis 2018, et en Auvergne depuis 2020), il est souhaitable que le nombre d\u2019observations suive cette \u00e9volution pour que la quantit\u00e9 de donn\u00e9es r\u00e9colt\u00e9es ne se dilue pas spatialement (ce qui limiterait la port\u00e9e de nos analyses). Avec l\u2019appui indispensable de relais locaux (<a href=\"https:\/\/phenoclim.org\/fr\/le-reseau-dobservateurs\">qui sont-ils&nbsp;?<\/a>), nous continuerons le travail passionnant de diffusion pour consolider le r\u00e9seau de participants.es.<\/p>\n\n\n\n<p>Au printemps 2020, les professionnels de la nature et les scolaires ont acc\u00e9d\u00e9 avec difficult\u00e9 \u00e0 leurs zones d\u2019observation. A l\u2019inverse, les particuliers confin\u00e9s \u00e0 la maison ont \u00e9t\u00e9 nombreux \u00e0 participer ou \u00e0 se lancer pour la 1<sup>\u00e8re<\/sup> fois dans le programme (lire l\u2019article \u00ab<a href=\"https:\/\/blog.creamontblanc.org\/?p=2934\">Ce que nous avons appris du confinement\u00a0<\/a>\u00bb). Gr\u00e2ce \u00e0 cette mobilisation des particuliers, le nombre d\u2019observations n\u2019a que faiblement diminu\u00e9 au printemps 2020 (-13% par rapport \u00e0 la moyenne des 3 derniers printemps). Si cette dynamique se poursuit et que les professionnels de la nature ainsi que les scolaires peuvent acc\u00e9der \u00e0 leurs zones, 2021 s\u2019annonce d\u00e9j\u00e0 comme une belle ann\u00e9e de participation.<\/p>\n\n\n\n<h3 class=\"wp-block-heading\">Toujours plus de d\u00e9couvertes scientifiques\u00a0gr\u00e2ce aux citoyens<\/h3>\n\n\n\n<p>Parce que les donn\u00e9es collect\u00e9es par les participants ont un potentiel scientifique incroyable et parce que nous leur devons de valoriser au maximum leurs observations, nous poursuivrons un travail d\u2019analyse approfondi en collaboration avec diff\u00e9rentes universit\u00e9s. Dans le d\u00e9tail, nous souhaitons finaliser en 2021 un nouvel indicateur ph\u00e9nologique r\u00e9gionalis\u00e9 issu des observations Ph\u00e9noclim (qui int\u00e9resse d\u2019ailleurs fortement les d\u00e9cideurs&nbsp;!), mais aussi analyser les observations d\u2019automne que nous avons encore peu explor\u00e9es en comparaison avec celles du printemps.<\/p>\n\n\n\n<p>En parall\u00e8le, nous continuerons les analyses de donn\u00e9es de temp\u00e9rature que nous collectons dans les Alpes depuis 2006. Nous n\u2019oublierons pas non plus nos grenouilles rousses, pour lesquelles nous esp\u00e9rons publier tr\u00e8s bient\u00f4t de nouveaux r\u00e9sultats qu\u2019on pr\u00e9sentera \u00e9videmment.<\/p>\n\n\n\n<p>Enfin, en plus de ce volet de recherche en \u00e9cologie, nous initierons de nouvelles approches visant d\u2019une part \u00e0 mieux comprendre l\u2019impact des sciences participatives et d\u2019autre part \u00e0 \u00e9valuer la fiabilit\u00e9 des donn\u00e9es issues de science participative.<\/p>\n\n\n\n<h3 class=\"wp-block-heading\">De l\u2019\u00e9merveillement pour toutes et tous\u2026 et une rencontre en 2022<\/h3>\n\n\n\n<p>En fin d\u2019ann\u00e9e 2020, nous avions sond\u00e9 les participants pour savoir s\u2019ils \u00e9taient int\u00e9ress\u00e9s par une rencontre. Les r\u00e9ponses \u00e9taient unanimes&nbsp;: tout comme nous, ils \u00e9taient tr\u00e8s tent\u00e9s pour se retrouver physiquement. Malheureusement, du fait de l\u2019incertitude sanitaire en 2021, nous pr\u00e9f\u00e9rons reporter cette rencontre \u00e0 2022.<\/p>\n\n\n\n<p>A toutes et tous, nous vous souhaitons une tr\u00e8s belle saison d\u2019observation. Nous esp\u00e9rons que l\u2019instant de nature pass\u00e9 \u00e0 observer le rythme saisonnier des plantes sera une source d\u2019\u00e9merveillement comme il l\u2019est pour nous, m\u00eame apr\u00e8s des ann\u00e9es de participation.<\/p>\n\n\n\n<p>Nous tenons \u00e0 remercier tr\u00e8s chaleureusement les participants.es que nous esp\u00e9rons retrouver bient\u00f4t, virtuellement dans un premier temps, physiquement plus tard.<\/p>\n\n\n\n<p>En savoir plus&nbsp;:<\/p>\n\n\n\n<p>S\u2019inscrire \u00e0 Ph\u00e9noclim&nbsp;ou acc\u00e9der \u00e0 son espace personnel&nbsp;: <a href=\"https:\/\/phenoclim.org\/fr\/espace-personnel\">https:\/\/phenoclim.org\/fr\/espace-personnel<\/a><\/p>\n\n\n\n<p>Le protocole Ph\u00e9noclim&nbsp;: <a href=\"https:\/\/phenoclim.org\/sites\/default\/files\/atoms\/files\/protocole_vegetation_phenoclim_creamontblanc_0.pdf\">https:\/\/phenoclim.org\/sites\/default\/files\/atoms\/files\/protocole_vegetation_phenoclim_creamontblanc_0.pdf<\/a><\/p>\n\n\n\n<p>Les permanences Ph\u00e9noclim, le premier vendredi du mois de 11h \u00e0 12h&nbsp;: <a href=\"https:\/\/meet.google.com\/uhd-zamd-pvv\">https:\/\/meet.google.com\/uhd-zamd-pvv<\/a><\/p>\n","protected":false},"excerpt":{"rendered":"<p>Lanc\u00e9 en 2004, Ph\u00e9noclim entame sa 18\u00e8me ann\u00e9e d\u2019existence\u00a0! Que peut-on souhaiter au programme pour faire de 2021 une ann\u00e9e pleine de r\u00e9ussite ? Nous faisons le point sur les d\u00e9fis et enjeux pour Ph\u00e9noclim lors de cette nouvelle ann\u00e9e. &hellip; <a href=\"https:\/\/blog.creamontblanc.org?p=3104\">Lire la suite\u00ad\u00ad<\/a><\/p>\n","protected":false},"author":12,"featured_media":3108,"comment_status":"open","ping_status":"open","sticky":false,"template":"","format":"standard","meta":{"_monsterinsights_skip_tracking":false,"_monsterinsights_sitenote_active":false,"_monsterinsights_sitenote_note":"","_monsterinsights_sitenote_category":0,"ngg_post_thumbnail":0,"footnotes":""},"categories":[31],"tags":[46],"class_list":["post-3104","post","type-post","status-publish","format-standard","has-post-thumbnail","hentry","category-sciences-participatives","tag-phenoclim"],"aioseo_notices":[],"amp_enabled":true,"_links":{"self":[{"href":"https:\/\/blog.creamontblanc.org\/index.php?rest_route=\/wp\/v2\/posts\/3104","targetHints":{"allow":["GET"]}}],"collection":[{"href":"https:\/\/blog.creamontblanc.org\/index.php?rest_route=\/wp\/v2\/posts"}],"about":[{"href":"https:\/\/blog.creamontblanc.org\/index.php?rest_route=\/wp\/v2\/types\/post"}],"author":[{"embeddable":true,"href":"https:\/\/blog.creamontblanc.org\/index.php?rest_route=\/wp\/v2\/users\/12"}],"replies":[{"embeddable":true,"href":"https:\/\/blog.creamontblanc.org\/index.php?rest_route=%2Fwp%2Fv2%2Fcomments&post=3104"}],"version-history":[{"count":2,"href":"https:\/\/blog.creamontblanc.org\/index.php?rest_route=\/wp\/v2\/posts\/3104\/revisions"}],"predecessor-version":[{"id":3110,"href":"https:\/\/blog.creamontblanc.org\/index.php?rest_route=\/wp\/v2\/posts\/3104\/revisions\/3110"}],"wp:featuredmedia":[{"embeddable":true,"href":"https:\/\/blog.creamontblanc.org\/index.php?rest_route=\/wp\/v2\/media\/3108"}],"wp:attachment":[{"href":"https:\/\/blog.creamontblanc.org\/index.php?rest_route=%2Fwp%2Fv2%2Fmedia&parent=3104"}],"wp:term":[{"taxonomy":"category","embeddable":true,"href":"https:\/\/blog.creamontblanc.org\/index.php?rest_route=%2Fwp%2Fv2%2Fcategories&post=3104"},{"taxonomy":"post_tag","embeddable":true,"href":"https:\/\/blog.creamontblanc.org\/index.php?rest_route=%2Fwp%2Fv2%2Ftags&post=3104"}],"curies":[{"name":"wp","href":"https:\/\/api.w.org\/{rel}","templated":true}]}}