{"id":3086,"date":"2020-12-10T16:06:53","date_gmt":"2020-12-10T15:06:53","guid":{"rendered":"http:\/\/blog.creamontblanc.org?p=3086"},"modified":"2022-12-12T11:41:34","modified_gmt":"2022-12-12T10:41:34","slug":"4810-pixels-la-restitution-de-nos-projets-scientifiques-a-la-maniere-des-jeux-video","status":"publish","type":"post","link":"https:\/\/blog.creamontblanc.org?p=3086","title":{"rendered":"4810 pixels :  la restitution de nos projets scientifiques \u00e0 la mani\u00e8re des jeux vid\u00e9o"},"content":{"rendered":"\n<p class=\"has-text-align-left\"><strong>Le CREA Mont-Blanc vous convie \u00e0 un \u00e9v\u00e9nement scientifique virtuel d\u2019un nouveau genre&nbsp;! Rejoignez-nous le <span class=\"has-inline-color has-virtue-primary-light-color\">mercredi 16 d\u00e9cembre<\/span><\/strong> <strong>\u00e0 partir de 17h30 sur 4810 pixels, le nouvel univers virtuel du Mont-Blanc&nbsp;! (<a href=\"https:\/\/creamontblanc.org\/fr\/4810pixels\">Inscriptions et infos)<\/a><\/strong><\/p>\n\n\n\n<figure class=\"wp-block-image size-large\"><img loading=\"lazy\" decoding=\"async\" width=\"1000\" height=\"484\" src=\"https:\/\/blog.creamontblanc.org\/wp-content\/uploads\/2020\/12\/4810pixels_lande-1000x484.png\" alt=\"\" class=\"wp-image-3087\" srcset=\"https:\/\/blog.creamontblanc.org\/wp-content\/uploads\/2020\/12\/4810pixels_lande-1000x484.png 1000w, https:\/\/blog.creamontblanc.org\/wp-content\/uploads\/2020\/12\/4810pixels_lande-300x145.png 300w, https:\/\/blog.creamontblanc.org\/wp-content\/uploads\/2020\/12\/4810pixels_lande-768x371.png 768w, https:\/\/blog.creamontblanc.org\/wp-content\/uploads\/2020\/12\/4810pixels_lande.png 1284w\" sizes=\"auto, (max-width: 1000px) 100vw, 1000px\" \/><figcaption><em>Un survol d&rsquo;une visite de nos gradients d&rsquo;altitude sur 4810 pixels<\/em><\/figcaption><\/figure>\n\n\n\n<h3 class=\"wp-block-heading\">Venez parcourir les lieux o\u00f9 nous \u00e9tudions l&rsquo;\u00e9volution de la montagne et rencontrer en direct des scientifiques du CREA Mont-Blanc et d&rsquo;ailleurs.<\/h3>\n\n\n\n<p class=\"has-text-align-center\"><strong>&#8211; Quoi ? &#8211;<\/strong><\/p>\n\n\n\n<p class=\"has-text-align-center\">Bien s\u00fbr, c&rsquo;est en montagne, sur le terrain, que l&rsquo;on r\u00eave, que l&rsquo;on \u00e9change et que l&rsquo;on apprend le mieux. Mais dans l&rsquo;attente de vous y retrouver, la Communaut\u00e9 de Communes de la Vall\u00e9e de Chamonix et le CREA Mont-Blanc vous invitent \u00e0 partager ce&nbsp;moment sur l&rsquo;\u00e9cologie alpine, virtuel, certes, mais&nbsp;autant que possible immersif et collectif.<\/p>\n\n\n\n<p class=\"has-text-align-center\"><strong>&#8211; Comment ? &#8211;<\/strong><\/p>\n\n\n\n<p class=\"has-text-align-center\">Vous entrerez dans&nbsp;<a href=\"https:\/\/creamontblanc.org\/fr\/4810pixels\"><em>4810 pixels<\/em>&nbsp;<\/a>sous la forme d&rsquo;un avatar. Vous vous prom\u00e8nerez depuis Chamonix jusqu&rsquo;aux glaciers en passant par la for\u00eat, la lande et les pelouses alpines, \u00e0 la rencontre, en direct, d&rsquo;experts et de divers contenus scientifiques. Il vous suffit pour cela d&rsquo;un ordinateur relativement r\u00e9cent avec souris,&nbsp;d&rsquo;une connexion internet correcte et d&rsquo;un micro si vous souhaitez interagir (la cam\u00e9ra ne vous servira pas). L&rsquo;ordinateur n&rsquo;est pas votre ami ? L&rsquo;interface est simple, nous vous proposerons un&nbsp;<strong>tutoriel<\/strong>, une&nbsp;<strong>assistance en ligne<\/strong>&nbsp;et des&nbsp;<strong>m\u00e9diateurs<\/strong>&nbsp;vous guideront. Peut-\u00eatre aussi l&rsquo;occasion de partager ce moment avec un ado adepte des jeux vid\u00e9os ?<\/p>\n\n\n\n<p class=\"has-text-align-center\"><strong>&#8211; Quand ? &#8211;<\/strong><\/p>\n\n\n\n<p class=\"has-text-align-center\">A partir de 17h30 et jusqu&rsquo;\u00e0 19h30,&nbsp;<em><a href=\"https:\/\/creamontblanc.org\/fr\/4810pixels\">4810 pixels<\/a><\/em>&nbsp;est ouvert \u00e0 tous les curieux de science, de montagne ou de m\u00e9diation innovante. Comptez en moyenne 1h pour parcourir tous les \u00e9tages de la montagne, mais c&rsquo;est vous qui d\u00e9cidez de la dur\u00e9e de votre visite.<\/p>\n\n\n\n<p class=\"has-text-align-center\"><strong>L&rsquo;inscription est fortement recommand\u00e9e<\/strong> : <strong>Inscrivez-vous&nbsp;<\/strong><a href=\"https:\/\/docs.google.com\/forms\/d\/e\/1FAIpQLSfyZFTYnR4V4gh3nPUQEC8eEvG-42BkEjaQoNXNV0Zim9hhmA\/viewform\"><strong>ici<\/strong><\/a><strong>.<\/strong>&nbsp;<\/p>\n\n\n\n<p class=\"has-text-align-center\"><strong>&#8211; Avec qui ? &#8211;<\/strong><\/p>\n\n\n\n<p class=\"has-text-align-center\"><em><a href=\"https:\/\/creamontblanc.org\/fr\/4810pixels\">4810 pixels<\/a>&nbsp;<\/em>est la conclusion de trois ans de collecte de donn\u00e9es, de mise en place d&rsquo;un observatoire de long-terme de la biodiversit\u00e9 au Mont-Blanc, et de mises en lien entre citoyens, chercheurs et d\u00e9cideurs. Ces projets LAB et CLIMB+ ont \u00e9t\u00e9 men\u00e9s avec la Communaut\u00e9 de Communes de la Vall\u00e9e de Chamonix Mont-Blanc et financ\u00e9s par les fonds europ\u00e9ens FEDER-POIA via la R\u00e9gion Sud, l&rsquo;ADEME Projets d&rsquo;Investissement d&rsquo;Avenir, la Communaut\u00e9 de Communes de la Vall\u00e9e de Chamonix Mont-Blanc, la R\u00e9gion Auvergne Rh\u00f4ne-Alpes, le D\u00e9partement de la Haute Savoie, l&rsquo;Agence de l&rsquo;Eau Rh\u00f4ne Corse M\u00e9diterrann\u00e9e et la Communaut\u00e9 de Communes Pays du Mont-Blanc.<\/p>\n\n\n\n<p class=\"has-text-align-center\"><em><a href=\"https:\/\/creamontblanc.org\/fr\/4810pixels\">4810 pixels&nbsp;<\/a><\/em>est aussi le fruit de collaborations avec des laboratoires de recherche (CNRS-LECA, IGE&#8230;), des entreprises en m\u00e9c\u00e9nat de comp\u00e9tences (Devoteam Revolve, Orange), des passionn\u00e9s de m\u00e9diation culturelle et num\u00e9rique, et les \u00e9tudiants en communication scientifique de l&rsquo;Universit\u00e9 de Grenoble-Alpes.<\/p>\n\n\n\n<figure class=\"wp-block-image size-large\"><img loading=\"lazy\" decoding=\"async\" width=\"1000\" height=\"410\" src=\"https:\/\/blog.creamontblanc.org\/wp-content\/uploads\/2020\/12\/Capture-de\u0301cran-2020-12-06-a\u0300-19.11.09-1-1000x410.png\" alt=\"\" class=\"wp-image-3095\" srcset=\"https:\/\/blog.creamontblanc.org\/wp-content\/uploads\/2020\/12\/Capture-de\u0301cran-2020-12-06-a\u0300-19.11.09-1-1000x410.png 1000w, https:\/\/blog.creamontblanc.org\/wp-content\/uploads\/2020\/12\/Capture-de\u0301cran-2020-12-06-a\u0300-19.11.09-1-300x123.png 300w, https:\/\/blog.creamontblanc.org\/wp-content\/uploads\/2020\/12\/Capture-de\u0301cran-2020-12-06-a\u0300-19.11.09-1-768x315.png 768w, https:\/\/blog.creamontblanc.org\/wp-content\/uploads\/2020\/12\/Capture-de\u0301cran-2020-12-06-a\u0300-19.11.09-1-1536x629.png 1536w, https:\/\/blog.creamontblanc.org\/wp-content\/uploads\/2020\/12\/Capture-de\u0301cran-2020-12-06-a\u0300-19.11.09-1.png 2048w\" sizes=\"auto, (max-width: 1000px) 100vw, 1000px\" \/><\/figure>\n","protected":false},"excerpt":{"rendered":"<p>Le CREA Mont-Blanc vous convie \u00e0 un \u00e9v\u00e9nement scientifique virtuel d\u2019un nouveau genre&nbsp;! Rejoignez-nous le mercredi 16 d\u00e9cembre \u00e0 partir de 17h30 sur 4810 pixels, le nouvel univers virtuel du Mont-Blanc&nbsp;! (Inscriptions et infos) Venez parcourir les lieux o\u00f9 nous &hellip; <a href=\"https:\/\/blog.creamontblanc.org?p=3086\">Lire la suite\u00ad\u00ad<\/a><\/p>\n","protected":false},"author":7,"featured_media":3087,"comment_status":"open","ping_status":"open","sticky":false,"template":"","format":"standard","meta":{"_monsterinsights_skip_tracking":false,"_monsterinsights_sitenote_active":false,"_monsterinsights_sitenote_note":"","_monsterinsights_sitenote_category":0,"ngg_post_thumbnail":0,"footnotes":""},"categories":[258],"tags":[203],"class_list":["post-3086","post","type-post","status-publish","format-standard","has-post-thumbnail","hentry","category-actus-passees","tag-visite-virtuelle"],"aioseo_notices":[],"amp_enabled":true,"_links":{"self":[{"href":"https:\/\/blog.creamontblanc.org\/index.php?rest_route=\/wp\/v2\/posts\/3086","targetHints":{"allow":["GET"]}}],"collection":[{"href":"https:\/\/blog.creamontblanc.org\/index.php?rest_route=\/wp\/v2\/posts"}],"about":[{"href":"https:\/\/blog.creamontblanc.org\/index.php?rest_route=\/wp\/v2\/types\/post"}],"author":[{"embeddable":true,"href":"https:\/\/blog.creamontblanc.org\/index.php?rest_route=\/wp\/v2\/users\/7"}],"replies":[{"embeddable":true,"href":"https:\/\/blog.creamontblanc.org\/index.php?rest_route=%2Fwp%2Fv2%2Fcomments&post=3086"}],"version-history":[{"count":8,"href":"https:\/\/blog.creamontblanc.org\/index.php?rest_route=\/wp\/v2\/posts\/3086\/revisions"}],"predecessor-version":[{"id":3100,"href":"https:\/\/blog.creamontblanc.org\/index.php?rest_route=\/wp\/v2\/posts\/3086\/revisions\/3100"}],"wp:featuredmedia":[{"embeddable":true,"href":"https:\/\/blog.creamontblanc.org\/index.php?rest_route=\/wp\/v2\/media\/3087"}],"wp:attachment":[{"href":"https:\/\/blog.creamontblanc.org\/index.php?rest_route=%2Fwp%2Fv2%2Fmedia&parent=3086"}],"wp:term":[{"taxonomy":"category","embeddable":true,"href":"https:\/\/blog.creamontblanc.org\/index.php?rest_route=%2Fwp%2Fv2%2Fcategories&post=3086"},{"taxonomy":"post_tag","embeddable":true,"href":"https:\/\/blog.creamontblanc.org\/index.php?rest_route=%2Fwp%2Fv2%2Ftags&post=3086"}],"curies":[{"name":"wp","href":"https:\/\/api.w.org\/{rel}","templated":true}]}}