{"id":3065,"date":"2020-12-08T14:51:50","date_gmt":"2020-12-08T13:51:50","guid":{"rendered":"http:\/\/blog.creamontblanc.org?p=3065"},"modified":"2022-11-08T14:49:20","modified_gmt":"2022-11-08T13:49:20","slug":"le-temps-des-possibles-toute-une-vallee-tournee-vers-lavenir","status":"publish","type":"post","link":"https:\/\/blog.creamontblanc.org?p=3065","title":{"rendered":"Le Temps des Possibles\u00a0: toute une vall\u00e9e tourn\u00e9e vers l\u2019avenir"},"content":{"rendered":"\n<p><strong>C\u2019est quand l\u2019urgence est l\u00e0 qu\u2019il faut prendre le temps de r\u00e9fl\u00e9chir et de penser la complexit\u00e9. Le CREA Mont-Blanc a particip\u00e9 cet automne \u00e0 la premi\u00e8re \u00e9dition du <a href=\"https:\/\/www.tempsdespossibles.com\/\"><u>Temps des Possibles<\/u><\/a>. Une initiative enthousiasmante pour nourrir collectivement l\u2019imagination et l\u2019\u00e9nergie qui nous permettront de trouver les solutions aux d\u00e9fis environnementaux et sociaux d\u2019aujourd\u2019hui.<\/strong><\/p>\n\n\n\n<figure class=\"wp-block-image size-large\"><img loading=\"lazy\" decoding=\"async\" width=\"800\" height=\"600\" src=\"http:\/\/blog.creamontblanc.org\/wp-content\/uploads\/2020\/12\/Photo-1.jpeg\" alt=\"\" class=\"wp-image-3068\" srcset=\"https:\/\/blog.creamontblanc.org\/wp-content\/uploads\/2020\/12\/Photo-1.jpeg 800w, https:\/\/blog.creamontblanc.org\/wp-content\/uploads\/2020\/12\/Photo-1-300x225.jpeg 300w, https:\/\/blog.creamontblanc.org\/wp-content\/uploads\/2020\/12\/Photo-1-768x576.jpeg 768w\" sizes=\"auto, (max-width: 800px) 100vw, 800px\" \/><figcaption>\u00ab\u00a0Le temps du vivant: quand la nature nous inspire\u00a0\u00bb, un Science Sandwich dans le cadre du Temps des Possibles. CREA Mont-Blanc<\/figcaption><\/figure>\n\n\n\n<p>Tout au long du mois de septembre, c\u2019\u00e9tait le Temps des Possibles&nbsp;! A l\u2019initiative du collectif citoyen de la vall\u00e9e de Chamonix et du Pacte pour la transition, une trentaine d\u2019\u00e9v\u00e9nements \u2013 conf\u00e9rences, ateliers, projections, spectacles, chantiers participatifs\u2026 \u2013 ont d\u00e9clin\u00e9 localement la F\u00eate des Possibles organis\u00e9e dans toute la France. L\u2019objectif&nbsp;: r\u00e9unir les citoyens, associations, collectifs et entreprises qui souhaitaient r\u00e9fl\u00e9chir ensemble \u00e0 des initiatives locales permettant de r\u00e9pondre \u00e0 l\u2019urgence climatique afin d\u2019organiser la transition vers un monde plus durable et solidaire.<\/p>\n\n\n\n<p>Acteur associatif et scientifique engag\u00e9 dans la transition, le CREA Mont-Blanc s\u2019est naturellement retrouv\u00e9 dans la d\u00e9marche collaborative et ouverte autant que dans les th\u00e9matiques abord\u00e9es, explique Irene Alvarez&nbsp;: \u00ab&nbsp;Notre lecture du vivant met en avant les deux principes de base des \u00e9cosyst\u00e8mes, \u00e0 savoir la diversit\u00e9 qui permet aux milieux d\u2019\u00eatre plus r\u00e9silients, et les interactions entre les \u00e9l\u00e9ments qui composent le syst\u00e8me. C\u2019est exactement ce que propose le Temps des Possibles, avec en plus la valeur redonn\u00e9e au temps, n\u00e9cessaire pour permettre aux initiatives de se d\u00e9velopper et aux milieux de s\u2019adapter.&nbsp;\u00bb<\/p>\n\n\n\n<h3 class=\"wp-block-heading\"><strong>Se laisser inspirer par le vivant<\/strong><\/h3>\n\n\n\n<p>Pour cette premi\u00e8re \u00e9dition, nous avons donc particip\u00e9 \u00e0 trois \u00e9v\u00e9nements, en lien avec nos activit\u00e9s. Un Science Sandwich s\u2019est int\u00e9ress\u00e9 au \u00ab&nbsp;temps du vivant&nbsp;: quand la nature nous inspire&nbsp;\u00bb, insistant sur l\u2019importance de retrouver le lien au vivant. Une heure pour comprendre le parall\u00e8le entre le fonctionnement des \u00e9cosyst\u00e8mes de montagne et les d\u00e9fis auxquels nous sommes confront\u00e9s, et surtout la mani\u00e8re dont nous pouvons nous en inspirer pour changer de trajectoire. Sous un format ludique, Irene a fait prendre conscience aux participants des interactions et du mouvement permanent qui caract\u00e9risent les \u00e9cosyst\u00e8mes. Puis les \u00e9changes ont port\u00e9 sur les id\u00e9es que nous pouvons emprunter au vivant pour imaginer l\u2019\u00e9volution de la soci\u00e9t\u00e9&nbsp;: diversit\u00e9, coop\u00e9ration, adaptation et exp\u00e9rimentation permanente.<\/p>\n\n\n\n<figure class=\"wp-block-image size-large\"><img loading=\"lazy\" decoding=\"async\" width=\"800\" height=\"600\" src=\"http:\/\/blog.creamontblanc.org\/wp-content\/uploads\/2020\/12\/Photo-2.jpeg\" alt=\"\" class=\"wp-image-3070\" srcset=\"https:\/\/blog.creamontblanc.org\/wp-content\/uploads\/2020\/12\/Photo-2.jpeg 800w, https:\/\/blog.creamontblanc.org\/wp-content\/uploads\/2020\/12\/Photo-2-300x225.jpeg 300w, https:\/\/blog.creamontblanc.org\/wp-content\/uploads\/2020\/12\/Photo-2-768x576.jpeg 768w\" sizes=\"auto, (max-width: 800px) 100vw, 800px\" \/><figcaption>\u00ab\u00a0Ecosyst\u00e8mes en mouvement\u00a0\u00bb, une sortie sur le terrain, co-organis\u00e9e avec le magasin Patagonia \u00e0 Chamonix. CREA Mont-Blanc<\/figcaption><\/figure>\n\n\n\n<h3 class=\"wp-block-heading\"><strong>Impliquer tout le monde<\/strong><\/h3>\n\n\n\n<p>Le lendemain, Brad Carlson emmenait un groupe sur le terrain pour participer \u00e0 un protocole de science participative. Sur un carr\u00e9 de 30 m, les participants devaient \u00e9valuer la proportion de rochers, d\u2019arbustes, d\u2019herbes, de lichens\u2026 Outre la sensibilisation \u00e0 la biodiversit\u00e9 de montagne, il s\u2019agissait d\u2019un v\u00e9ritable protocole permettant de valider des analyses faites \u00e0 partir d\u2019images satellite.. Les observations r\u00e9alis\u00e9es ont \u00e9t\u00e9 int\u00e9gr\u00e9es \u00e0 nos bases de donn\u00e9es et serviront \u00e0 nos recherches. \u00ab&nbsp;Cette proposition dans le cadre de la F\u00eate des Possibles montrait aussi l\u2019int\u00e9r\u00eat de l\u2019<a href=\"https:\/\/www.youtube.com\/watch?v=rjFiOAqvem8\"><u>implication des b\u00e9n\u00e9voles pour faire avancer la science<\/u><\/a>&nbsp;\u00bb, ajoute Irene.<\/p>\n\n\n\n<h3 class=\"wp-block-heading\">Faire confiance \u00e0 nos capacit\u00e9s d\u2019adaptation<\/h3>\n\n\n\n<p>Enfin, \u00e0 l\u2019invitation du festival Chemin faisant et du philosophe Dominique Bourg, nous avons particip\u00e9 \u00e0 une conf\u00e9rence-d\u00e9bat sur le th\u00e8me \u00ab&nbsp;<a href=\"https:\/\/www.youtube.com\/watch?v=rjFiOAqvem8\"><u>Quel futur nous reste-t-il&nbsp;? Habitons la Terre autrement<\/u><\/a>&nbsp;\u00bb. Irene y a rappel\u00e9 les fondements de la d\u00e9marche du CREA Mont-Blanc et a insist\u00e9 sur la question de l\u2019\u00e9volution : \u00ab&nbsp;Nous sommes le r\u00e9sultat de trois milliards et demi d\u2019ann\u00e9es d\u2019exp\u00e9rimentation. Si nous sommes l\u00e0, c\u2019est parce que nous avons ces capacit\u00e9s d\u2019adaptation. Cela nous donne une force et une responsabilit\u00e9. Nous devons retrouver ce lien au vivant.&nbsp;\u00bb<\/p>\n\n\n\n<p>A l\u2019arriv\u00e9e, ce Temps des Possibles est une exp\u00e9rience tr\u00e8s enrichissante pour le CREA Mont-Blanc. L\u2019initiative a cr\u00e9\u00e9 une vraie dynamique dans la vall\u00e9e de Chamonix et a montr\u00e9 les capacit\u00e9s d\u2019imagination des acteurs impliqu\u00e9s. Rendez-vous l\u2019ann\u00e9e prochaine&nbsp;!<\/p>\n","protected":false},"excerpt":{"rendered":"<p>C\u2019est quand l\u2019urgence est l\u00e0 qu\u2019il faut prendre le temps de r\u00e9fl\u00e9chir et de penser la complexit\u00e9. Le CREA Mont-Blanc a particip\u00e9 cet automne \u00e0 la premi\u00e8re \u00e9dition du Temps des Possibles. Une initiative enthousiasmante pour nourrir collectivement l\u2019imagination et &hellip; <a href=\"https:\/\/blog.creamontblanc.org?p=3065\">Lire la suite\u00ad\u00ad<\/a><\/p>\n","protected":false},"author":7,"featured_media":3068,"comment_status":"open","ping_status":"open","sticky":false,"template":"","format":"standard","meta":{"_monsterinsights_skip_tracking":false,"_monsterinsights_sitenote_active":false,"_monsterinsights_sitenote_note":"","_monsterinsights_sitenote_category":0,"ngg_post_thumbnail":0,"footnotes":""},"categories":[5],"tags":[11,12],"class_list":["post-3065","post","type-post","status-publish","format-standard","has-post-thumbnail","hentry","category-vie-association","tag-evenement","tag-rencontre"],"aioseo_notices":[],"amp_enabled":true,"_links":{"self":[{"href":"https:\/\/blog.creamontblanc.org\/index.php?rest_route=\/wp\/v2\/posts\/3065","targetHints":{"allow":["GET"]}}],"collection":[{"href":"https:\/\/blog.creamontblanc.org\/index.php?rest_route=\/wp\/v2\/posts"}],"about":[{"href":"https:\/\/blog.creamontblanc.org\/index.php?rest_route=\/wp\/v2\/types\/post"}],"author":[{"embeddable":true,"href":"https:\/\/blog.creamontblanc.org\/index.php?rest_route=\/wp\/v2\/users\/7"}],"replies":[{"embeddable":true,"href":"https:\/\/blog.creamontblanc.org\/index.php?rest_route=%2Fwp%2Fv2%2Fcomments&post=3065"}],"version-history":[{"count":2,"href":"https:\/\/blog.creamontblanc.org\/index.php?rest_route=\/wp\/v2\/posts\/3065\/revisions"}],"predecessor-version":[{"id":3081,"href":"https:\/\/blog.creamontblanc.org\/index.php?rest_route=\/wp\/v2\/posts\/3065\/revisions\/3081"}],"wp:featuredmedia":[{"embeddable":true,"href":"https:\/\/blog.creamontblanc.org\/index.php?rest_route=\/wp\/v2\/media\/3068"}],"wp:attachment":[{"href":"https:\/\/blog.creamontblanc.org\/index.php?rest_route=%2Fwp%2Fv2%2Fmedia&parent=3065"}],"wp:term":[{"taxonomy":"category","embeddable":true,"href":"https:\/\/blog.creamontblanc.org\/index.php?rest_route=%2Fwp%2Fv2%2Fcategories&post=3065"},{"taxonomy":"post_tag","embeddable":true,"href":"https:\/\/blog.creamontblanc.org\/index.php?rest_route=%2Fwp%2Fv2%2Ftags&post=3065"}],"curies":[{"name":"wp","href":"https:\/\/api.w.org\/{rel}","templated":true}]}}