{"id":3054,"date":"2020-12-08T14:37:37","date_gmt":"2020-12-08T13:37:37","guid":{"rendered":"http:\/\/blog.creamontblanc.org?p=3054"},"modified":"2022-12-12T11:41:39","modified_gmt":"2022-12-12T10:41:39","slug":"unique-une-visite-privee-virtuelle-avec-nous-sur-le-massif-du-mont-blanc","status":"publish","type":"post","link":"https:\/\/blog.creamontblanc.org?p=3054","title":{"rendered":"Unique\u00a0: une visite virtuelle avec nous sur le massif du Mont-Blanc"},"content":{"rendered":"\n<p><strong>Les meilleures choses ont une fin, m\u00eame les projets, m\u00eame au CREA Mont-Blanc&nbsp;! Pour c\u00e9l\u00e9brer l\u2019aboutissement de nos projets majeurs des 3 derni\u00e8res ann\u00e9es, les projets LAB et CLIMB+, nous vous invitons \u00e0 une exp\u00e9rience 3D immersive exceptionnelle le 16 d\u00e9cembre. Venez nous rencontrer en ligne. Nous vous guiderons \u00e0 tous les \u00e9tages du massif du Mont-Blanc et vous pr\u00e9senterons nos r\u00e9sultats et nos travaux sous un format totalement in\u00e9dit. Nous vous attendons&nbsp;!<\/strong><\/p>\n\n\n\n<figure class=\"wp-block-image size-large\"><img loading=\"lazy\" decoding=\"async\" width=\"800\" height=\"349\" src=\"http:\/\/blog.creamontblanc.org\/wp-content\/uploads\/2020\/12\/Photo-1dim.png\" alt=\"\" class=\"wp-image-3057\" srcset=\"https:\/\/blog.creamontblanc.org\/wp-content\/uploads\/2020\/12\/Photo-1dim.png 800w, https:\/\/blog.creamontblanc.org\/wp-content\/uploads\/2020\/12\/Photo-1dim-300x131.png 300w, https:\/\/blog.creamontblanc.org\/wp-content\/uploads\/2020\/12\/Photo-1dim-768x335.png 768w\" sizes=\"auto, (max-width: 800px) 100vw, 800px\" \/><\/figure>\n\n\n\n<p>Au CREA Mont-Blanc, cette fin d\u2019ann\u00e9e est marqu\u00e9e par l\u2019arriv\u00e9e \u00e0 leur terme de deux projets phares qui ont rythm\u00e9 la vie de notre association depuis 3 ans. Le projet LAB d\u2019abord, men\u00e9 en partenariat avec la communaut\u00e9 de communes de la Vall\u00e9e de Chamonix Mont-Blanc, financ\u00e9 par l\u2019Ademe dans le cadre du Programme des investissements d\u2019avenir. Il comportait un important volet scientifique, avec la mise en place d\u2019un observatoire de long terme pour suivre l\u2019\u00e9volution de la biodiversit\u00e9 dans le massif du Mont-Blanc. Il poursuivait \u00e9galement un objectif collaboratif visant \u00e0 favoriser l\u2019implication des diff\u00e9rents publics et \u00e0 f\u00e9d\u00e9rer les savoirs en science de l\u2019environnement.<\/p>\n\n\n\n<figure class=\"wp-block-image size-large is-resized\"><img loading=\"lazy\" decoding=\"async\" src=\"http:\/\/blog.creamontblanc.org\/wp-content\/uploads\/2020\/12\/Photo-2dim.jpg\" alt=\"\" class=\"wp-image-3059\" width=\"600\" height=\"450\" srcset=\"https:\/\/blog.creamontblanc.org\/wp-content\/uploads\/2020\/12\/Photo-2dim.jpg 800w, https:\/\/blog.creamontblanc.org\/wp-content\/uploads\/2020\/12\/Photo-2dim-300x225.jpg 300w, https:\/\/blog.creamontblanc.org\/wp-content\/uploads\/2020\/12\/Photo-2dim-768x576.jpg 768w\" sizes=\"auto, (max-width: 600px) 100vw, 600px\" \/><figcaption>Immersion en montagne pendant le Mont-Blanc lab. CREA Mont-Blanc<\/figcaption><\/figure>\n\n\n\n<h3 class=\"wp-block-heading\"><strong>Des expertises nouvelles<\/strong><\/h3>\n\n\n\n<p>C\u2019est dans ce cadre notamment que nous avons organis\u00e9 en 2019<a href=\"https:\/\/creamontblanc.org\/fr\/mont-blanc-lab\"><u> le Mont-Blanc Lab<\/u><\/a>, marathon collaboratif pour imaginer un jardin des sciences exp\u00e9rimental sensibilisant ses visiteurs \u00e0 la biodiversit\u00e9 du massif (<a href=\"https:\/\/blog.creamontblanc.org\/?p=2646\"><u>cliquez pour un retour d\u2019exp\u00e9rience sur notre blog<\/u><\/a> !) Ce projet cherchait aussi \u00e0 renforcer le lien entre les chercheurs et les d\u00e9cideurs, par la cr\u00e9ation d\u2019un r\u00e9seau des acteurs de la connaissance scientifique et d\u2019une base de donn\u00e9es rassemblant toutes les \u00e9tudes qui ont \u00e9t\u00e9 r\u00e9alis\u00e9es sur le Mont-Blanc. \u00ab&nbsp;Le LAB prend fin mais les r\u00e9alisations restent, insiste Irene Alvarez, directrice des programmes du CREA Mont-Blanc. Les suivis de long terme vont se poursuivre, notamment les camera traps pour observer la faune en altitude et les suivis ORCHAMP. Gr\u00e2ce \u00e0 des projets comme celui-l\u00e0, nous pouvons exp\u00e9rimenter de nouvelles mani\u00e8res de faire et enrichir le catalogue des possibles du CREA Mont-Blanc. Nous avons acquis avec le projet LAB des expertises que nous pourrons remobiliser dans d\u2019autres circonstances, et renforc\u00e9 encore notre lien au territoire.&nbsp;\u00bb<\/p>\n\n\n\n<h3 class=\"wp-block-heading\"><strong>Comprendre les \u00e9cosyst\u00e8mes d\u2019altitude<\/strong><\/h3>\n\n\n\n<p>CLIMB+, projet financ\u00e9 par des fonds europ\u00e9ens, \u00e9tait lui consacr\u00e9 au suivi de long terme des milieux d\u2019altitude, dans une approche \u00e9cosyst\u00e9mique, c\u2019est-\u00e0-dire en essayant de comprendre comment les diff\u00e9rents \u00e9l\u00e9ments fonctionnent ensemble. En combinant plusieurs m\u00e9thodes scientifiques \u2013 images satellites, relev\u00e9s de terrain, g\u00e9n\u00e9tique, science participative \u2013 nous nous sommes focalis\u00e9s sur 3 milieux sp\u00e9cifiques que sont la limite sup\u00e9rieure de la for\u00eat, les mares d\u2019altitude et les zones de retrait glaciaire. Dans ce cadre, nous avons \u00e9dit\u00e9 un livret p\u00e9dagogique de 64 pages, \u00ab&nbsp;Montagne et changement climatique, la nature d\u00e9boussol\u00e9e. L\u2019exemple du massif du Mont-Blanc&nbsp;\u00bb. <\/p>\n\n\n\n<p>Les deux projets LAB et CLIMB+ ont donn\u00e9 lieu au d\u00e9veloppement d\u2019une plateforme de visualisation des r\u00e9sultats, l\u2019Atlas Mont-Blanc, dont la derni\u00e8re version est en cours de finalisation.<\/p>\n\n\n\n<figure class=\"wp-block-image size-large\"><img loading=\"lazy\" decoding=\"async\" width=\"800\" height=\"450\" src=\"http:\/\/blog.creamontblanc.org\/wp-content\/uploads\/2020\/12\/lande-02-12-2020-01dim.png\" alt=\"\" class=\"wp-image-3055\" srcset=\"https:\/\/blog.creamontblanc.org\/wp-content\/uploads\/2020\/12\/lande-02-12-2020-01dim.png 800w, https:\/\/blog.creamontblanc.org\/wp-content\/uploads\/2020\/12\/lande-02-12-2020-01dim-300x169.png 300w, https:\/\/blog.creamontblanc.org\/wp-content\/uploads\/2020\/12\/lande-02-12-2020-01dim-768x432.png 768w\" sizes=\"auto, (max-width: 800px) 100vw, 800px\" \/><figcaption>Rendez-vous sur 4810 pixels le 16 d\u00e9cembre !<\/figcaption><\/figure>\n\n\n\n<h3 class=\"wp-block-heading\"><strong>Rendez-vous le 16 d\u00e9cembre sur <\/strong><a href=\"https:\/\/creamontblanc.org\/fr\/4810pixels\"><em><u><strong>4810 pixels<\/strong><\/u><\/em><\/a><\/h3>\n\n\n\n<p>C\u2019est cet ensemble de r\u00e9alisations que nous invitons \u00e0 d\u00e9couvrir le 16 d\u00e9cembre sur la plateforme 3D cr\u00e9\u00e9 sp\u00e9cialement. Une restitution ouverte \u00e0 tous qui vous permettra de vous immerger dans l\u2019univers du CREA Mont-Blanc, d\u2019\u00e9changer en direct avec des chercheurs, de visionner des vid\u00e9os et de vous familiariser avec tout ce qui a \u00e9t\u00e9 mis en place depuis 3 ans. Sous forme d\u2019avatar, vous pourrez vous promener dans l\u2019environnement du plan de l\u2019Aiguille, \u00e0 Chamonix, et entrer dans les diff\u00e9rents \u00e9tages d\u2019altitude o\u00f9 nous vous pr\u00e9senterons nos diff\u00e9rentes activit\u00e9s&nbsp;: les sciences participatives au Jardin de l\u2019observatoire, les protocoles de ph\u00e9nologie \u00e0 l\u2019\u00e9tage de la for\u00eat (1400 m), les cam\u00e9ra traps dans la salle 1900 m, les placettes Orchamp \u00e0 l\u2019\u00e9tage des pelouses (2100 m), et la vie des glaciers apr\u00e8s les glaciers \u00e0 l\u2019\u00e9tage sup\u00e9rieur (2700 m). Nous vous attendons le 16 d\u00e9cembre \u00e0 partir de 17 h 30. N\u2019oubliez pas de <a href=\"https:\/\/docs.google.com\/forms\/d\/e\/1FAIpQLSfyZFTYnR4V4gh3nPUQEC8eEvG-42BkEjaQoNXNV0Zim9hhmA\/viewform\"><u>vous inscrire<\/u><\/a> !<\/p>\n\n\n\n<figure class=\"wp-block-image size-large\"><img loading=\"lazy\" decoding=\"async\" width=\"800\" height=\"328\" src=\"http:\/\/blog.creamontblanc.org\/wp-content\/uploads\/2020\/12\/Photo-4dim.png\" alt=\"\" class=\"wp-image-3061\" srcset=\"https:\/\/blog.creamontblanc.org\/wp-content\/uploads\/2020\/12\/Photo-4dim.png 800w, https:\/\/blog.creamontblanc.org\/wp-content\/uploads\/2020\/12\/Photo-4dim-300x123.png 300w, https:\/\/blog.creamontblanc.org\/wp-content\/uploads\/2020\/12\/Photo-4dim-768x315.png 768w\" sizes=\"auto, (max-width: 800px) 100vw, 800px\" \/><\/figure>\n","protected":false},"excerpt":{"rendered":"<p>Les meilleures choses ont une fin, m\u00eame les projets, m\u00eame au CREA Mont-Blanc&nbsp;! Pour c\u00e9l\u00e9brer l\u2019aboutissement de nos projets majeurs des 3 derni\u00e8res ann\u00e9es, les projets LAB et CLIMB+, nous vous invitons \u00e0 une exp\u00e9rience 3D immersive exceptionnelle le 16 &hellip; <a href=\"https:\/\/blog.creamontblanc.org?p=3054\">Lire la suite\u00ad\u00ad<\/a><\/p>\n","protected":false},"author":7,"featured_media":3057,"comment_status":"open","ping_status":"open","sticky":false,"template":"","format":"standard","meta":{"_monsterinsights_skip_tracking":false,"_monsterinsights_sitenote_active":false,"_monsterinsights_sitenote_note":"","_monsterinsights_sitenote_category":0,"ngg_post_thumbnail":0,"footnotes":""},"categories":[258],"tags":[203],"class_list":["post-3054","post","type-post","status-publish","format-standard","has-post-thumbnail","hentry","category-actus-passees","tag-visite-virtuelle"],"aioseo_notices":[],"amp_enabled":true,"_links":{"self":[{"href":"https:\/\/blog.creamontblanc.org\/index.php?rest_route=\/wp\/v2\/posts\/3054","targetHints":{"allow":["GET"]}}],"collection":[{"href":"https:\/\/blog.creamontblanc.org\/index.php?rest_route=\/wp\/v2\/posts"}],"about":[{"href":"https:\/\/blog.creamontblanc.org\/index.php?rest_route=\/wp\/v2\/types\/post"}],"author":[{"embeddable":true,"href":"https:\/\/blog.creamontblanc.org\/index.php?rest_route=\/wp\/v2\/users\/7"}],"replies":[{"embeddable":true,"href":"https:\/\/blog.creamontblanc.org\/index.php?rest_route=%2Fwp%2Fv2%2Fcomments&post=3054"}],"version-history":[{"count":3,"href":"https:\/\/blog.creamontblanc.org\/index.php?rest_route=\/wp\/v2\/posts\/3054\/revisions"}],"predecessor-version":[{"id":3085,"href":"https:\/\/blog.creamontblanc.org\/index.php?rest_route=\/wp\/v2\/posts\/3054\/revisions\/3085"}],"wp:featuredmedia":[{"embeddable":true,"href":"https:\/\/blog.creamontblanc.org\/index.php?rest_route=\/wp\/v2\/media\/3057"}],"wp:attachment":[{"href":"https:\/\/blog.creamontblanc.org\/index.php?rest_route=%2Fwp%2Fv2%2Fmedia&parent=3054"}],"wp:term":[{"taxonomy":"category","embeddable":true,"href":"https:\/\/blog.creamontblanc.org\/index.php?rest_route=%2Fwp%2Fv2%2Fcategories&post=3054"},{"taxonomy":"post_tag","embeddable":true,"href":"https:\/\/blog.creamontblanc.org\/index.php?rest_route=%2Fwp%2Fv2%2Ftags&post=3054"}],"curies":[{"name":"wp","href":"https:\/\/api.w.org\/{rel}","templated":true}]}}