{"id":3013,"date":"2020-09-14T10:36:28","date_gmt":"2020-09-14T09:36:28","guid":{"rendered":"http:\/\/blog.creamontblanc.org?p=3013"},"modified":"2022-11-08T14:39:12","modified_gmt":"2022-11-08T13:39:12","slug":"un-ete-du-cote-des-zones-dobservation-phenoclim","status":"publish","type":"post","link":"https:\/\/blog.creamontblanc.org?p=3013","title":{"rendered":"Un \u00e9t\u00e9 du c\u00f4t\u00e9 des zones d\u2019observation Ph\u00e9noclim"},"content":{"rendered":"\n<p><strong>Les conditions m\u00e9t\u00e9orologiques particuli\u00e8res de cet \u00e9t\u00e9 (+1.1\u00b0C et -15% de pr\u00e9cipitations par rapport \u00e0 la normale, \u00e0 l\u2019\u00e9chelle nationale) a impact\u00e9 les paysages, notamment ceux de montagne. Si certains territoires ont \u00e9t\u00e9 particuli\u00e8rement touch\u00e9s par cette s\u00e9cheresse importante, connue pour acc\u00e9l\u00e9rer la s\u00e9nescence des feuilles \u00e0 l\u2019\u00e9t\u00e9\/automne, d\u2019autres ont \u00e9t\u00e9 plus pr\u00e9serv\u00e9s. Voici un tour d\u2019horizon des situations observ\u00e9es cet \u00e9t\u00e9 par les participants \u00e0 Ph\u00e9noclim autour de leurs zones d\u2019observations, en France et ailleurs&nbsp;!<\/strong><\/p>\n\n\n\n<div class=\"wp-block-image\"><figure class=\"aligncenter size-large is-resized\"><img loading=\"lazy\" decoding=\"async\" src=\"http:\/\/blog.creamontblanc.org\/wp-content\/uploads\/2020\/09\/feuilles-1000x563.jpg\" alt=\"\" class=\"wp-image-3014\" width=\"596\" height=\"335\" srcset=\"https:\/\/blog.creamontblanc.org\/wp-content\/uploads\/2020\/09\/feuilles-1000x563.jpg 1000w, https:\/\/blog.creamontblanc.org\/wp-content\/uploads\/2020\/09\/feuilles-300x169.jpg 300w, https:\/\/blog.creamontblanc.org\/wp-content\/uploads\/2020\/09\/feuilles-768x432.jpg 768w, https:\/\/blog.creamontblanc.org\/wp-content\/uploads\/2020\/09\/feuilles.jpg 1279w\" sizes=\"auto, (max-width: 596px) 100vw, 596px\" \/><figcaption>Photo du 11 Ao\u00fbt, \u00ab\u00a0Cr\u00eat du Nu\u00a0\u00bb (1351m), Sylvie Pejot<br><\/figcaption><\/figure><\/div>\n\n\n\n<p>\u00ab&nbsp;Le plateau de Retord est un plateau du sud du massif du Jura (altitude de 900 \u00e0 1351 m) situ\u00e9 dans le d\u00e9partement de l\u2019Ain. Il est class\u00e9 ZNIEFF (zone naturelle d\u2019int\u00e9r\u00eat \u00e9cologique, faunistique et floristique). Paysages paisibles et sauvages, panoramas sur les Alpes et les Monts Jura, c\u2019est un \u00e9crin de verdure aux prairies fleuries et for\u00eat de feuillus (h\u00eatres) et r\u00e9sineux habitat du lynx, chevreuil, renard, sanglier, blaireau\u2026<\/p>\n\n\n\n<p>Ce plateau reste habituellement vert et fleuri tout l\u2019\u00e9t\u00e9 et on y observe nombre de papillons et insectes. Cet \u00e9t\u00e9 2020, j\u2019ai bien du mal \u00e0 le reconna\u00eetre ! Les s\u00e8cheresses r\u00e9p\u00e9t\u00e9es de ces derni\u00e8res ann\u00e9es, le manque de froid hivernal, le printemps du confinement particuli\u00e8rement chaud et sec, suivi d\u2019un \u00e9t\u00e9 tout aussi sec ont mis \u00e0 mal nos prairies et nos for\u00eats. Et c\u2019est octobre en ao\u00fbt !<\/p>\n\n\n\n<p>Les arbres ont pris leur couleur d\u2019automne, par endroit massivement perdu leurs feuilles. Le nombre d\u2019\u00e9pic\u00e9a mort ou malade est impressionnant. Les prairies sont grill\u00e9es, les grandes gentianes s\u00e8chent sur pied. Si peu de fleurs et de papillons ! Pas de sauterelles ou criquets qui sautent devant nos pieds ! Quelle d\u00e9solation ! \u00bb<\/p>\n\n\n\n<h3 class=\"wp-block-heading\">MASSIF DU MOLE \u2013 Haute-Savoie (74), Alpes, France<\/h3>\n\n\n\n<div class=\"wp-block-image\"><figure class=\"aligncenter size-large is-resized\"><img decoding=\"async\" src=\"https:\/\/blog.creamontblanc.org\/wp-content\/uploads\/2020\/09\/zone-Phe\u0301noclim-Nord-versant-sud-des-Brasses-ruisseau-dentreverges_Patrick-Lotteau.jpg\" alt=\"\" class=\"wp-image-3016\" width=\"596\" srcset=\"https:\/\/blog.creamontblanc.org\/wp-content\/uploads\/2020\/09\/zone-Phe\u0301noclim-Nord-versant-sud-des-Brasses-ruisseau-dentreverges_Patrick-Lotteau.jpg 639w, https:\/\/blog.creamontblanc.org\/wp-content\/uploads\/2020\/09\/zone-Phe\u0301noclim-Nord-versant-sud-des-Brasses-ruisseau-dentreverges_Patrick-Lotteau-300x169.jpg 300w\" sizes=\"(max-width: 639px) 100vw, 639px\" \/><figcaption>Photo du 4 septembre, versant Sud des Brasses (600m), Patrick Lotteau<\/figcaption><\/figure><\/div>\n\n\n\n<p>\u00ab&nbsp;Je ne saurais pas dire si ma zone Ph\u00e9noclim (dans le Massif du M\u00f4le, Ruisseaux d\u2019Entreverges et zone humide d\u2019Hisson) est vraiment en situation de s\u00e9cheresse. Bien s\u00fbr, des alpages ont un peu jauni, des lits de torrents en basse altitude (600m) sont \u00e0 sec, les barrages de castor plut\u00f4t vides mais je connais bien des endroits o\u00f9 l\u2019eau coule encore et les lits de torrents en altitude (650m) pas encore \u00e0 sec plus quelques sources toujours actives m\u00eame si le d\u00e9bit est r\u00e9duit. Je me pose des questions sur le stress hydrique des arbres et les cons\u00e9quences en cas de coups de vent potentiels (arbres qui cassent et chutent) quand l\u2019automne viendra. La saison \u00e0 venir sera \u00e0 observer avec attention pour voir si les feuilles jaunissent plus t\u00f4t en cette ann\u00e9e 2020 si particuli\u00e8re avec ce coup de semonce donn\u00e9 par la nature \u00e0 l\u2019humanit\u00e9.&nbsp;\u00bb<\/p>\n\n\n\n<h3 class=\"wp-block-heading\">PARC NATUREL DU MONT-AVIC \u2013 Vall\u00e9e d\u2019Aoste, Alpes, Italie<\/h3>\n\n\n\n<div class=\"wp-block-image\"><figure class=\"aligncenter size-large is-resized\"><img decoding=\"async\" src=\"https:\/\/blog.creamontblanc.org\/wp-content\/uploads\/2020\/09\/PN-Mont-Avic-Anna-Foieri-et-Federica-Foghino-1000x562.jpg\" alt=\"\" class=\"wp-image-3018\" width=\"596\" srcset=\"https:\/\/blog.creamontblanc.org\/wp-content\/uploads\/2020\/09\/PN-Mont-Avic-Anna-Foieri-et-Federica-Foghino-1000x562.jpg 1000w, https:\/\/blog.creamontblanc.org\/wp-content\/uploads\/2020\/09\/PN-Mont-Avic-Anna-Foieri-et-Federica-Foghino-300x169.jpg 300w, https:\/\/blog.creamontblanc.org\/wp-content\/uploads\/2020\/09\/PN-Mont-Avic-Anna-Foieri-et-Federica-Foghino-768x432.jpg 768w, https:\/\/blog.creamontblanc.org\/wp-content\/uploads\/2020\/09\/PN-Mont-Avic-Anna-Foieri-et-Federica-Foghino-1536x864.jpg 1536w, https:\/\/blog.creamontblanc.org\/wp-content\/uploads\/2020\/09\/PN-Mont-Avic-Anna-Foieri-et-Federica-Foghino.jpg 1599w\" sizes=\"(max-width: 1000px) 100vw, 1000px\" \/><figcaption>Photo du 11 ap\u00fbt, Lac de Muff\u00e9 (2100m), Anna Foieri et Federica Foghino<\/figcaption><\/figure><\/div>\n\n\n\n<p>\u00ab&nbsp;Dans notre r\u00e9gion, ces derniers mois&nbsp;ont \u00e9t\u00e9 tr\u00e8s secs et chauds. On a remarqu\u00e9 le changement&nbsp;des couleurs des&nbsp;m\u00e9l\u00e8zes&nbsp;de la zone Ph\u00e9noclim le 20&nbsp;ao\u00fbt&nbsp;(2 semaines plus&nbsp;t\u00f4t qu&rsquo;en 2019 et 10 jours plus t\u00f4t&nbsp;qu&rsquo;en 2018) mais d\u00e8s la mi-ao\u00fbt, on a observ\u00e9 des m\u00e9l\u00e8zes&nbsp;et des pins jaunes. La situation plus critique est en tout cas dans la basse vall\u00e9e d&rsquo;Aoste o\u00f9 certaines for\u00eats&nbsp;\u00e0 feuilles caduques (en particulier le ch\u00eane&nbsp;pubescent) sont tr\u00e8s s\u00e8ches.&nbsp;\u00bb<\/p>\n\n\n\n<p>Cet article peut \u00eatre compl\u00e9t\u00e9 gr\u00e2ce \u00e0 vous&nbsp;: ph\u00e9noclimeur.e des Pyr\u00e9n\u00e9es et du Massif Central, n\u2019h\u00e9sitez pas \u00e0 nous envoyer \u00e9galement vos ressentis\/impressions de cet \u00e9t\u00e9 2020 dans ces territoires.<\/p>\n\n\n\n<p>Dans les zones de haute altitude, le d\u00e9but de coloration des feuilles a commenc\u00e9. L\u2019\u00e9quipe de chercheurs Ph\u00e9noclim compte sur le r\u00e9seau de participants pour observer le changement de couleur des arbre, de septembre \u00e0 novembre, \u00e0 basse et faute altitude ! Pour s\u2019inscrire et participer ainsi \u00e0 l\u2019\u00e9tude des effets du changement climatique sur la biodiversit\u00e9 de montagne c\u2019est <a href=\"https:\/\/phenoclim.org\/fr\/participer-devenir-observateur\">ici<\/a>.<\/p>\n\n\n\n<p>Ressources pour approfondir&nbsp;:<\/p>\n\n\n\n<p><a href=\"https:\/\/www.inrae.fr\/index.php\/actualites\/secheresses-recurrentes-fragilisent-forets\">https:\/\/www.inrae.fr\/index.php\/actualites\/secheresses-recurrentes-fragilisent-forets<\/a><\/p>\n\n\n\n<p><a href=\"https:\/\/meteofrance.com\/actualites-et-dossiers\/actualites\/climat\/ete-2020-en-france-chaud-et-sec\">https:\/\/meteofrance.com\/actualites-et-dossiers\/actualites\/climat\/ete-2020-en-france-chaud-et-sec<\/a><\/p>\n\n\n\n<p><a href=\"https:\/\/www.francetvinfo.fr\/meteo\/secheresse\/secheresse-des-forets-commencent-a-mourir-en-france-alerte-une-hydroclimatologue_4095725.html\">https:\/\/www.francetvinfo.fr\/meteo\/secheresse\/secheresse-des-forets-commencent-a-mourir-en-france-alerte-une-hydroclimatologue_4095725.html<\/a><\/p>\n\n\n\n<p><a href=\"https:\/\/www.tela-botanica.org\/2020\/09\/forets-secheresse-et-observatoire-des-saisons\/\">https:\/\/www.tela-botanica.org\/2020\/09\/forets-secheresse-et-observatoire-des-saisons\/<\/a><\/p>\n","protected":false},"excerpt":{"rendered":"<p>Les conditions m\u00e9t\u00e9orologiques particuli\u00e8res de cet \u00e9t\u00e9 (+1.1\u00b0C et -15% de pr\u00e9cipitations par rapport \u00e0 la normale, \u00e0 l\u2019\u00e9chelle nationale) a impact\u00e9 les paysages, notamment ceux de montagne. Si certains territoires ont \u00e9t\u00e9 particuli\u00e8rement touch\u00e9s par cette s\u00e9cheresse importante, connue &hellip; <a href=\"https:\/\/blog.creamontblanc.org?p=3013\">Lire la suite\u00ad\u00ad<\/a><\/p>\n","protected":false},"author":12,"featured_media":3014,"comment_status":"open","ping_status":"open","sticky":false,"template":"","format":"standard","meta":{"_monsterinsights_skip_tracking":false,"_monsterinsights_sitenote_active":false,"_monsterinsights_sitenote_note":"","_monsterinsights_sitenote_category":0,"ngg_post_thumbnail":0,"footnotes":""},"categories":[31],"tags":[46],"class_list":["post-3013","post","type-post","status-publish","format-standard","has-post-thumbnail","hentry","category-sciences-participatives","tag-phenoclim"],"aioseo_notices":[],"amp_enabled":true,"_links":{"self":[{"href":"https:\/\/blog.creamontblanc.org\/index.php?rest_route=\/wp\/v2\/posts\/3013","targetHints":{"allow":["GET"]}}],"collection":[{"href":"https:\/\/blog.creamontblanc.org\/index.php?rest_route=\/wp\/v2\/posts"}],"about":[{"href":"https:\/\/blog.creamontblanc.org\/index.php?rest_route=\/wp\/v2\/types\/post"}],"author":[{"embeddable":true,"href":"https:\/\/blog.creamontblanc.org\/index.php?rest_route=\/wp\/v2\/users\/12"}],"replies":[{"embeddable":true,"href":"https:\/\/blog.creamontblanc.org\/index.php?rest_route=%2Fwp%2Fv2%2Fcomments&post=3013"}],"version-history":[{"count":3,"href":"https:\/\/blog.creamontblanc.org\/index.php?rest_route=\/wp\/v2\/posts\/3013\/revisions"}],"predecessor-version":[{"id":3023,"href":"https:\/\/blog.creamontblanc.org\/index.php?rest_route=\/wp\/v2\/posts\/3013\/revisions\/3023"}],"wp:featuredmedia":[{"embeddable":true,"href":"https:\/\/blog.creamontblanc.org\/index.php?rest_route=\/wp\/v2\/media\/3014"}],"wp:attachment":[{"href":"https:\/\/blog.creamontblanc.org\/index.php?rest_route=%2Fwp%2Fv2%2Fmedia&parent=3013"}],"wp:term":[{"taxonomy":"category","embeddable":true,"href":"https:\/\/blog.creamontblanc.org\/index.php?rest_route=%2Fwp%2Fv2%2Fcategories&post=3013"},{"taxonomy":"post_tag","embeddable":true,"href":"https:\/\/blog.creamontblanc.org\/index.php?rest_route=%2Fwp%2Fv2%2Ftags&post=3013"}],"curies":[{"name":"wp","href":"https:\/\/api.w.org\/{rel}","templated":true}]}}