{"id":2992,"date":"2020-07-27T09:50:20","date_gmt":"2020-07-27T08:50:20","guid":{"rendered":"http:\/\/blog.creamontblanc.org?p=2992"},"modified":"2022-11-08T14:45:20","modified_gmt":"2022-11-08T13:45:20","slug":"retour-sur-le-16eme-printemps-phenoclim","status":"publish","type":"post","link":"https:\/\/blog.creamontblanc.org?p=2992","title":{"rendered":"Retour sur le 16\u00e8me printemps Ph\u00e9noclim"},"content":{"rendered":"\n<p><strong>Ph\u00e9noclim est un des plus anciens programmes de science participative en France. Il associe des participants aux profils et motivations vari\u00e9s qui observent la ph\u00e9nologie v\u00e9g\u00e9tale et la hauteur de neige, avec des chercheurs qui observent en parall\u00e8le la ph\u00e9nologie v\u00e9g\u00e9tale et animale, accompagnent les participants, analysent l\u2019ensemble des observations collect\u00e9es et restituent aux participants les r\u00e9sultats scientifiques nombreux issus de leurs observations. La plupart des observations du printemps 2020 a \u00e9t\u00e9 saisie, et le bilan saisonnier est en ligne&nbsp;! Concr\u00e9tisation scientifique importante de ce printemps&nbsp;: un nouvel article scientifique a \u00e9t\u00e9 publi\u00e9 dont nous expliquons ici quelques r\u00e9sultats.<\/strong><\/p>\n\n\n\n<figure class=\"wp-block-image size-large\"><img loading=\"lazy\" decoding=\"async\" width=\"1000\" height=\"538\" src=\"http:\/\/blog.creamontblanc.org\/wp-content\/uploads\/2020\/07\/Visuel_Ph\u00e9noclimPrintemps2020bis-1000x538.png\" alt=\"\" class=\"wp-image-2993\" srcset=\"https:\/\/blog.creamontblanc.org\/wp-content\/uploads\/2020\/07\/Visuel_Ph\u00e9noclimPrintemps2020bis-1000x538.png 1000w, https:\/\/blog.creamontblanc.org\/wp-content\/uploads\/2020\/07\/Visuel_Ph\u00e9noclimPrintemps2020bis-300x161.png 300w, https:\/\/blog.creamontblanc.org\/wp-content\/uploads\/2020\/07\/Visuel_Ph\u00e9noclimPrintemps2020bis-768x413.png 768w, https:\/\/blog.creamontblanc.org\/wp-content\/uploads\/2020\/07\/Visuel_Ph\u00e9noclimPrintemps2020bis.png 1212w\" sizes=\"auto, (max-width: 1000px) 100vw, 1000px\" \/><\/figure>\n\n\n\n<h3 class=\"wp-block-heading\">Printemps 2020&nbsp;: un d\u00e9marrage de la v\u00e9g\u00e9tation tr\u00e8s pr\u00e9coce<\/h3>\n\n\n\n<p>Saison tardive ou saison pr\u00e9coce&nbsp;? C\u2019est une des grandes questions que nous nous posons apr\u00e8s chaque saison (printemps et automne). Pour y r\u00e9pondre, le CREA Mont-Blanc analyse les observations du d\u00e9veloppement de la v\u00e9g\u00e9tation r\u00e9alis\u00e9es par le r\u00e9seau Ph\u00e9noclim (1961 observations pendant ce printemps 2020, dans 170 zones d\u2019\u00e9tude) ainsi que les observations de la reproduction de la faune (m\u00e9sange noire, grenouille rousse) effectu\u00e9es par l\u2019\u00e9quipe du CREA Mont-Blanc et des b\u00e9n\u00e9voles locaux. Toutes ces donn\u00e9es d\u2019observation sont \u00e9tudi\u00e9es en faisant le lien avec les donn\u00e9es de temp\u00e9rature et d\u2019enneigement collect\u00e9es b\u00e9n\u00e9volement (554 observations d\u2019enneigement en 2020) ou automatiquement (environ 4&nbsp;000&nbsp;000 relev\u00e9s de temp\u00e9rature depuis le d\u00e9but de l\u2019ann\u00e9e 2020).<\/p>\n\n\n\n<p>M\u00eame si on parle de \u00ab&nbsp;printemps&nbsp;\u00bb, de nombreux stades s\u2019observent en r\u00e9alit\u00e9 en hiver (ex&nbsp;: floraison et d\u00e9bourrement du noisetier et du lilas). Le d\u00e9marrage de la v\u00e9g\u00e9tation en 2020 s&rsquo;est fait bien en avance par rapport \u00e0 la moyenne 2006-2019. Dans les Alpes, l&rsquo;avance est de 6.1 jours en dessous de 1000m d&rsquo;altitude et 9.8 jours au-dessus de 1000m d&rsquo;altitude (comparaison par rapport \u00e0 la moyenne 2006-2019).<\/p>\n\n\n\n<p>Pour en savoir sur la ph\u00e9nologie v\u00e9g\u00e9tale et animale de ce printemps 2020&nbsp;: <a href=\"https:\/\/phenoclim.org\/fr\/bilans-saisonniers\">https:\/\/phenoclim.org\/fr\/bilans-saisonniers<\/a><\/p>\n\n\n\n<h3 class=\"wp-block-heading\">Printemps 2020&nbsp;: une nouvelle publication scientifique Ph\u00e9noclim<\/h3>\n\n\n\n<p>Pendant ce 16<sup>\u00e8me<\/sup> printemps Ph\u00e9noclim, un <a href=\"https:\/\/www.sciencedirect.com\/science\/article\/pii\/S0168192320300332\">nouvel article<\/a> a vu le jour gr\u00e2ce aux observations des participants (il s\u2019agit du 4<sup>\u00e8me<\/sup> article scientifique traitant les donn\u00e9es de Ph\u00e9noclim). La ph\u00e9nologie qui contr\u00f4le indirectement la distribution g\u00e9ographique des arbres peut \u00eatre pr\u00e9dite pour le futur gr\u00e2ce \u00e0 des mod\u00e8les. Diff\u00e9rents types de mod\u00e8les ont \u00e9t\u00e9 compar\u00e9s dans cet article. Les mod\u00e8les les plus robustes identifi\u00e9s pr\u00e9voient une r\u00e9duction des \u00e9carts entre les dates de d\u00e9bourrement \u00e0 basse et haute altitude pour de nombreuses esp\u00e8ces des Alpes d&rsquo;ici la fin du 21e si\u00e8cle. Ceci est d\u00fb d\u2019une part \u00e0 un avancement des dates de d\u00e9bourrement \u00e0 haute altitude et d\u2019autre part \u00e0 un ralentissement de la tendance \u00e0 la pr\u00e9cocit\u00e9 du d\u00e9bourrement \u00e0 basse altitude, voire m\u00eame \u00e0 un retard des dates pour certaines esp\u00e8ces.\u00a0Ces r\u00e9sultats sugg\u00e8rent que l\u2019on risque d\u2019assister \u00e0 une homog\u00e9n\u00e9isation de la ph\u00e9nologie au printemps le long du gradient d\u2019altitude alors que pour l\u2019instant les phases sont retard\u00e9es d\u2019en moyenne 3.33 jours pour 100 m gagn\u00e9s en altitude.<\/p>\n\n\n\n<p>Les besoins en froid (p\u00e9riode allant, selon les esp\u00e8ces, de quelques semaines \u00e0 plusieurs mois durant laquelle la temp\u00e9rature doit \u00eatre comprise entre 0 et 12\u00b0C pour lever la dormance des bourgeons) expliqueraient ces diff\u00e9rentes r\u00e9ponses. Il sera de plus en plus difficile d\u2019atteindre ces besoins en froid \u00e0 basse altitude, alors qu\u2019ils pourront encore \u00eatre atteints \u00e0 haute altitude d\u2019ici la fin du si\u00e8cle). Selon le sc\u00e9nario climatique le plus pessimiste (RCP 8.5), le d\u00e9bourrement en haute altitude pourrait avancer d\u2019un \u00e0 deux mois d\u2019ici la fin du 21<sup>\u00e8me<\/sup> si\u00e8cle, en fonction des esp\u00e8ces consid\u00e9r\u00e9es dans l\u2019article.<\/p>\n\n\n\n<h3 class=\"wp-block-heading\">Printemps 2020&nbsp;: les enjeux de la participation Ph\u00e9noclim<\/h3>\n\n\n\n<p>La tr\u00e8s grosse majorit\u00e9 (91%) des sites d\u2019observation du printemps 2020 a \u00e9t\u00e9 suivie par des particuliers et des professionnels de la nature (parcs et r\u00e9serves naturels, association naturaliste, corps forestier, etc.). Pour la premi\u00e8re fois depuis plusieurs ann\u00e9es les particuliers ont suivi plus de zones que les professionnels de la nature, sans doute une cons\u00e9quence du confinement de ce printemps 2020.<\/p>\n\n\n\n<p>Nous \u00e9tions ravis de compter parmi nous de tr\u00e8s nombreux nouveaux observateurs auvergnats et pyr\u00e9n\u00e9ens. Un enjeu important de Ph\u00e9noclim est de d\u00e9velopper une mobilisation dans le Massif Central et les Pyr\u00e9n\u00e9es, tout en maintenant un niveau de participation \u00e9lev\u00e9 dans les Alpes o\u00f9 les observations sont les plus anciennes. La pertinence des analyses scientifiques en d\u00e9pend.<\/p>\n\n\n\n<p>MERCI \u00e0 tous les b\u00e9n\u00e9voles qui ont particip\u00e9 aux suivis de l\u2019enneigement, de la flore et de la faune pendant ce printemps 2020&nbsp;!<\/p>\n\n\n\n<h3 class=\"wp-block-heading\">Une ph\u00e9nologie automnale si mal comprise<\/h3>\n\n\n\n<p>La communaut\u00e9 scientifique \u00e9tudie depuis tr\u00e8s longtemps la ph\u00e9nologie printani\u00e8re au travers des dates de floraison, d\u00e9bourrement et de feuillaison. La tendance g\u00e9n\u00e9rale \u00e0 la pr\u00e9cocit\u00e9 pour ces stades est bien connue (des contrastes importants existent entre esp\u00e8ces, altitudes et latitudes). A l\u2019inverse, la s\u00e9nescence des feuilles \u00e0 la fin de l\u2019\u00e9t\u00e9 ou \u00e0 l\u2019automne est bien moins \u00e9tudi\u00e9e et donc comprise. Du fait de l\u2019augmentation des temp\u00e9ratures, il semblerait que les conditions soient favorables pendant plus longtemps et que la senescence soit en g\u00e9n\u00e9ral retard\u00e9e (les feuilles jaunissent plus tard). Un constat cependant loin de se v\u00e9rifier de partout\u2026<\/p>\n\n\n\n<p>Le CREA Mont-Blanc poursuivra cet automne les observations de la ph\u00e9nologie v\u00e9g\u00e9tale autour du massif du Mont-Blanc (6 zones suivies). Nous esp\u00e9rons que vous nous accompagnerez dans cette aventure scientifique o\u00f9 que vous soyez&nbsp;!<\/p>\n\n\n\n<p><a href=\"https:\/\/phenoclim.org\/sites\/default\/files\/atoms\/files\/protocole_vegetation_phenoclim_creamontblanc_0.pdf\">Acc\u00e9der au protocole<\/a><\/p>\n\n\n\n<p><a href=\"https:\/\/phenoclim.org\/fr\/participer-devenir-observateur#vegetation\">Les 4 \u00e9tapes pour se lancer dans Ph\u00e9noclim<\/a><\/p>\n","protected":false},"excerpt":{"rendered":"<p>Ph\u00e9noclim est un des plus anciens programmes de science participative en France. Il associe des participants aux profils et motivations vari\u00e9s qui observent la ph\u00e9nologie v\u00e9g\u00e9tale et la hauteur de neige, avec des chercheurs qui observent en parall\u00e8le la ph\u00e9nologie &hellip; <a href=\"https:\/\/blog.creamontblanc.org?p=2992\">Lire la suite\u00ad\u00ad<\/a><\/p>\n","protected":false},"author":12,"featured_media":3003,"comment_status":"open","ping_status":"open","sticky":false,"template":"","format":"standard","meta":{"_monsterinsights_skip_tracking":false,"_monsterinsights_sitenote_active":false,"_monsterinsights_sitenote_note":"","_monsterinsights_sitenote_category":0,"ngg_post_thumbnail":0,"footnotes":""},"categories":[31],"tags":[46],"class_list":["post-2992","post","type-post","status-publish","format-standard","has-post-thumbnail","hentry","category-sciences-participatives","tag-phenoclim"],"aioseo_notices":[],"amp_enabled":true,"_links":{"self":[{"href":"https:\/\/blog.creamontblanc.org\/index.php?rest_route=\/wp\/v2\/posts\/2992","targetHints":{"allow":["GET"]}}],"collection":[{"href":"https:\/\/blog.creamontblanc.org\/index.php?rest_route=\/wp\/v2\/posts"}],"about":[{"href":"https:\/\/blog.creamontblanc.org\/index.php?rest_route=\/wp\/v2\/types\/post"}],"author":[{"embeddable":true,"href":"https:\/\/blog.creamontblanc.org\/index.php?rest_route=\/wp\/v2\/users\/12"}],"replies":[{"embeddable":true,"href":"https:\/\/blog.creamontblanc.org\/index.php?rest_route=%2Fwp%2Fv2%2Fcomments&post=2992"}],"version-history":[{"count":4,"href":"https:\/\/blog.creamontblanc.org\/index.php?rest_route=\/wp\/v2\/posts\/2992\/revisions"}],"predecessor-version":[{"id":3000,"href":"https:\/\/blog.creamontblanc.org\/index.php?rest_route=\/wp\/v2\/posts\/2992\/revisions\/3000"}],"wp:featuredmedia":[{"embeddable":true,"href":"https:\/\/blog.creamontblanc.org\/index.php?rest_route=\/wp\/v2\/media\/3003"}],"wp:attachment":[{"href":"https:\/\/blog.creamontblanc.org\/index.php?rest_route=%2Fwp%2Fv2%2Fmedia&parent=2992"}],"wp:term":[{"taxonomy":"category","embeddable":true,"href":"https:\/\/blog.creamontblanc.org\/index.php?rest_route=%2Fwp%2Fv2%2Fcategories&post=2992"},{"taxonomy":"post_tag","embeddable":true,"href":"https:\/\/blog.creamontblanc.org\/index.php?rest_route=%2Fwp%2Fv2%2Ftags&post=2992"}],"curies":[{"name":"wp","href":"https:\/\/api.w.org\/{rel}","templated":true}]}}