{"id":2940,"date":"2020-06-15T09:48:12","date_gmt":"2020-06-15T08:48:12","guid":{"rendered":"http:\/\/blog.creamontblanc.org?p=2940"},"modified":"2022-11-08T15:00:36","modified_gmt":"2022-11-08T14:00:36","slug":"le-crea-mont-blanc-a-rencontre-emmanuel-macron","status":"publish","type":"post","link":"https:\/\/blog.creamontblanc.org?p=2940","title":{"rendered":"Le CREA Mont-Blanc a rencontr\u00e9 Emmanuel Macron"},"content":{"rendered":"\n<p><strong>Le CREA Mont-Blanc a eu l\u2019occasion de transmettre ses messages au plus haut niveau de l\u2019Etat lors de la visite d\u2019Emmanuel Macron \u00e0 la Mer de glace, le 13 f\u00e9vrier dernier. Notre association y avait \u00e9t\u00e9 associ\u00e9e en tant qu\u2019acteur scientifique du territoire du Mont-Blanc.<\/strong><\/p>\n\n\n\n<figure class=\"wp-block-image size-large\"><img loading=\"lazy\" decoding=\"async\" width=\"927\" height=\"521\" src=\"http:\/\/blog.creamontblanc.org\/wp-content\/uploads\/2020\/06\/20200217_Macron_MdG2_cElysee.jpeg\" alt=\"\" class=\"wp-image-2954\" srcset=\"https:\/\/blog.creamontblanc.org\/wp-content\/uploads\/2020\/06\/20200217_Macron_MdG2_cElysee.jpeg 927w, https:\/\/blog.creamontblanc.org\/wp-content\/uploads\/2020\/06\/20200217_Macron_MdG2_cElysee-300x169.jpeg 300w, https:\/\/blog.creamontblanc.org\/wp-content\/uploads\/2020\/06\/20200217_Macron_MdG2_cElysee-768x432.jpeg 768w\" sizes=\"auto, (max-width: 927px) 100vw, 927px\" \/><figcaption><em>Rencontre au sommet avec Emmanuel Macron.<\/em> (c) \u00c9lys\u00e9e <\/figcaption><\/figure>\n\n\n\n<p>L\u2019information des d\u00e9cideurs et la diffusion des connaissances scientifiques font partie des missions essentielles du CREA Mont-Blanc\u2026 et cela va jusqu\u2019au pr\u00e9sident de la R\u00e9publique&nbsp;! Associ\u00e9e par la Communaut\u00e9 de Communes de la Vall\u00e9e de Chamonix Mont-Blanc \u00e0 cette journ\u00e9e consacr\u00e9e \u00e0 la biodiversit\u00e9 et \u00e0 la transition \u00e9cologique, notre association a pu \u00e9changer directement avec le pr\u00e9sident de la R\u00e9publique et les ministres Elisabeth Borne et Emmanuelle Wargon. Des conversations en pleine nature pendant lesquelles nous avons pu apporter notre \u00e9clairage scientifique et partager nos convictions sur les grands enjeux environnementaux. Le CREA Mont-Blanc a notamment insist\u00e9 sur la mani\u00e8re dont la nature peut nous inspirer pour imaginer nos propres strat\u00e9gies d\u2019adaptation au changement climatique et sur la n\u00e9cessit\u00e9 de penser le massif du Mont-Blanc, comme une zone refuge pour toute la biodiversit\u00e9 d\u2019altitude, en y int\u00e9grant les activit\u00e9s humaines.<\/p>\n","protected":false},"excerpt":{"rendered":"<p>Le CREA Mont-Blanc a eu l\u2019occasion de transmettre ses messages au plus haut niveau de l\u2019Etat lors de la visite d\u2019Emmanuel Macron \u00e0 la Mer de glace, le 13 f\u00e9vrier dernier. Notre association y avait \u00e9t\u00e9 associ\u00e9e en tant qu\u2019acteur &hellip; <a href=\"https:\/\/blog.creamontblanc.org?p=2940\">Lire la suite\u00ad\u00ad<\/a><\/p>\n","protected":false},"author":7,"featured_media":2978,"comment_status":"open","ping_status":"open","sticky":false,"template":"","format":"standard","meta":{"_monsterinsights_skip_tracking":false,"_monsterinsights_sitenote_active":false,"_monsterinsights_sitenote_note":"","_monsterinsights_sitenote_category":0,"ngg_post_thumbnail":0,"footnotes":""},"categories":[5],"tags":[207,11,12],"class_list":["post-2940","post","type-post","status-publish","format-standard","has-post-thumbnail","hentry","category-vie-association","tag-emmanuel-macron","tag-evenement","tag-rencontre"],"aioseo_notices":[],"amp_enabled":true,"_links":{"self":[{"href":"https:\/\/blog.creamontblanc.org\/index.php?rest_route=\/wp\/v2\/posts\/2940","targetHints":{"allow":["GET"]}}],"collection":[{"href":"https:\/\/blog.creamontblanc.org\/index.php?rest_route=\/wp\/v2\/posts"}],"about":[{"href":"https:\/\/blog.creamontblanc.org\/index.php?rest_route=\/wp\/v2\/types\/post"}],"author":[{"embeddable":true,"href":"https:\/\/blog.creamontblanc.org\/index.php?rest_route=\/wp\/v2\/users\/7"}],"replies":[{"embeddable":true,"href":"https:\/\/blog.creamontblanc.org\/index.php?rest_route=%2Fwp%2Fv2%2Fcomments&post=2940"}],"version-history":[{"count":4,"href":"https:\/\/blog.creamontblanc.org\/index.php?rest_route=\/wp\/v2\/posts\/2940\/revisions"}],"predecessor-version":[{"id":2986,"href":"https:\/\/blog.creamontblanc.org\/index.php?rest_route=\/wp\/v2\/posts\/2940\/revisions\/2986"}],"wp:featuredmedia":[{"embeddable":true,"href":"https:\/\/blog.creamontblanc.org\/index.php?rest_route=\/wp\/v2\/media\/2978"}],"wp:attachment":[{"href":"https:\/\/blog.creamontblanc.org\/index.php?rest_route=%2Fwp%2Fv2%2Fmedia&parent=2940"}],"wp:term":[{"taxonomy":"category","embeddable":true,"href":"https:\/\/blog.creamontblanc.org\/index.php?rest_route=%2Fwp%2Fv2%2Fcategories&post=2940"},{"taxonomy":"post_tag","embeddable":true,"href":"https:\/\/blog.creamontblanc.org\/index.php?rest_route=%2Fwp%2Fv2%2Ftags&post=2940"}],"curies":[{"name":"wp","href":"https:\/\/api.w.org\/{rel}","templated":true}]}}