{"id":2913,"date":"2020-06-10T15:58:38","date_gmt":"2020-06-10T14:58:38","guid":{"rendered":"http:\/\/blog.creamontblanc.org?p=2913"},"modified":"2022-11-08T15:02:07","modified_gmt":"2022-11-08T14:02:07","slug":"comment-les-zones-humides-daltitude-changent-avec-le-climat","status":"publish","type":"post","link":"https:\/\/blog.creamontblanc.org?p=2913","title":{"rendered":"Comment les zones humides d\u2019altitude changent avec le climat"},"content":{"rendered":"\n<p><strong>Le CREA Mont-Blanc fait d\u00e9sormais appel \u00e0 l&rsquo;imagerie satellitaire pour \u00e9tudier l&rsquo;\u00e9volution des zones humides de montagne. Cette approche novatrice coupl\u00e9e aux observations de terrain permet de mieux comprendre l\u2019adaptation de la biodiversit\u00e9 de ces milieux naturels au changement climatique. Auteur de l\u2019\u00e9tude, Brad Carlson, vous en dit plus sur ce projet qui a pu voir le jour gr\u00e2ce au soutien de partenaires publics et priv\u00e9s, parmi lesquels la Fondation Terre d\u2019Initiative Solidaire et la Fondation Caisse d\u2019Epargne Rh\u00f4ne-Alpes.<\/strong><\/p>\n\n\n\n<figure class=\"wp-block-image size-large\"><img loading=\"lazy\" decoding=\"async\" width=\"1000\" height=\"563\" src=\"http:\/\/blog.creamontblanc.org\/wp-content\/uploads\/2020\/06\/1er_image_ZH-1000x563.jpeg\" alt=\"\" class=\"wp-image-2914\" srcset=\"https:\/\/blog.creamontblanc.org\/wp-content\/uploads\/2020\/06\/1er_image_ZH-1000x563.jpeg 1000w, https:\/\/blog.creamontblanc.org\/wp-content\/uploads\/2020\/06\/1er_image_ZH-300x169.jpeg 300w, https:\/\/blog.creamontblanc.org\/wp-content\/uploads\/2020\/06\/1er_image_ZH-768x432.jpeg 768w, https:\/\/blog.creamontblanc.org\/wp-content\/uploads\/2020\/06\/1er_image_ZH-1536x864.jpeg 1536w, https:\/\/blog.creamontblanc.org\/wp-content\/uploads\/2020\/06\/1er_image_ZH-scaled.jpeg 2048w\" sizes=\"auto, (max-width: 1000px) 100vw, 1000px\" \/><figcaption>Des \u00e9tudiants de l\u2019<a href=\"https:\/\/www.colorado.edu\/menv\/\">Universit\u00e9 de Colorado Boulder Masters of the Environment Program<\/a> sur le terrain pour valider les mod\u00e9lisations des zones humides r\u00e9alis\u00e9es \u00e0 partir des donn\u00e9es satellitaires. Photo: CREA Mont-Blanc<\/figcaption><\/figure>\n\n\n\n<p>Comment le changement climatique affecte-t-il les zones humides d\u2019altitude&nbsp;? Alors que les Alpes ont connu dans les derni\u00e8res d\u00e9cennies une augmentation de la temp\u00e9rature moyenne de 2 \u00b0C, une diminution de la dur\u00e9e d\u2019enneigement de 4 \u00e0 5 semaines et une intensification des canicules estivales, le CREA Mont-Blanc a \u00e9tudi\u00e9 la r\u00e9action de ces milieux naturels \u00e0 ces \u00e9volutions tendancielles. Les r\u00e9sultats de ce projet de 3 ans portant sur 95 zones humides des environs de Chamonix situ\u00e9es entre 1800 m et 2600 m d\u2019altitude ont \u00e9t\u00e9 pr\u00e9sent\u00e9s dans un rapport publi\u00e9 fin 2019. \u00ab&nbsp;Nous nous sommes int\u00e9ress\u00e9s aux mares, qui peuvent \u00eatre temporaires et sont particuli\u00e8rement d\u00e9pendantes de l\u2019apport en eau des bassins versants, explique Brad Carlson, charg\u00e9 de recherche au CREA Mont-Blanc. Nous avons eu de la chance parce que les trois ann\u00e9es \u00e9tudi\u00e9es, 2016, 2017 et 2018, \u00e9taient tr\u00e8s contrast\u00e9es en termes de dur\u00e9e d\u2019enneigement, de pr\u00e9cipitations et de temp\u00e9rature estivale par rapport aux 30 derni\u00e8res ann\u00e9es. Et avec 2017, on a une ann\u00e9e repr\u00e9sentative des conditions extr\u00eames qui pourraient devenir la moyenne.&nbsp;\u00bb<\/p>\n\n\n\n<h3 class=\"wp-block-heading\">Observer le cycle hydrologique tout au long de l\u2019ann\u00e9e<\/h3>\n\n\n\n<div class=\"wp-block-image\"><figure class=\"alignright size-large is-resized\"><img loading=\"lazy\" decoding=\"async\" src=\"https:\/\/blog.creamontblanc.org\/wp-content\/uploads\/2020\/06\/2eme_image_ZH.jpg\" alt=\"\" class=\"wp-image-2916\" width=\"415\" height=\"600\"\/><figcaption>Une mare ass\u00e9ch\u00e9e sur le site de Loriaz, \u00e0 1900 m d\u2019altitude. <br>Photo: CREA Mont-Blanc<\/figcaption><\/figure><\/div>\n\n\n\n<p>Pour estimer la quantit\u00e9 d\u2019eau pr\u00e9sente dans ces mares, une nouvelle approche m\u00e9thodologique utilisant les donn\u00e9es de t\u00e9l\u00e9d\u00e9tection a \u00e9t\u00e9 exp\u00e9riment\u00e9e. \u00ab&nbsp;Gr\u00e2ce au satellite Sentinel-2, qui passe tous les 5 jours, nous avons pu d\u00e9tecter l\u2019eau et observer le cycle hydrologique tout au long de l\u2019ann\u00e9e, y compris durant les p\u00e9riodes d\u2019enneigement. En comparant les surfaces en eau sur les 3 ann\u00e9es, nous avons constat\u00e9 que les mares \u00e9taient significativement plus ass\u00e9ch\u00e9es durant l\u2019\u00e9t\u00e9 2017. Or, cette ann\u00e9e s\u2019est caract\u00e9ris\u00e9e par un enneigement beaucoup plus faible et des chaleurs caniculaires l\u2019\u00e9t\u00e9, r\u00e9duisant la pr\u00e9sence de n\u00e9v\u00e9s persistants dans le haut des bassins versants&nbsp;\u00bb, poursuit Brad. Le premier enseignement de l\u2019\u00e9tude est donc que sur les sites et les ann\u00e9es d\u2019\u00e9tude concern\u00e9s, l\u2019enneigement et les temp\u00e9ratures estivales influent beaucoup plus sur la pr\u00e9sence d\u2019eau que les pr\u00e9cipitations.&nbsp;<\/p>\n\n\n\n<h3 class=\"wp-block-heading\">Quel impact sur la flore et la faune<\/h3>\n\n\n\n<p>L\u2019autre aspect du projet consistait \u00e0 mesurer l\u2019impact de la diminution du volume d\u2019eau ou du risque d\u2019ass\u00e8chement sur la flore et la faune pr\u00e9sente dans les zones humides. L\u00e0 encore, l\u2019analyse des donn\u00e9es satellite a permis de comparer la productivit\u00e9 de biomasse v\u00e9g\u00e9tale sur les trois ann\u00e9es, sans mettre en \u00e9vidence de diff\u00e9rence notable. \u00ab&nbsp;Notre hypoth\u00e8se, qui reste \u00e0 v\u00e9rifier, est que m\u00eame durant un \u00e9t\u00e9 tr\u00e8s sec, le sol de ces zones reste relativement humide et favorable \u00e0 la v\u00e9g\u00e9tation, analyse Brad. Mais \u00e0 plus long terme, ces conditions plus s\u00e8ches pourraient entra\u00eener un remplacement de la flore sp\u00e9cifique des zones humides par des plantes g\u00e9n\u00e9ralistes plus comp\u00e9titrices. C\u2019est une probl\u00e9matique que nous n\u2019avons pas abord\u00e9e dans l\u2019\u00e9tude mais qui est une cons\u00e9quence possible.&nbsp;\u00bb&nbsp;<\/p>\n\n\n\n<p>Du c\u00f4t\u00e9 de la faune, le CREA Mont-Blanc a pu croiser ces donn\u00e9es de t\u00e9l\u00e9d\u00e9tection avec les r\u00e9sultats du suivi ph\u00e9nologique de la grenouille rousse. L\u2019\u00e9tude montre, quand les conditions sont plus s\u00e8ches, comme en 2017, \u00e0 la fois une extension du cycle de reproduction de la grenouille li\u00e9e \u00e0 un d\u00e9neigement plus pr\u00e9coce, et une plus grande mortalit\u00e9 des t\u00eatards due \u00e0 l\u2019ass\u00e8chement du milieu. Dans un contexte de changement climatique, les conditions risquent de devenir moins favorables pour les amphibiens dans ces milieux.<\/p>\n\n\n\n<div class=\"wp-block-image\"><figure class=\"alignleft size-large is-resized\"><img loading=\"lazy\" decoding=\"async\" src=\"https:\/\/blog.creamontblanc.org\/wp-content\/uploads\/2020\/06\/3eme_image_ZH.jpg\" alt=\"\" class=\"wp-image-2918\" width=\"400\" height=\"300\" srcset=\"https:\/\/blog.creamontblanc.org\/wp-content\/uploads\/2020\/06\/3eme_image_ZH.jpg 800w, https:\/\/blog.creamontblanc.org\/wp-content\/uploads\/2020\/06\/3eme_image_ZH-300x225.jpg 300w, https:\/\/blog.creamontblanc.org\/wp-content\/uploads\/2020\/06\/3eme_image_ZH-768x576.jpg 768w\" sizes=\"auto, (max-width: 400px) 100vw, 400px\" \/><figcaption>Un observateur b\u00e9n\u00e9vole, Guillaume Bellissent, utilise son drone pour valider sur site la surface en eau d\u2019une mare. <br>Photo: Guillaume Belissent<\/figcaption><\/figure><\/div>\n\n\n\n<div class=\"wp-block-image\"><figure class=\"alignright size-large is-resized\"><img loading=\"lazy\" decoding=\"async\" src=\"https:\/\/blog.creamontblanc.org\/wp-content\/uploads\/2020\/06\/4eme_image_ZH.jpg\" alt=\"\" class=\"wp-image-2920\" width=\"400\" height=\"300\" srcset=\"https:\/\/blog.creamontblanc.org\/wp-content\/uploads\/2020\/06\/4eme_image_ZH.jpg 800w, https:\/\/blog.creamontblanc.org\/wp-content\/uploads\/2020\/06\/4eme_image_ZH-300x225.jpg 300w, https:\/\/blog.creamontblanc.org\/wp-content\/uploads\/2020\/06\/4eme_image_ZH-768x576.jpg 768w\" sizes=\"auto, (max-width: 400px) 100vw, 400px\" \/><figcaption>Ponte de grenouille rousse au printemps \u00e0 Loriaz. <br>Photo: <a href=\"https:\/\/whitetriangle.agency\/\">White Triangle Agency <\/a><\/figcaption><\/figure><\/div>\n\n\n\n<p><\/p>\n\n\n\n<p><\/p>\n\n\n\n<h3 class=\"wp-block-heading\">Une premi\u00e8re \u00e9tape<\/h3>\n\n\n\n<p>Pour r\u00e9aliser cette \u00e9tude, le CREA Mont-Blanc a pour la premi\u00e8re fois mis en \u0153uvre cette nouvelle m\u00e9thode associant t\u00e9l\u00e9d\u00e9tection et observations de terrain. \u00ab&nbsp;La d\u00e9marche que nous proposons est de faire un suivi automatis\u00e9 \u00e0 l\u2019\u00e9chelle r\u00e9gionale pour comparer l\u2019hydrologie de ces milieux d\u2019une ann\u00e9e sur l\u2019autre sur l\u2019ensemble des sites, et ensuite d\u2019avoir des observations r\u00e9guli\u00e8res sur le terrain en compl\u00e9ment. Il y a des microph\u00e9nom\u00e8nes comme l\u2019ass\u00e8chement tr\u00e8s localis\u00e9 ou le stade de croissance des t\u00eatards qu\u2019on ne pourra jamais mesurer par satellite&nbsp;! Maintenant que l\u2019outil est en place, c\u2019est quelque chose que nous ferons en routine&nbsp;\u00bb, conclut Brad. Ce premier projet a \u00e9t\u00e9 men\u00e9 avec l\u2019Agence de l\u2019eau Rh\u00f4ne M\u00e9diterran\u00e9e Corse, avec le soutien essentiel de plusieurs partenaires institutionnels et d\u2019acteurs priv\u00e9s comme la <a href=\"https:\/\/www.suez.com\/fr\/notre-groupe\/un-groupe-engage\">Fondation Terre d\u2019Initiatives Solidaires<\/a> (fondation de SUEZ en Auvergne-Rh\u00f4ne-Alpes) et la Fondation Caisse d\u2019Epargne Rh\u00f4ne-Alpes. Non seulement ces partenariats ont rendu possible la mise en \u0153uvre de notre approche innovante, mais ils cr\u00e9ent de nouvelles opportunit\u00e9s pour enrichir notre communaut\u00e9 et \u00e9changer plus largement encore sur les enjeux du changement climatique et de la biodiversit\u00e9. Les r\u00e9sultats de cette \u00e9tude serviront de base pour aller plus loin, et notamment pour mettre en place des indicateurs permettant de mettre en place un plan de gestion des zones humides de la vall\u00e9e de Chamonix.&nbsp;<\/p>\n\n\n\n<div class=\"wp-block-image\"><figure class=\"aligncenter size-large\"><img loading=\"lazy\" decoding=\"async\" width=\"537\" height=\"278\" src=\"https:\/\/blog.creamontblanc.org\/wp-content\/uploads\/2020\/06\/logos.png\" alt=\"\" class=\"wp-image-2964\" srcset=\"https:\/\/blog.creamontblanc.org\/wp-content\/uploads\/2020\/06\/logos.png 537w, https:\/\/blog.creamontblanc.org\/wp-content\/uploads\/2020\/06\/logos-300x155.png 300w\" sizes=\"auto, (max-width: 537px) 100vw, 537px\" \/><\/figure><\/div>\n","protected":false},"excerpt":{"rendered":"<p>Le CREA Mont-Blanc fait d\u00e9sormais appel \u00e0 l&rsquo;imagerie satellitaire pour \u00e9tudier l&rsquo;\u00e9volution des zones humides de montagne. Cette approche novatrice coupl\u00e9e aux observations de terrain permet de mieux comprendre l\u2019adaptation de la biodiversit\u00e9 de ces milieux naturels au changement climatique. &hellip; <a href=\"https:\/\/blog.creamontblanc.org?p=2913\">Lire la suite\u00ad\u00ad<\/a><\/p>\n","protected":false},"author":7,"featured_media":2982,"comment_status":"open","ping_status":"open","sticky":false,"template":"","format":"standard","meta":{"_monsterinsights_skip_tracking":false,"_monsterinsights_sitenote_active":false,"_monsterinsights_sitenote_note":"","_monsterinsights_sitenote_category":0,"ngg_post_thumbnail":0,"footnotes":""},"categories":[194],"tags":[208],"class_list":["post-2913","post","type-post","status-publish","format-standard","has-post-thumbnail","hentry","category-la-recherche","tag-zones-humides"],"aioseo_notices":[],"amp_enabled":true,"_links":{"self":[{"href":"https:\/\/blog.creamontblanc.org\/index.php?rest_route=\/wp\/v2\/posts\/2913","targetHints":{"allow":["GET"]}}],"collection":[{"href":"https:\/\/blog.creamontblanc.org\/index.php?rest_route=\/wp\/v2\/posts"}],"about":[{"href":"https:\/\/blog.creamontblanc.org\/index.php?rest_route=\/wp\/v2\/types\/post"}],"author":[{"embeddable":true,"href":"https:\/\/blog.creamontblanc.org\/index.php?rest_route=\/wp\/v2\/users\/7"}],"replies":[{"embeddable":true,"href":"https:\/\/blog.creamontblanc.org\/index.php?rest_route=%2Fwp%2Fv2%2Fcomments&post=2913"}],"version-history":[{"count":17,"href":"https:\/\/blog.creamontblanc.org\/index.php?rest_route=\/wp\/v2\/posts\/2913\/revisions"}],"predecessor-version":[{"id":3440,"href":"https:\/\/blog.creamontblanc.org\/index.php?rest_route=\/wp\/v2\/posts\/2913\/revisions\/3440"}],"wp:featuredmedia":[{"embeddable":true,"href":"https:\/\/blog.creamontblanc.org\/index.php?rest_route=\/wp\/v2\/media\/2982"}],"wp:attachment":[{"href":"https:\/\/blog.creamontblanc.org\/index.php?rest_route=%2Fwp%2Fv2%2Fmedia&parent=2913"}],"wp:term":[{"taxonomy":"category","embeddable":true,"href":"https:\/\/blog.creamontblanc.org\/index.php?rest_route=%2Fwp%2Fv2%2Fcategories&post=2913"},{"taxonomy":"post_tag","embeddable":true,"href":"https:\/\/blog.creamontblanc.org\/index.php?rest_route=%2Fwp%2Fv2%2Ftags&post=2913"}],"curies":[{"name":"wp","href":"https:\/\/api.w.org\/{rel}","templated":true}]}}