{"id":2879,"date":"2020-05-27T08:44:12","date_gmt":"2020-05-27T07:44:12","guid":{"rendered":"http:\/\/blog.creamontblanc.org?p=2879"},"modified":"2022-11-08T15:03:37","modified_gmt":"2022-11-08T14:03:37","slug":"wild-mont-blanc-un-nouveau-programme-de-science-participative-a-succes","status":"publish","type":"post","link":"https:\/\/blog.creamontblanc.org?p=2879","title":{"rendered":"Wild Mont-Blanc\u00a0: un nouveau programme de science participative \u00e0 succ\u00e8s\u00a0!"},"content":{"rendered":"\n<p><strong>Gros succ\u00e8s pour le nouveau programme de sciences participatives du CREA Mont-Blanc et de la Communaut\u00e9 de Communes de la Vall\u00e9e de Chamonix Mont-Blanc (CCVCMB). Le programme Wild Mont-Blanc, est \u00e0 la fois scientifique, ludique, \u00e9ducatif\u2026 et on y participe depuis chez soi, un r\u00e9el atout pendant ce confinement qui nous a priv\u00e9s de nature&nbsp;!<\/strong><\/p>\n\n\n\n<figure class=\"wp-block-image size-large\"><img loading=\"lazy\" decoding=\"async\" width=\"1000\" height=\"563\" src=\"http:\/\/blog.creamontblanc.org\/wp-content\/uploads\/2020\/05\/couvercle2600__2018-09-15__08-36-203-1000x563.jpg\" alt=\"\" class=\"wp-image-2880\" srcset=\"https:\/\/blog.creamontblanc.org\/wp-content\/uploads\/2020\/05\/couvercle2600__2018-09-15__08-36-203-1000x563.jpg 1000w, https:\/\/blog.creamontblanc.org\/wp-content\/uploads\/2020\/05\/couvercle2600__2018-09-15__08-36-203-300x169.jpg 300w, https:\/\/blog.creamontblanc.org\/wp-content\/uploads\/2020\/05\/couvercle2600__2018-09-15__08-36-203-768x432.jpg 768w, https:\/\/blog.creamontblanc.org\/wp-content\/uploads\/2020\/05\/couvercle2600__2018-09-15__08-36-203-1536x864.jpg 1536w, https:\/\/blog.creamontblanc.org\/wp-content\/uploads\/2020\/05\/couvercle2600__2018-09-15__08-36-203-scaled.jpg 2048w\" sizes=\"auto, (max-width: 1000px) 100vw, 1000px\" \/><figcaption><em>Un exemple de photo prise par un appareil photo du projet<\/em><\/figcaption><\/figure>\n\n\n\n<h4 class=\"wp-block-heading\"><span class=\"has-inline-color has-black-color\">Citoyens et chercheurs collaborent pour am\u00e9liorer la connaissance scientifique sur la biologie des animaux de montagne<\/span><\/h4>\n\n\n\n<p>Une quarantaine d\u2019appareils photos automatiques install\u00e9s entre 1300 m\u00e8tres et 2700 m\u00e8tres d\u2019altitude, sur diff\u00e9rents versants du massif du Mont-Blanc, permet de suivre l\u2019activit\u00e9 des animaux alpins. Une photo d\u2019un animal est prise d\u00e8s que celui-ci passe devant l\u2019appareil. Dans le cadre du projet <a href=\"https:\/\/www.zooniverse.org\/projects\/crea-mont-blanc\/wild-mont-blanc?language=fr\">Wild Mont-Blanc<\/a>, les citoyens sont sollicit\u00e9s pour identifier les animaux pr\u00e9sents dans les centaines de milliers d\u2019images prises par ces appareils depuis 2018.<\/p>\n\n\n\n<p>Ces donn\u00e9es permettront aux scientifiques du CREA Mont-Blanc de mieux comprendre quelles sont les r\u00e9ponses des animaux face aux changements de leur environnement. Concr\u00e8tement pour les scientifiques il s\u2019agit d\u2019analyser les d\u00e9placements des esp\u00e8ces, leur rythme d\u2019activit\u00e9, leur comportement alimentaire, et leur date de mue (pour celles concern\u00e9es&nbsp;: li\u00e8vre variable, lagop\u00e8de alpin, hermine).<\/p>\n\n\n\n<p>Pour ceux qui souhaitent donner un peu de leur temps au profit de la recherche sur le changement climatique, Wild Mont-Blanc est une plateforme ludique et p\u00e9dagogique d\u2019identification d\u2019animaux alpins, qui peut s\u2019av\u00e9rer \u00eatre assez addictive&nbsp;! Des outils d\u2019aide \u00e0 l\u2019identification sont propos\u00e9s pour que les n\u00e9ophytes puissent apprendre rapidement \u00e0 reconna\u00eetre les esp\u00e8ces. De plus, chaque photo est vue par de tr\u00e8s nombreux observateurs diff\u00e9rents, ce qui limite le risque d\u2019erreurs. Les chercheurs du CREA Mont-Blanc restent connect\u00e9s \u00e0 la plateforme pour r\u00e9pondre aux questions des participants.<\/p>\n\n\n\n<h3 class=\"wp-block-heading\">Et c\u2019est d\u00e9j\u00e0 un succ\u00e8s&nbsp;!<\/h3>\n\n\n\n<p>Un mois apr\u00e8s le lancement de Wild Mont-Blanc (c\u2019\u00e9tait le 15 avril 2020), ce sont plus de 4&nbsp;000 volontaires qui ont r\u00e9alis\u00e9 un total de 800&nbsp;000 observations&nbsp;! Les citoyens confin\u00e9s en France ou ailleurs (la plateforme est accessible en anglais et en fran\u00e7ais.) ont pris le temps de participer \u00e0 ce que certains qualifient m\u00eame d\u2019une r\u00e9elle \u00ab&nbsp;exp\u00e9rience de nature&nbsp;\u00bb.<\/p>\n\n\n\n<figure class=\"wp-block-image size-large\"><img loading=\"lazy\" decoding=\"async\" width=\"1000\" height=\"485\" src=\"https:\/\/blog.creamontblanc.org\/wp-content\/uploads\/2020\/05\/image.png\" alt=\"\" class=\"wp-image-2882\" srcset=\"https:\/\/blog.creamontblanc.org\/wp-content\/uploads\/2020\/05\/image.png 1000w, https:\/\/blog.creamontblanc.org\/wp-content\/uploads\/2020\/05\/image-300x146.png 300w, https:\/\/blog.creamontblanc.org\/wp-content\/uploads\/2020\/05\/image-768x372.png 768w\" sizes=\"auto, (max-width: 1000px) 100vw, 1000px\" \/><figcaption><em>L\u2019interface d\u2019identification de Wild Mont-Blanc<\/em><\/figcaption><\/figure>\n\n\n\n<p>La presse s\u2019est tr\u00e8s largement empar\u00e9e du sujet&nbsp;: France Inter (\u00e0 r\u00e9\u00e9couter <a href=\"https:\/\/www.franceinter.fr\/emissions\/le-journal-de-7h30\/le-journal-de-7h30-27-avril-2020\">ici<\/a> \u00e0 10\u201918), Le <a href=\"https:\/\/www.ledauphine.com\/environnement\/2020\/04\/26\/identifiez-les-animaux-du-mont-blanc-pour-aider-la-recherche-scientifique\">Dauphin\u00e9 Lib\u00e9r\u00e9<\/a>, <a href=\"https:\/\/france3-regions.francetvinfo.fr\/auvergne-rhone-alpes\/haute-savoie\/chamonix\/vallee-du-mont-blanc-citoyens-sollicites-etudier-impact-du-rechauffement-climatique-animaux-alpins-1820588.html\">France TV<\/a>, <a href=\"https:\/\/www.youtube.com\/watch?v=zX1BvFlMjck\">TV8 Mont-Blanc<\/a>, <a href=\"https:\/\/www.francebleu.fr\/infos\/environnement\/appel-aux-volontaires-pour-identifier-les-animaux-du-mont-blanc-sur-photos-1587735082\">France Bleu<\/a>, <a href=\"https:\/\/rcf.fr\/la-matinale\/wild-mont-blanc-ou-est-chamois\">RCF<\/a>, <a href=\"https:\/\/groupe-ecomedia.com\/wild-mont-blanc-le-sauvage-a-domicile\/\">Ecomedia<\/a>, <a href=\"https:\/\/www.actumontagne.com\/environnement\/contribuez-au-projet-wild-mont-blanc-depuis-chez-vous\/\">ActuMontagne<\/a>, <a href=\"https:\/\/www.geo.fr\/environnement\/sur-ces-images-aidez-les-scientifiques-a-identifier-les-animaux-du-mont-blanc-200582\">G\u00e9o<\/a>, <a href=\"https:\/\/www.altitude.news\/culture\/sciences\/2020\/05\/10\/naturaliste-massif-wild-mont-blanc-depuis-mon-canape\/\">Altitudes News<\/a>.<\/p>\n\n\n\n<h3 class=\"wp-block-heading\"><span class=\"has-inline-color has-virtue-primary-color\">Les prochaines \u00e9tapes<\/span><\/h3>\n\n\n\n<p>Avant l\u2019identification par les citoyens, les scientifiques du CREA Mont-Blanc ont \u00e9galement observ\u00e9 de nombreuses photos. Pour les photos scrut\u00e9es \u00e0 la fois par les participants \u00e0 Wild Mont-Blanc et par les scientifiques, il est possible de r\u00e9aliser des comparaisons et d\u2019\u00e9valuer la proportion de bonnes r\u00e9ponses des observateurs b\u00e9n\u00e9voles (par esp\u00e8ce ou toutes esp\u00e8ces confondues). Ceci permettra \u00e9galement de d\u00e9terminer le nombre d\u2019observateurs minimum qui devra passer en revue chaque photo pour que l\u2019identification soit statistiquement valid\u00e9e. Pour le moment 50 personnes diff\u00e9rentes regardent chaque photo, mais ce seuil, \u00e9tabli \u00e0 partir des r\u00e9sultats d\u2019autres projets, pourra \u00e9voluer pour atteindre un \u00ab&nbsp;bon consensus&nbsp;\u00bb (c\u2019est-\u00e0-dire la bonne esp\u00e8ce&nbsp;!).<\/p>\n\n\n\n<p>Environ 30% des photos prises par les appareils photos contiennent r\u00e9ellement un animal (chamois, bouquetin, cerf, chevreuil, renard, lagop\u00e8de, li\u00e8vre variable, t\u00e9tras lyre, etc.). Les autres photos ont \u00e9t\u00e9 prises car la v\u00e9g\u00e9tation bouge ou la neige tombe devant l\u2019appareil, qui se d\u00e9clenche au moindre mouvement. L\u2019\u00e9quipe du projet travaille actuellement sur des m\u00e9thodes d\u2019intelligence artificielle, notamment avec notre partenaire Devoteam Revolve, pour \u00e9liminer automatiquement les photos sans animaux ou celles avec des humains. Ceci permettra de ne montrer aux participants de Wild Mont-Blanc que des photos avec animaux, qui sont les plus int\u00e9ressantes \u00e0 regarder&nbsp;!<\/p>\n\n\n\n<p>Le projet Wild Mont-Blanc est port\u00e9 par la Communaut\u00e9 de Communes de la Vall\u00e9e de Chamonix Mont-Blanc et financ\u00e9 par le Programme d&rsquo;Investissements d&rsquo;Avenir de l&rsquo;Agence de l&rsquo;environnement et de la ma\u00eetrise de l&rsquo;\u00e9nergie (ADEME). Il est mis en \u0153uvre par les chercheurs du Centre de Recherches sur les Ecosyst\u00e8mes d\u2019Altitude (CREA Mont-Blanc).<\/p>\n","protected":false},"excerpt":{"rendered":"<p>Gros succ\u00e8s pour le nouveau programme de sciences participatives du CREA Mont-Blanc et de la Communaut\u00e9 de Communes de la Vall\u00e9e de Chamonix Mont-Blanc (CCVCMB). Le programme Wild Mont-Blanc, est \u00e0 la fois scientifique, ludique, \u00e9ducatif\u2026 et on y participe &hellip; <a href=\"https:\/\/blog.creamontblanc.org?p=2879\">Lire la suite\u00ad\u00ad<\/a><\/p>\n","protected":false},"author":12,"featured_media":2889,"comment_status":"open","ping_status":"open","sticky":false,"template":"","format":"standard","meta":{"_monsterinsights_skip_tracking":false,"_monsterinsights_sitenote_active":false,"_monsterinsights_sitenote_note":"","_monsterinsights_sitenote_category":0,"ngg_post_thumbnail":0,"footnotes":""},"categories":[31],"tags":[188],"class_list":["post-2879","post","type-post","status-publish","format-standard","has-post-thumbnail","hentry","category-sciences-participatives","tag-wild-mont-blanc"],"aioseo_notices":[],"amp_enabled":true,"_links":{"self":[{"href":"https:\/\/blog.creamontblanc.org\/index.php?rest_route=\/wp\/v2\/posts\/2879","targetHints":{"allow":["GET"]}}],"collection":[{"href":"https:\/\/blog.creamontblanc.org\/index.php?rest_route=\/wp\/v2\/posts"}],"about":[{"href":"https:\/\/blog.creamontblanc.org\/index.php?rest_route=\/wp\/v2\/types\/post"}],"author":[{"embeddable":true,"href":"https:\/\/blog.creamontblanc.org\/index.php?rest_route=\/wp\/v2\/users\/12"}],"replies":[{"embeddable":true,"href":"https:\/\/blog.creamontblanc.org\/index.php?rest_route=%2Fwp%2Fv2%2Fcomments&post=2879"}],"version-history":[{"count":6,"href":"https:\/\/blog.creamontblanc.org\/index.php?rest_route=\/wp\/v2\/posts\/2879\/revisions"}],"predecessor-version":[{"id":2911,"href":"https:\/\/blog.creamontblanc.org\/index.php?rest_route=\/wp\/v2\/posts\/2879\/revisions\/2911"}],"wp:featuredmedia":[{"embeddable":true,"href":"https:\/\/blog.creamontblanc.org\/index.php?rest_route=\/wp\/v2\/media\/2889"}],"wp:attachment":[{"href":"https:\/\/blog.creamontblanc.org\/index.php?rest_route=%2Fwp%2Fv2%2Fmedia&parent=2879"}],"wp:term":[{"taxonomy":"category","embeddable":true,"href":"https:\/\/blog.creamontblanc.org\/index.php?rest_route=%2Fwp%2Fv2%2Fcategories&post=2879"},{"taxonomy":"post_tag","embeddable":true,"href":"https:\/\/blog.creamontblanc.org\/index.php?rest_route=%2Fwp%2Fv2%2Ftags&post=2879"}],"curies":[{"name":"wp","href":"https:\/\/api.w.org\/{rel}","templated":true}]}}