{"id":2774,"date":"2020-03-03T11:49:54","date_gmt":"2020-03-03T10:49:54","guid":{"rendered":"http:\/\/blog.creamontblanc.org?p=2774"},"modified":"2023-01-13T13:29:58","modified_gmt":"2023-01-13T12:29:58","slug":"science-sandwich-2-pollution-de-lair-demelons-le-vrai-du-faux","status":"publish","type":"post","link":"https:\/\/blog.creamontblanc.org?p=2774","title":{"rendered":"Science sandwich #2 : Pollution de l&rsquo;air : d\u00e9m\u00ealons le vrai du faux"},"content":{"rendered":"\n<p><strong>Le 18 F\u00e9vrier dernier, Anne Lassman-Trappier, pr\u00e9sidente de l&rsquo;association Inspire est venue nous \u00e9clairer sur les sources et la nature des polluants retrouv\u00e9s dans la vall\u00e9e de l&rsquo;Arve. En savoir plus sur l&rsquo;association Inspire sur ce <a rel=\"noopener noreferrer\" href=\"https:\/\/inspire74.com\/\" target=\"_blank\">lien<\/a>. <\/strong><\/p>\n\n\n\n<figure class=\"wp-block-image size-large\"><img loading=\"lazy\" decoding=\"async\" width=\"757\" height=\"431\" src=\"http:\/\/blog.creamontblanc.org\/wp-content\/uploads\/2020\/03\/ssinspire-2.png\" alt=\"\" class=\"wp-image-2780\" srcset=\"https:\/\/blog.creamontblanc.org\/wp-content\/uploads\/2020\/03\/ssinspire-2.png 757w, https:\/\/blog.creamontblanc.org\/wp-content\/uploads\/2020\/03\/ssinspire-2-300x171.png 300w\" sizes=\"auto, (max-width: 757px) 100vw, 757px\" \/><figcaption><br><\/figcaption><\/figure>\n\n\n\n<figure class=\"wp-block-embed-slideshare wp-block-embed is-type-rich is-provider-slideshare wp-embed-aspect-1-1 wp-has-aspect-ratio\"><div class=\"wp-block-embed__wrapper\">\nhttps:\/\/www.slideshare.net\/creamontblanc\/la-pollution-de-lair-au-pied-du-montblanc-dmlons-le-vrai-du-faux\n<\/div><\/figure>\n\n\n\n<h3 class=\"wp-block-heading\">La pollution de la vall\u00e9e : un probl\u00e8me li\u00e9 \u00e0 sa situation<\/h3>\n\n\n\n<p>Les inversions de temp\u00e9rature entrainent un blocage de l&rsquo;air froid pollu\u00e9 en fond de vall\u00e9e par l&rsquo;air chaud plus lourd, en altitude.<\/p>\n\n\n\n<h3 class=\"wp-block-heading\">Diff\u00e9rents polluants <\/h3>\n\n\n\n<p><strong>Particules fines<\/strong><\/p>\n\n\n\n<p>Dans la vall\u00e9e de l&rsquo;Arve, le secteur r\u00e9sidentiel repr\u00e9sente 68% des \u00e9missions de PM10, dont 94% dues au chauffage individuel au bois. Les autres sources sont les transports, l&rsquo;industrie, l&rsquo;\u00e9nergie, et les d\u00e9chets, puis l&rsquo;agriculture et le secteur tertiaire. Contrairement \u00e0 ce qu&rsquo;on pourrait penser les concentrations en particules fines sont en baisses ces derniers ann\u00e9es notamment gr\u00e2ce aux changements climatiques qui diminuent la fr\u00e9quences des ph\u00e9nom\u00e8nes d&rsquo;inversion de temp\u00e9rature.<\/p>\n\n\n\n<p><strong>Les oxydes d&rsquo;azote<\/strong><\/p>\n\n\n\n<p>70% des \u00e9missions de NOx proviennent du trafic routier et principalement des v\u00e9hicules \u00e0 motorisation di\u00e9sel. Les voitures individuels repr\u00e9sentent 50% des \u00e9missions du transport, 25% sont \u00e9mises par les v\u00e9hicules utilitaires l\u00e9gers, et 21% par les poids lourds. Les autres sources de NOx sont l&rsquo;industrie, l&rsquo;\u00e9nergie et les d\u00e9chets, le secteur r\u00e9sidentiel, l&rsquo;agriculture et le secteur tertiaire. <\/p>\n\n\n\n<p><strong>Le Benzo(a)Pyr\u00e8ne<\/strong><\/p>\n\n\n\n<p>Dans la vall\u00e9e de l&rsquo;Arve, les concentrations en Benzo(a)Pyr\u00e8ne sont principalement dues \u00e0 l&rsquo;industrie.<\/p>\n\n\n\n<p><strong>L&rsquo;ozone<\/strong><\/p>\n\n\n\n<p>La pollution \u00e0 l&rsquo;ozone provient du secteur r\u00e9sidentiel (NOx), de l&rsquo;agriculture (COV), des transports (CO) et de l&rsquo;industrie (CH4). Elle se retrouve principalement en altitude. <\/p>\n\n\n\n<h3 class=\"wp-block-heading\">Impacts sanitaires<\/h3>\n\n\n\n<p>Le danger de la pollution de l&rsquo;air provient surtout des cocktails de polluants dont on connait peut les effets sur notre sant\u00e9. En France, on estime que la pollution entraine 48000 d\u00e9c\u00e8s pr\u00e9matur\u00e9s par an, est la cause de 9 % la mortalit\u00e9 totale, et r\u00e9duit l&rsquo;esp\u00e9rance de vie de 15 mois. Ces chiffres sont 14 fois plus \u00e9lev\u00e9s que ceux des accidents de la route ! <\/p>\n\n\n\n<h3 class=\"wp-block-heading\">Que faire ? <\/h3>\n\n\n\n<p>Il faut r\u00e9duire le trafic motoris\u00e9 au maximum, d&rsquo;autant plus que c&rsquo;est dans la voiture que nous sommes le plus expos\u00e9s aux polluants. La marche, le v\u00e9lo et les transports en communs sont des moyens de transport alternatifs qu&rsquo;il faut utiliser et d\u00e9velopper dans la vall\u00e9e, et faute de mieux, covoiturer. <br>R\u00e9nover les b\u00e2timents permet de diminuer l&rsquo;utilisation d&rsquo;\u00e9nergie et surtout de chauffer moins. \u00c9viter les feux de bois, et si cela est impossible, utiliser des foyers efficaces et bruler du bois sec qui d\u00e9gage 70% moins d&rsquo;\u00e9missions que du bois humide. <br>Consommer local et \u00e9viter le suremballage, recycler vos objets&#8230;<\/p>\n\n\n\n<h3 class=\"wp-block-heading\">Et les politiques publiques ? <\/h3>\n\n\n\n<p>Le plan de protection de la vall\u00e9e de l&rsquo;Arve est en cours de suivi par les \u00e9lus et diff\u00e9rentes structures et associations. Ce plan a pour objectif de diminuer les particules fines et les oxydes d&rsquo;azote. <\/p>\n","protected":false},"excerpt":{"rendered":"<p>Le 18 F\u00e9vrier dernier, Anne Lassman-Trappier, pr\u00e9sidente de l&rsquo;association Inspire est venue nous \u00e9clairer sur les sources et la nature des polluants retrouv\u00e9s dans la vall\u00e9e de l&rsquo;Arve. En savoir plus sur l&rsquo;association Inspire sur ce lien. https:\/\/www.slideshare.net\/creamontblanc\/la-pollution-de-lair-au-pied-du-montblanc-dmlons-le-vrai-du-faux La pollution &hellip; <a href=\"https:\/\/blog.creamontblanc.org?p=2774\">Lire la suite\u00ad\u00ad<\/a><\/p>\n","protected":false},"author":15,"featured_media":2787,"comment_status":"open","ping_status":"open","sticky":false,"template":"","format":"standard","meta":{"_monsterinsights_skip_tracking":false,"_monsterinsights_sitenote_active":false,"_monsterinsights_sitenote_note":"","_monsterinsights_sitenote_category":0,"ngg_post_thumbnail":0,"footnotes":""},"categories":[194],"tags":[10,250,123],"class_list":["post-2774","post","type-post","status-publish","format-standard","has-post-thumbnail","hentry","category-la-recherche","tag-climat","tag-qualite-de-lair","tag-science-sandwich"],"aioseo_notices":[],"amp_enabled":true,"_links":{"self":[{"href":"https:\/\/blog.creamontblanc.org\/index.php?rest_route=\/wp\/v2\/posts\/2774","targetHints":{"allow":["GET"]}}],"collection":[{"href":"https:\/\/blog.creamontblanc.org\/index.php?rest_route=\/wp\/v2\/posts"}],"about":[{"href":"https:\/\/blog.creamontblanc.org\/index.php?rest_route=\/wp\/v2\/types\/post"}],"author":[{"embeddable":true,"href":"https:\/\/blog.creamontblanc.org\/index.php?rest_route=\/wp\/v2\/users\/15"}],"replies":[{"embeddable":true,"href":"https:\/\/blog.creamontblanc.org\/index.php?rest_route=%2Fwp%2Fv2%2Fcomments&post=2774"}],"version-history":[{"count":6,"href":"https:\/\/blog.creamontblanc.org\/index.php?rest_route=\/wp\/v2\/posts\/2774\/revisions"}],"predecessor-version":[{"id":2791,"href":"https:\/\/blog.creamontblanc.org\/index.php?rest_route=\/wp\/v2\/posts\/2774\/revisions\/2791"}],"wp:featuredmedia":[{"embeddable":true,"href":"https:\/\/blog.creamontblanc.org\/index.php?rest_route=\/wp\/v2\/media\/2787"}],"wp:attachment":[{"href":"https:\/\/blog.creamontblanc.org\/index.php?rest_route=%2Fwp%2Fv2%2Fmedia&parent=2774"}],"wp:term":[{"taxonomy":"category","embeddable":true,"href":"https:\/\/blog.creamontblanc.org\/index.php?rest_route=%2Fwp%2Fv2%2Fcategories&post=2774"},{"taxonomy":"post_tag","embeddable":true,"href":"https:\/\/blog.creamontblanc.org\/index.php?rest_route=%2Fwp%2Fv2%2Ftags&post=2774"}],"curies":[{"name":"wp","href":"https:\/\/api.w.org\/{rel}","templated":true}]}}