{"id":27,"date":"2016-02-03T14:48:01","date_gmt":"2016-02-03T13:48:01","guid":{"rendered":"http:\/\/blog.creamontblanc.org\/?p=27"},"modified":"2023-01-17T10:06:06","modified_gmt":"2023-01-17T09:06:06","slug":"lobservatoire-du-mont-blanc-restera-lieu-de-sciences","status":"publish","type":"post","link":"https:\/\/blog.creamontblanc.org?p=27","title":{"rendered":"L&rsquo;Observatoire du Mont-Blanc restera lieu de sciences"},"content":{"rendered":"<p><strong>L\u2019ann\u00e9e 2016 marque un nouveau d\u00e9part pour le Centre de Recherches sur les \u00c9cosyst\u00e8mes d\u2019Altitude, qui f\u00eate \u00e9galement cette ann\u00e9e ses 20 ans : apr\u00e8s 3 ans de d\u00e9marches et de mobilisations pour sauver le legs de Joseph Vallot, la Mairie de Chamonix est officiellement propri\u00e9taire de l\u2019Observatoire du Mont-Blanc, qui restera un lieu d\u00e9di\u00e9 \u00e0 la recherche scientifique.<\/strong><\/p>\n<figure id=\"attachment_65\" class=\"thumbnail wp-caption alignleft\" style=\"width: 1000px\"><a href=\"http:\/\/blog.creamontblanc.org\/2016\/02\/03\/lobservatoire-du-mont-blanc-restera-lieu-de-sciences\/observatoire_du_mont-blanc_portail\/\" rel=\"attachment wp-att-65\"><img loading=\"lazy\" decoding=\"async\" class=\"size-full wp-image-65\" src=\"http:\/\/blog.creamontblanc.org\/wp-content\/uploads\/2016\/02\/Observatoire_du_Mont-Blanc_portail.jpg\" alt=\"Observatoire du Mont-Blanc \u00a9 CREA Mont-Blanc\" width=\"1000\" height=\"500\" srcset=\"https:\/\/blog.creamontblanc.org\/wp-content\/uploads\/2016\/02\/Observatoire_du_Mont-Blanc_portail.jpg 1000w, https:\/\/blog.creamontblanc.org\/wp-content\/uploads\/2016\/02\/Observatoire_du_Mont-Blanc_portail-300x150.jpg 300w, https:\/\/blog.creamontblanc.org\/wp-content\/uploads\/2016\/02\/Observatoire_du_Mont-Blanc_portail-768x384.jpg 768w\" sizes=\"auto, (max-width: 1000px) 100vw, 1000px\" \/><\/a><figcaption class=\"caption wp-caption-text\">Observatoire du Mont-Blanc \u00a9 CREA Mont-Blanc<\/figcaption><\/figure>\n<p><!--more--><\/p>\n<blockquote><p>L\u2019\u00e9quipe du CREA Mont-Blanc remercie chaleureusement toutes les personnes \u2013 particuliers, m\u00e9dias, directeurs de laboratoires de recherche, collectivit\u00e9s et associations \u2013 qui ont manifest\u00e9 leur soutien et contribu\u00e9 au recueil de milliers de signatures pour annuler la vente de l\u2019Observatoire du Mont-Blanc en 2013.<\/p><\/blockquote>\n<p>Depuis 2002, le CREA Mont-Blanc tient son si\u00e8ge \u00e0 l\u2019Observatoire du Mont-Blanc, situ\u00e9 lacets du Belv\u00e9d\u00e8re \u00e0 Chamonix. Laboratoire de Joseph Vallot, \u00e9minent explorateur et scientifique du Mont-Blanc au 19\u00e8me si\u00e8cle, l\u2019Observatoire du Mont-Blanc a \u00e9t\u00e9 l\u00e9gu\u00e9 par son fondateur \u00e0 l\u2019\u00c9tat fran\u00e7ais \u00e0 condition que la vocation scientifique de celui-ci soit respect\u00e9e. C\u2019est en faisant valoir cette clause que le CREA Mont-Blanc a \u00e9vit\u00e9 la vente au plus offrant de l\u2019Observatoire du Mont-Blanc.<\/p>\n<p>La mobilisation du CREA Mont-Blanc et de ses soutiens institutionnels, scientifiques ou anonymes a \u00e9t\u00e9 longue et intense, jusqu\u2019\u00e0 recueillir des appuis dans les plus hautes sph\u00e8res de l\u2019\u00c9tat et aupr\u00e8s de la Ministre de l\u2019Enseignement sup\u00e9rieur et de la Recherche. En d\u00e9cembre 2015 et sous l\u2019impulsion d\u2019\u00c9ric Fournier, maire de Chamonix et Vice-pr\u00e9sident de la r\u00e9gion Auvergne-Rh\u00f4ne-Alpes, la mairie de Chamonix a finalis\u00e9 le rachat de l\u2019Observatoire.<\/p>\n<p>En 2016, une convention entre la Mairie et le CREA permettra \u00e0 l\u2019association de perp\u00e9tuer et de d\u00e9velopper les recherches sur les milieux naturels de montagne et le changement climatique et l\u2019\u00e9ducation \u00e0 l\u2019environnement* au sein de ce b\u00e2timent embl\u00e9matique et de faire vivre l\u2019aventure scientifique du Mont Blanc, grande ambition de ses pionniers et de Joseph Vallot.<\/p>\n<figure id=\"attachment_66\" class=\"thumbnail wp-caption alignnone\" style=\"width: 1000px\"><a href=\"http:\/\/blog.creamontblanc.org\/2016\/02\/03\/lobservatoire-du-mont-blanc-restera-lieu-de-sciences\/observatoire_du_mont-blanc\/\" rel=\"attachment wp-att-66\"><img loading=\"lazy\" decoding=\"async\" class=\"wp-image-66 size-full\" src=\"http:\/\/blog.creamontblanc.org\/wp-content\/uploads\/2016\/02\/Observatoire_du_Mont-Blanc.jpg\" alt=\"Observatoire du Mont-Blanc \u00a9 CREA Mont-Blanc\" width=\"1000\" height=\"500\" srcset=\"https:\/\/blog.creamontblanc.org\/wp-content\/uploads\/2016\/02\/Observatoire_du_Mont-Blanc.jpg 1000w, https:\/\/blog.creamontblanc.org\/wp-content\/uploads\/2016\/02\/Observatoire_du_Mont-Blanc-300x150.jpg 300w, https:\/\/blog.creamontblanc.org\/wp-content\/uploads\/2016\/02\/Observatoire_du_Mont-Blanc-768x384.jpg 768w\" sizes=\"auto, (max-width: 1000px) 100vw, 1000px\" \/><\/a><figcaption class=\"caption wp-caption-text\">Observatoire du Mont-Blanc \u00a9 CREA Mont-Blanc<\/figcaption><\/figure>\n<p>&nbsp;<\/p>\n<p>Les locaux historiques de l\u2019Observatoire resteront un camp de base pour de nombreux chercheurs &#8211; des universitaires les plus exp\u00e9riment\u00e9s aux citoyens b\u00e9n\u00e9voles. Ces rencontres devront se multiplier en 2016 notamment \u00e0 travers le lancement d\u2019un nouveau projet de tourisme scientifique proposant des s\u00e9jours o\u00f9 apprentis observateurs et chercheurs se c\u00f4toieront sur le terrain.<\/p>\n<blockquote><p>\u00abJ&rsquo;ai le caract\u00e8re ainsi fait qu&rsquo;une chose me semble toujours possible lorsqu&rsquo;elle est utile\u00bb (J.Vallot 1886)<\/p><\/blockquote>\n<p><strong>*L\u2019\u00e9ducation dans l\u2019accord des Parties \u00e0 la Convention Climat COP21<\/strong><\/p>\n<p>Le 2 d\u00e9cembre dernier, l&rsquo;\u00e9ducation au changement climatique est entr\u00e9e dans l\u2019accord sign\u00e9 \u00e0 la COP21. Ainsi, l\u2019article 8 bis stipule que Les Parties \u00e0 la Convention Climat (CCNUCC) \u00ab\u00a0coop\u00e8rent pour prendre des mesures, le cas \u00e9ch\u00e9ant, afin d&rsquo;am\u00e9liorer l&rsquo;\u00e9ducation au changement climatique, la formation, la sensibilisation du public, la participation du public et l&rsquo;acc\u00e8s au public \u00e0 l&rsquo;information, tout en reconnaissant l&rsquo;importance de ces \u00e9tapes avec le respect d&rsquo;am\u00e9liorer les actions, en vertu du pr\u00e9sent accord\u00a0\u00bb.<\/p>\n<p>&nbsp;<\/p>\n<p>R\u00e9daction : Charlotte Mader<\/p>\n<p>&nbsp;<\/p>\n<hr>\n<p><strong>Pour en savoir plus<\/strong><\/p>\n<p><a href=\"http:\/\/creamontblanc.org\/fr\/notre-heritage\">Une br\u00e8ve histoire d\u2019observatoire, de 1890 \u00e0 2016<\/a><br \/>\n<a href=\"http:\/\/www.escursia.fr\/voyage-alpes-devenez-chercheurs-dans-massif-du-mont-blanc\">D\u00e9couvrir le tourisme scientifique avec Escursia<\/a><br \/>\n<a href=\"http:\/\/creamontblanc.org\/fr\/soutenez-nous\">Pour soutenir les actions du CREA, adh\u00e9rez, faites un don ou devenez b\u00e9n\u00e9vole&nbsp;<\/a><\/p>\n","protected":false},"excerpt":{"rendered":"<p>L\u2019ann\u00e9e 2016 marque un nouveau d\u00e9part pour le Centre de Recherches sur les \u00c9cosyst\u00e8mes d\u2019Altitude, qui f\u00eate \u00e9galement cette ann\u00e9e ses 20 ans : apr\u00e8s 3 ans de d\u00e9marches et de mobilisations pour sauver le legs de Joseph Vallot, la &hellip; <a href=\"https:\/\/blog.creamontblanc.org?p=27\">Lire la suite\u00ad\u00ad<\/a><\/p>\n","protected":false},"author":5,"featured_media":65,"comment_status":"open","ping_status":"open","sticky":false,"template":"","format":"standard","meta":{"_monsterinsights_skip_tracking":false,"_monsterinsights_sitenote_active":false,"_monsterinsights_sitenote_note":"","_monsterinsights_sitenote_category":0,"ngg_post_thumbnail":0,"footnotes":""},"categories":[5],"tags":[15,14,281],"class_list":["post-27","post","type-post","status-publish","format-standard","has-post-thumbnail","hentry","category-vie-association","tag-joseph-vallot","tag-observatoire-du-mont-blanc","tag-projetobs"],"aioseo_notices":[],"amp_enabled":true,"_links":{"self":[{"href":"https:\/\/blog.creamontblanc.org\/index.php?rest_route=\/wp\/v2\/posts\/27","targetHints":{"allow":["GET"]}}],"collection":[{"href":"https:\/\/blog.creamontblanc.org\/index.php?rest_route=\/wp\/v2\/posts"}],"about":[{"href":"https:\/\/blog.creamontblanc.org\/index.php?rest_route=\/wp\/v2\/types\/post"}],"author":[{"embeddable":true,"href":"https:\/\/blog.creamontblanc.org\/index.php?rest_route=\/wp\/v2\/users\/5"}],"replies":[{"embeddable":true,"href":"https:\/\/blog.creamontblanc.org\/index.php?rest_route=%2Fwp%2Fv2%2Fcomments&post=27"}],"version-history":[{"count":6,"href":"https:\/\/blog.creamontblanc.org\/index.php?rest_route=\/wp\/v2\/posts\/27\/revisions"}],"predecessor-version":[{"id":2262,"href":"https:\/\/blog.creamontblanc.org\/index.php?rest_route=\/wp\/v2\/posts\/27\/revisions\/2262"}],"wp:featuredmedia":[{"embeddable":true,"href":"https:\/\/blog.creamontblanc.org\/index.php?rest_route=\/wp\/v2\/media\/65"}],"wp:attachment":[{"href":"https:\/\/blog.creamontblanc.org\/index.php?rest_route=%2Fwp%2Fv2%2Fmedia&parent=27"}],"wp:term":[{"taxonomy":"category","embeddable":true,"href":"https:\/\/blog.creamontblanc.org\/index.php?rest_route=%2Fwp%2Fv2%2Fcategories&post=27"},{"taxonomy":"post_tag","embeddable":true,"href":"https:\/\/blog.creamontblanc.org\/index.php?rest_route=%2Fwp%2Fv2%2Ftags&post=27"}],"curies":[{"name":"wp","href":"https:\/\/api.w.org\/{rel}","templated":true}]}}