{"id":2619,"date":"2020-02-10T14:33:50","date_gmt":"2020-02-10T13:33:50","guid":{"rendered":"http:\/\/blog.creamontblanc.org?p=2619"},"modified":"2022-11-08T15:26:19","modified_gmt":"2022-11-08T14:26:19","slug":"rapport-adapt-mont-blanc-quand-la-montagne-sera-verte","status":"publish","type":"post","link":"https:\/\/blog.creamontblanc.org?p=2619","title":{"rendered":"Rapport AdaPT Mont-Blanc\u00a0: quand la montagne sera verte"},"content":{"rendered":"\n<p><strong>Quels seront les visages du massif du Mont-Blanc dans 15 ans et dans 30 ans&nbsp;? Alors que les effets des changements climatiques ont d\u00e9j\u00e0 commenc\u00e9 \u00e0 se faire sentir, <a href=\"http:\/\/bit.ly\/AdaPTMBClimateReport\" target=\"_blank\" rel=\"noreferrer noopener\" aria-label=\" (s\u2019ouvre dans un nouvel onglet)\">le rapport Climat d\u2019AdaPT Mont-Blanc<\/a> dessine des perspectives sur les \u00e9volutions attendues des milieux naturels et leur impact sur les activit\u00e9s humaines. Au-del\u00e0 de son int\u00e9r\u00eat scientifique, il offre un outil d\u2019aide \u00e0 la d\u00e9cision utile \u00e0 tous les acteurs impliqu\u00e9s sur le terrain.<\/strong><\/p>\n\n\n\n<div class=\"wp-block-image\"><figure class=\"aligncenter size-large\"><img loading=\"lazy\" decoding=\"async\" width=\"1000\" height=\"340\" src=\"https:\/\/blog.creamontblanc.org\/wp-content\/uploads\/2020\/02\/clare-1-1000x340.png\" alt=\"\" class=\"wp-image-2715\" srcset=\"https:\/\/blog.creamontblanc.org\/wp-content\/uploads\/2020\/02\/clare-1-1000x340.png 1000w, https:\/\/blog.creamontblanc.org\/wp-content\/uploads\/2020\/02\/clare-1-300x102.png 300w, https:\/\/blog.creamontblanc.org\/wp-content\/uploads\/2020\/02\/clare-1-768x261.png 768w, https:\/\/blog.creamontblanc.org\/wp-content\/uploads\/2020\/02\/clare-1.png 1152w\" sizes=\"auto, (max-width: 1000px) 100vw, 1000px\" \/><figcaption><em>Repr\u00e9sentation de la Mer de Glace actuellement et \u00e0 l&rsquo;horizon 2050, r\u00e9alis\u00e9e par l&rsquo;artiste <a href=\"https:\/\/claires-wanderings.myshopify.com\/\" target=\"_blank\" rel=\"noreferrer noopener\" aria-label=\" (s\u2019ouvre dans un nouvel onglet)\">Claire Giordano<\/a> en collaboration avec le CREA Mont-Blanc et les glaciologues de l&rsquo;IGE <\/em>(c) Claire Giordano, 2019. <\/figcaption><\/figure><\/div>\n\n\n\n<p>Ce document co-r\u00e9dig\u00e9 par le CREA Mont-Blanc et l\u2019Agence r\u00e9gionale de la protection de l\u2019environnement en vall\u00e9e d\u2019Aoste (<a href=\"https:\/\/www.arpa.vda.it\/it\/\" target=\"_blank\" rel=\"noreferrer noopener\" aria-label=\" (s\u2019ouvre dans un nouvel onglet)\">ARPA)<\/a> a \u00e9t\u00e9 publi\u00e9 fin 2019. Il a pour ambition de transposer \u00e0 l\u2019\u00e9chelle territoriale restreinte et complexe de l\u2019Espace Mont-Blanc la d\u00e9marche du GIEC au niveau mondial.  <\/p>\n\n\n\n<p>Le rapport constitue le volet scientifique du <a href=\"http:\/\/www.espace-mont-blanc.com\/adapt-mont-blanc\" target=\"_blank\" rel=\"noreferrer noopener\" aria-label=\" (s\u2019ouvre dans un nouvel onglet)\">projet europ\u00e9en de coop\u00e9ration transfrontali\u00e8re AdaPT Mont-Blanc <\/a>lanc\u00e9 en 2017 pour travailler sur l\u2019adaptation aux changements climatiques sur les versants fran\u00e7ais, italien et suisse du massif. L\u2019objectif est de proposer un outil d\u2019aide \u00e0 la d\u00e9cision utile aux \u00e9lus, aux professionnels, aux scientifiques, mais aussi aux citoyens pour \u00e9laborer des solutions concr\u00e8tes d\u2019adaptation. Les secteurs d\u2019activit\u00e9 \u00e9tudi\u00e9s dans le rapport ont d\u2019ailleurs \u00e9t\u00e9 choisis de mani\u00e8re participative avec des \u00e9lus et des acteurs impliqu\u00e9s sur le terrain. Ils sont au nombre de 6&nbsp;: eau, agriculture, for\u00eat, biodiversit\u00e9, tourisme et risques naturels.  <\/p>\n\n\n\n<div class=\"wp-block-image\"><figure class=\"aligncenter size-large is-resized\"><img loading=\"lazy\" decoding=\"async\" src=\"http:\/\/blog.creamontblanc.org\/wp-content\/uploads\/2020\/02\/FIG3.14_Schema_biodiversite_etages-1000x855.jpg\" alt=\"\" class=\"wp-image-2622\" width=\"500\" height=\"428\" srcset=\"https:\/\/blog.creamontblanc.org\/wp-content\/uploads\/2020\/02\/FIG3.14_Schema_biodiversite_etages-1000x855.jpg 1000w, https:\/\/blog.creamontblanc.org\/wp-content\/uploads\/2020\/02\/FIG3.14_Schema_biodiversite_etages-300x257.jpg 300w, https:\/\/blog.creamontblanc.org\/wp-content\/uploads\/2020\/02\/FIG3.14_Schema_biodiversite_etages-768x657.jpg 768w, https:\/\/blog.creamontblanc.org\/wp-content\/uploads\/2020\/02\/FIG3.14_Schema_biodiversite_etages-1536x1314.jpg 1536w, https:\/\/blog.creamontblanc.org\/wp-content\/uploads\/2020\/02\/FIG3.14_Schema_biodiversite_etages.jpg 2048w\" sizes=\"auto, (max-width: 500px) 100vw, 500px\" \/><figcaption> <br> <br><em>Sch\u00e9ma des changements en cours de la biodiversit\u00e9 sur les gradients d\u2019altitude de l\u2019EMB, en termes de diversit\u00e9 et ph\u00e9nologie. Les altitudes indiqu\u00e9es sont approximatives et d\u00e9sign\u00e9es en fonction de l\u2019\u00e9tagement actuel de la v\u00e9g\u00e9tation, qui risque d\u2019\u00eatre fortement modifi\u00e9 dans les ann\u00e9es \u00e0 venir.<\/em> <\/figcaption><\/figure><\/div>\n\n\n\n<h3 class=\"wp-block-heading\">Comprendre pour s\u2019adapter<\/h3>\n\n\n\n<p>Toute\nstrat\u00e9gie d\u2019adaptation doit partir d\u2019une compr\u00e9hension\nscientifique des ph\u00e9nom\u00e8nes \u00e0 l\u2019\u0153uvre sur le massif du\nMont-Blanc. L\u2019\u00e9volution des param\u00e8tres climatiques a en effet des\ncons\u00e9quences sur les milieux naturels qui impactent elles-m\u00eames les\nactivit\u00e9s humaines. C\u2019est cet encha\u00eenement d\u2019impacts qui est\n\u00e9tudi\u00e9 dans le rapport. \n<\/p>\n\n\n\n<p>Le\npoint de d\u00e9part est donc le changement climatique d\u00e9j\u00e0 observ\u00e9 et\nles \u00e9volutions qui sont attendues selon les sc\u00e9narios du GIEC.\nL\u2019augmentation des temp\u00e9ratures dans l\u2019Espace Mont-Blanc depuis\nles ann\u00e9es 1980 atteint 2\u00b0C. Cette hausse se poursuivra, avec un\nr\u00e9chauffement de 1 \u00e0 2\u00b0C d\u2019ici \u00e0 2035 et de 2 \u00e0 3\u00b0C d\u2019ici\n2050 par rapport \u00e0 la moyenne 1980-2010. L\u2019\u00e9volution, plus\nmarqu\u00e9e en \u00e9t\u00e9 et en altitude, s\u2019accompagne d\u2019une modification\nde la r\u00e9partition annuelle des pr\u00e9cipitations, qui devraient\naugmenter de 5 \u00e0 15% en hiver et diminuer de 10 \u00e0 20% en \u00e9t\u00e9. Les\n\u00e9v\u00e9nements extr\u00eames comme les canicules et les temp\u00eates seront\nplus fr\u00e9quents et plus intenses. \n<\/p>\n\n\n\n<p class=\"has-text-align-left\">Ces \u00e9volutions climatiques entra\u00eeneront une forte diminution de l\u2019enneigement, en particulier dans les fonds de vall\u00e9e et sur les versants sud, la poursuite du recul des glaciers et la d\u00e9gradation du permafrost. Pour s\u2019adapter \u00e0 ces nouvelles conditions climatiques, la faune et la flore monteront en altitude. L\u2019extension des surfaces v\u00e9g\u00e9talis\u00e9es, notamment de la for\u00eat, l\u2019augmentation des saisons de croissance, le remplacement d\u2019esp\u00e8ces alpines par des esp\u00e8ces de basse altitude se traduiront par une transformation du paysage caract\u00e9ris\u00e9 par un verdissement du massif, y compris en haute montagne. <\/p>\n\n\n\n<h3 class=\"wp-block-heading\">D\u00e9fis et opportunit\u00e9s  <\/h3>\n\n\n\n<div class=\"wp-block-image is-style-default\"><figure class=\"alignright size-large is-resized\"><img loading=\"lazy\" decoding=\"async\" src=\"https:\/\/blog.creamontblanc.org\/wp-content\/uploads\/2020\/02\/restitution.png\" alt=\"\" class=\"wp-image-2703\" width=\"303\" height=\"209\" \/><\/figure><\/div>\n\n\n\n<p>Les\ncons\u00e9quences socio-\u00e9conomiques et humaines de ces \u00e9volutions\nseront multiples. L\u2019agriculture sera le secteur \u00e9conomique le plus\ndirectement impact\u00e9 par la hausse des temp\u00e9ratures et la\nmodification du r\u00e9gime des pr\u00e9cipitations. Certaines productions\ncomme la vigne, les pommes et les cerises, mais aussi certains\np\u00e2turages, b\u00e9n\u00e9ficieront de conditions plus favorables. A\nl\u2019inverse, la prolif\u00e9ration d\u2019insectes parasites pourrait causer\ndes pertes de rendement importantes dans le domaine de\nl\u2019horticulture. La production laiti\u00e8re pourrait souffrir \u00e9galement\ndu stress thermique des vaches caus\u00e9 par l\u2019augmentation des\ntemp\u00e9ratures. \n<\/p>\n\n\n\n<p>Dans\nun autre secteur phare, le tourisme, les domaines skiables p\u00e2tiront\ndu manque de neige. Si la neige artificielle reste une option viable\n\u00e0 court terme du strict point de vue des temp\u00e9ratures (la\ndisponibilit\u00e9 en eau, l\u2019acceptabilit\u00e9 socio-\u00e9conomique de\nl\u2019enneigement artificiel, et de possibles \u00e9volutions\ntechnologiques n\u2019ont pas \u00e9t\u00e9 prises en compte dans l\u2019\u00e9tude),\nce ne sera plus le cas d\u00e8s 2035 au-dessous de 2000 m, ni au-dessus\napr\u00e8s 2050. Les transformations touchant la haute montagne\naffecteront les activit\u00e9s estivales comme l\u2019alpinisme, en raison\nde nouveaux risques li\u00e9s \u00e0 la modification du terrain. En revanche,\nla montagne deviendra un refuge de fra\u00eecheur l\u2019\u00e9t\u00e9 pour les\ntouristes comme les habitants, et la multiplication des belles\njourn\u00e9es d\u2019intersaison permettra de d\u00e9velopper un tourisme quatre\nsaisons. \n<\/p>\n\n\n\n<p>Enfin, il faut s\u2019attendre \u00e0 une transformation des risques naturels&nbsp;: la d\u00e9gradation du permafrost et le recul des glaciers pourront d\u00e9stabiliser les versants et fragiliser les infrastructures de haute montagne. Les risques d\u2019avalanches diminueront \u00e0 basse altitude, \u00e0 l\u2019inverse des crues qui seront plus fr\u00e9quentes en raison de pr\u00e9cipitations plus fortes et des ruptures de poches d\u2019eau cr\u00e9\u00e9es par la fonte des glaciers.<\/p>\n\n\n\n<figure class=\"wp-block-image size-large\"><img loading=\"lazy\" decoding=\"async\" width=\"1000\" height=\"588\" src=\"https:\/\/blog.creamontblanc.org\/wp-content\/uploads\/2020\/02\/IMG_7456-2-1000x588.jpeg\" alt=\"\" class=\"wp-image-2710\" srcset=\"https:\/\/blog.creamontblanc.org\/wp-content\/uploads\/2020\/02\/IMG_7456-2-1000x588.jpeg 1000w, https:\/\/blog.creamontblanc.org\/wp-content\/uploads\/2020\/02\/IMG_7456-2-300x176.jpeg 300w, https:\/\/blog.creamontblanc.org\/wp-content\/uploads\/2020\/02\/IMG_7456-2-768x451.jpeg 768w, https:\/\/blog.creamontblanc.org\/wp-content\/uploads\/2020\/02\/IMG_7456-2-1536x903.jpeg 1536w, https:\/\/blog.creamontblanc.org\/wp-content\/uploads\/2020\/02\/IMG_7456-2-scaled.jpeg 2048w\" sizes=\"auto, (max-width: 1000px) 100vw, 1000px\" \/><figcaption><em>L&rsquo;une des trois pr\u00e9sentations publiques des r\u00e9sultats scientifiques su projet AdaPT Mont-Blanc, organis\u00e9es en collaboration avec la Communaut\u00e9 de Communes de la Vall\u00e9e de Chamonix-Mont-Blanc. <\/em><\/figcaption><\/figure>\n\n\n\n<h3 class=\"wp-block-heading\">Une r\u00e9volution culturelle<\/h3>\n\n\n\n<p>Ce rapport propose une premi\u00e8re approche, non exhaustive, des mutations en cours dans l\u2019Espace Mont-Blanc. De nouvelles pistes de travail scientifique permettront d\u2019aller plus loin dans la compr\u00e9hension de ces ph\u00e9nom\u00e8nes, mais d\u2019ores et d\u00e9j\u00e0 ses constats permettent de mesurer la profondeur de la transformation. L\u2019enjeu des politiques d\u2019adaptation est d\u2019apprendre \u00e0 faire vivre diff\u00e9remment les paysages du massif, qui restera plus que jamais un refuge pour la faune, la flore et les humains. Dans cette optique, l\u2019information des populations et des d\u00e9cideurs jouera un r\u00f4le majeur. C\u2019est aussi le r\u00f4le du CREA Mont-Blanc, qui anime r\u00e9guli\u00e8rement des r\u00e9unions publiques pour partager les r\u00e9sultats de l\u2019\u00e9tude sur le territoire. La prochaine restitution aura lieu le 5 juin en Vall\u00e9e d\u2019Aoste.  <\/p>\n\n\n\n<p>Cet article a \u00e9t\u00e9 pr\u00e9sent\u00e9 dans notre Newsletter. <a href=\"https:\/\/creamontblanc.org\/fr\/newsletter\">Inscrivez-vous<\/a> pour \u00eatre s\u00fbr de ne pas rater les prochaines nouvelles du CREA Mont-Blanc\u00a0!<\/p>\n\n\n\n<p>Partenaires du projet <\/p>\n\n\n\n<div class=\"wp-block-image\"><figure class=\"aligncenter size-large is-resized\"><img loading=\"lazy\" decoding=\"async\" src=\"http:\/\/blog.creamontblanc.org\/wp-content\/uploads\/2020\/02\/LOGO-ADAPT-Espace-1000x556.jpg\" alt=\"\" class=\"wp-image-2626\" width=\"500\" height=\"278\" \/><\/figure><\/div>\n\n\n\n<figure class=\"wp-block-image size-large\"><img loading=\"lazy\" decoding=\"async\" width=\"1000\" height=\"266\" src=\"http:\/\/blog.creamontblanc.org\/wp-content\/uploads\/2020\/02\/Capture-d\u2019e\u0301cran-2020-02-06-a\u0300-13.48.08-1000x266.png\" alt=\"\" class=\"wp-image-2628\" srcset=\"https:\/\/blog.creamontblanc.org\/wp-content\/uploads\/2020\/02\/Capture-d\u2019e\u0301cran-2020-02-06-a\u0300-13.48.08-1000x266.png 1000w, https:\/\/blog.creamontblanc.org\/wp-content\/uploads\/2020\/02\/Capture-d\u2019e\u0301cran-2020-02-06-a\u0300-13.48.08-300x80.png 300w, https:\/\/blog.creamontblanc.org\/wp-content\/uploads\/2020\/02\/Capture-d\u2019e\u0301cran-2020-02-06-a\u0300-13.48.08-768x204.png 768w, https:\/\/blog.creamontblanc.org\/wp-content\/uploads\/2020\/02\/Capture-d\u2019e\u0301cran-2020-02-06-a\u0300-13.48.08.png 1068w\" sizes=\"auto, (max-width: 1000px) 100vw, 1000px\" \/><\/figure>\n\n\n\n<p><\/p>\n\n\n\n<p>Pour plus d&rsquo;informations&#8230;.<br>Le projet AdaPT Mont-Blanc sur le site de <a href=\"http:\/\/www.espace-mont-blanc.com\/adapt-mont-blanc\" target=\"_blank\" rel=\"noreferrer noopener\" aria-label=\" (s\u2019ouvre dans un nouvel onglet)\">l&rsquo;Espace Mont-Blanc <\/a><br>Le <a href=\"http:\/\/bit.ly\/AdaPTMBClimateReport\" target=\"_blank\" rel=\"noreferrer noopener\" aria-label=\" (s\u2019ouvre dans un nouvel onglet)\">rapport final du projet AdaPT Mont-Blanc<\/a> <br>Notre <a href=\"http:\/\/bit.ly\/SSAdaptMB_EN\" target=\"_blank\" rel=\"noreferrer noopener\" aria-label=\" (s\u2019ouvre dans un nouvel onglet)\">article de blog sur notre Science Sandwich sur AdaPT Mont-Blanc<\/a>, avec son <a href=\"http:\/\/bit.ly\/SSAdaptMB\" target=\"_blank\" rel=\"noreferrer noopener\" aria-label=\" (s\u2019ouvre dans un nouvel onglet)\">enregistrement audio<\/a> et la diaporama <\/p>\n","protected":false},"excerpt":{"rendered":"<p>Quels seront les visages du massif du Mont-Blanc dans 15 ans et dans 30 ans&nbsp;? Alors que les effets des changements climatiques ont d\u00e9j\u00e0 commenc\u00e9 \u00e0 se faire sentir, le rapport Climat d\u2019AdaPT Mont-Blanc dessine des perspectives sur les \u00e9volutions &hellip; <a href=\"https:\/\/blog.creamontblanc.org?p=2619\">Lire la suite\u00ad\u00ad<\/a><\/p>\n","protected":false},"author":7,"featured_media":2715,"comment_status":"open","ping_status":"open","sticky":false,"template":"","format":"standard","meta":{"_monsterinsights_skip_tracking":false,"_monsterinsights_sitenote_active":false,"_monsterinsights_sitenote_note":"","_monsterinsights_sitenote_category":0,"ngg_post_thumbnail":0,"footnotes":""},"categories":[194],"tags":[10],"class_list":["post-2619","post","type-post","status-publish","format-standard","has-post-thumbnail","hentry","category-la-recherche","tag-climat"],"aioseo_notices":[],"amp_enabled":true,"_links":{"self":[{"href":"https:\/\/blog.creamontblanc.org\/index.php?rest_route=\/wp\/v2\/posts\/2619","targetHints":{"allow":["GET"]}}],"collection":[{"href":"https:\/\/blog.creamontblanc.org\/index.php?rest_route=\/wp\/v2\/posts"}],"about":[{"href":"https:\/\/blog.creamontblanc.org\/index.php?rest_route=\/wp\/v2\/types\/post"}],"author":[{"embeddable":true,"href":"https:\/\/blog.creamontblanc.org\/index.php?rest_route=\/wp\/v2\/users\/7"}],"replies":[{"embeddable":true,"href":"https:\/\/blog.creamontblanc.org\/index.php?rest_route=%2Fwp%2Fv2%2Fcomments&post=2619"}],"version-history":[{"count":20,"href":"https:\/\/blog.creamontblanc.org\/index.php?rest_route=\/wp\/v2\/posts\/2619\/revisions"}],"predecessor-version":[{"id":2865,"href":"https:\/\/blog.creamontblanc.org\/index.php?rest_route=\/wp\/v2\/posts\/2619\/revisions\/2865"}],"wp:featuredmedia":[{"embeddable":true,"href":"https:\/\/blog.creamontblanc.org\/index.php?rest_route=\/wp\/v2\/media\/2715"}],"wp:attachment":[{"href":"https:\/\/blog.creamontblanc.org\/index.php?rest_route=%2Fwp%2Fv2%2Fmedia&parent=2619"}],"wp:term":[{"taxonomy":"category","embeddable":true,"href":"https:\/\/blog.creamontblanc.org\/index.php?rest_route=%2Fwp%2Fv2%2Fcategories&post=2619"},{"taxonomy":"post_tag","embeddable":true,"href":"https:\/\/blog.creamontblanc.org\/index.php?rest_route=%2Fwp%2Fv2%2Ftags&post=2619"}],"curies":[{"name":"wp","href":"https:\/\/api.w.org\/{rel}","templated":true}]}}