{"id":2594,"date":"2020-01-22T15:15:36","date_gmt":"2020-01-22T14:15:36","guid":{"rendered":"http:\/\/blog.creamontblanc.org?p=2594"},"modified":"2020-01-22T15:15:40","modified_gmt":"2020-01-22T14:15:40","slug":"phenoclim-a-lhonneur-dans-la-terre-au-carre","status":"publish","type":"post","link":"https:\/\/blog.creamontblanc.org?p=2594","title":{"rendered":"Ph\u00e9noclim \u00e0 l&rsquo;honneur dans la \u00ab\u00a0terre au carr\u00e9\u00a0\u00bb"},"content":{"rendered":"\n<p><strong>Le 27 d\u00e9cembre 2019, l\u2019\u00e9quipe du CREA Mont-Blanc est intervenue dans l\u2019\u00e9mission la \u00ab&nbsp;Terre au Carr\u00e9&nbsp;\u00bb de France Inter pour pr\u00e9senter le projet Ph\u00e9noclim. Retrouvez ci-dessous le lien pour r\u00e9\u00e9couter cet \u00e9change de 5 min (\u00e0 partir de 37\u201940&Prime;). Ph\u00e9noclim est un programme scientifique et p\u00e9dagogique qui invite le public \u00e0 mesurer l\u2019impact du changement climatique sur la faune et la flore en montagne.<\/strong><\/p>\n\n\n\n<figure class=\"wp-block-image size-large\"><img loading=\"lazy\" decoding=\"async\" width=\"836\" height=\"334\" src=\"http:\/\/blog.creamontblanc.org\/wp-content\/uploads\/2020\/01\/FranceInter_Phe\u0301noclim.png\" alt=\"\" class=\"wp-image-2595\" srcset=\"https:\/\/blog.creamontblanc.org\/wp-content\/uploads\/2020\/01\/FranceInter_Phe\u0301noclim.png 836w, https:\/\/blog.creamontblanc.org\/wp-content\/uploads\/2020\/01\/FranceInter_Phe\u0301noclim-300x120.png 300w, https:\/\/blog.creamontblanc.org\/wp-content\/uploads\/2020\/01\/FranceInter_Phe\u0301noclim-768x307.png 768w\" sizes=\"auto, (max-width: 836px) 100vw, 836px\" \/><\/figure>\n\n\n\n<iframe loading=\"lazy\" src=\"https:\/\/www.franceinter.fr\/embed\/player\/aod\/34f4684f-c51d-420b-bf0d-e47e7c2c20ff\" width=\"100%\" height=\"64\" frameborder=\"0\" scrolling=\"no\"><\/iframe>\n<p>&nbsp;<\/p>\n\n\n\n<p>Pour en savoir plus\u00a0: d\u00e9couvrez le <a href=\"https:\/\/phenoclim.org\/sites\/default\/files\/atoms\/files\/protocole_vegetation_phenoclim_creamontblanc_0.pdf\">protocole Ph\u00e9noclim de suivi de la v\u00e9g\u00e9tation.<\/a><\/p>\n","protected":false},"excerpt":{"rendered":"<p>Le 27 d\u00e9cembre 2019, l\u2019\u00e9quipe du CREA Mont-Blanc est intervenue dans l\u2019\u00e9mission la \u00ab&nbsp;Terre au Carr\u00e9&nbsp;\u00bb de France Inter pour pr\u00e9senter le projet Ph\u00e9noclim. Retrouvez ci-dessous le lien pour r\u00e9\u00e9couter cet \u00e9change de 5 min (\u00e0 partir de 37\u201940&Prime;). Ph\u00e9noclim &hellip; <a href=\"https:\/\/blog.creamontblanc.org?p=2594\">Lire la suite\u00ad\u00ad<\/a><\/p>\n","protected":false},"author":12,"featured_media":2595,"comment_status":"open","ping_status":"open","sticky":false,"template":"","format":"standard","meta":{"_monsterinsights_skip_tracking":false,"_monsterinsights_sitenote_active":false,"_monsterinsights_sitenote_note":"","_monsterinsights_sitenote_category":0,"ngg_post_thumbnail":0,"footnotes":""},"categories":[31],"tags":[46],"class_list":["post-2594","post","type-post","status-publish","format-standard","has-post-thumbnail","hentry","category-sciences-participatives","tag-phenoclim"],"aioseo_notices":[],"amp_enabled":true,"_links":{"self":[{"href":"https:\/\/blog.creamontblanc.org\/index.php?rest_route=\/wp\/v2\/posts\/2594","targetHints":{"allow":["GET"]}}],"collection":[{"href":"https:\/\/blog.creamontblanc.org\/index.php?rest_route=\/wp\/v2\/posts"}],"about":[{"href":"https:\/\/blog.creamontblanc.org\/index.php?rest_route=\/wp\/v2\/types\/post"}],"author":[{"embeddable":true,"href":"https:\/\/blog.creamontblanc.org\/index.php?rest_route=\/wp\/v2\/users\/12"}],"replies":[{"embeddable":true,"href":"https:\/\/blog.creamontblanc.org\/index.php?rest_route=%2Fwp%2Fv2%2Fcomments&post=2594"}],"version-history":[{"count":3,"href":"https:\/\/blog.creamontblanc.org\/index.php?rest_route=\/wp\/v2\/posts\/2594\/revisions"}],"predecessor-version":[{"id":2602,"href":"https:\/\/blog.creamontblanc.org\/index.php?rest_route=\/wp\/v2\/posts\/2594\/revisions\/2602"}],"wp:featuredmedia":[{"embeddable":true,"href":"https:\/\/blog.creamontblanc.org\/index.php?rest_route=\/wp\/v2\/media\/2595"}],"wp:attachment":[{"href":"https:\/\/blog.creamontblanc.org\/index.php?rest_route=%2Fwp%2Fv2%2Fmedia&parent=2594"}],"wp:term":[{"taxonomy":"category","embeddable":true,"href":"https:\/\/blog.creamontblanc.org\/index.php?rest_route=%2Fwp%2Fv2%2Fcategories&post=2594"},{"taxonomy":"post_tag","embeddable":true,"href":"https:\/\/blog.creamontblanc.org\/index.php?rest_route=%2Fwp%2Fv2%2Ftags&post=2594"}],"curies":[{"name":"wp","href":"https:\/\/api.w.org\/{rel}","templated":true}]}}