{"id":257,"date":"2016-07-05T10:39:48","date_gmt":"2016-07-05T09:39:48","guid":{"rendered":"http:\/\/blog.creamontblanc.org\/?p=257"},"modified":"2016-07-11T11:45:48","modified_gmt":"2016-07-11T10:45:48","slug":"phenoclim-se-deploie-en-suisse-romande","status":"publish","type":"post","link":"https:\/\/blog.creamontblanc.org?p=257","title":{"rendered":"Ph\u00e9noclim se d\u00e9ploie en Suisse romande"},"content":{"rendered":"<p><strong>Le programme de sciences participatives en montagne Ph\u00e9noclim se d\u00e9ploie en Suisse romande, en montagne comme en plaine. Une nouvelle station de mesure de temp\u00e9ratures a \u00e9t\u00e9 install\u00e9e pour comparer les observations des b\u00e9n\u00e9voles aux donn\u00e9es climatiques. <\/strong><\/p>\n<figure id=\"attachment_259\" class=\"thumbnail wp-caption aligncenter\" style=\"width: 1000px\"><a href=\"http:\/\/blog.creamontblanc.org\/phenoclim-se-deploie-en-suisse-romande\/musee-et-jardins-botaniques-cantonaux\/\" rel=\"attachment wp-att-259\"><img loading=\"lazy\" decoding=\"async\" class=\"size-full wp-image-259\" src=\"http:\/\/blog.creamontblanc.org\/wp-content\/uploads\/2016\/07\/Mus\u00e9e-et-jardins-botaniques-cantonaux.jpg\" alt=\"Entr\u00e9e du jardin \u00a9 Mus\u00e9e et jardin botaniques cantonaux\" width=\"1000\" height=\"500\" srcset=\"https:\/\/blog.creamontblanc.org\/wp-content\/uploads\/2016\/07\/Mus\u00e9e-et-jardins-botaniques-cantonaux.jpg 1000w, https:\/\/blog.creamontblanc.org\/wp-content\/uploads\/2016\/07\/Mus\u00e9e-et-jardins-botaniques-cantonaux-300x150.jpg 300w, https:\/\/blog.creamontblanc.org\/wp-content\/uploads\/2016\/07\/Mus\u00e9e-et-jardins-botaniques-cantonaux-768x384.jpg 768w\" sizes=\"auto, (max-width: 1000px) 100vw, 1000px\" \/><\/a><figcaption class=\"caption wp-caption-text\"><em>Entr\u00e9e du jardin \u00a9 Mus\u00e9e et jardin botaniques cantonaux<\/em><\/figcaption><\/figure>\n<p><!--more--><\/p>\n<figure id=\"attachment_260\" class=\"thumbnail wp-caption alignleft\" style=\"width: 186px\"><a href=\"http:\/\/blog.creamontblanc.org\/phenoclim-se-deploie-en-suisse-romande\/station_lausanne\/\" rel=\"attachment wp-att-260\"><img loading=\"lazy\" decoding=\"async\" class=\"wp-image-260 size-full\" src=\"http:\/\/blog.creamontblanc.org\/wp-content\/uploads\/2016\/07\/station_lausanne.jpg\" alt=\"Station Ph\u00e9noclim \u00e0 Lausanne \" width=\"186\" height=\"367\" srcset=\"https:\/\/blog.creamontblanc.org\/wp-content\/uploads\/2016\/07\/station_lausanne.jpg 186w, https:\/\/blog.creamontblanc.org\/wp-content\/uploads\/2016\/07\/station_lausanne-152x300.jpg 152w\" sizes=\"auto, (max-width: 186px) 100vw, 186px\" \/><\/a><figcaption class=\"caption wp-caption-text\"><em>Station Ph\u00e9noclim \u00e0 Lausanne <\/em><\/figcaption><\/figure>\n<p>Apr\u00e8s la mise en place ce printemps d\u2019un nouveau relais au Parc naturel r\u00e9gional Gruy\u00e8re Pays-d&rsquo;Enhaut dans le cadre de ses actions sur les amphibiens, une station de mesure de temp\u00e9rature a \u00e9t\u00e9 install\u00e9e aux Mus\u00e9e et Jardin botaniques cantonaux \u00e0 Lausanne dans le Canton de Vaud. Dans un premier temps, une classe primaire lausannoise participera aux relev\u00e9s et testera les protocoles de coloration des feuilles cet automne sur une esp\u00e8ce : le bouleau.<\/p>\n<p>Au printemps 2017, l\u2019observation des phases printani\u00e8res sur le fr\u00eane, noisetier, \u00e9pic\u00e9a et bouleau sera ouverte \u00e0 toutes les classes proches du jardin botanique. Ces activit\u00e9s scolaires seront mises sur pied en collaboration entre Julien Leuenberger, m\u00e9diateur culturel et relais Ph\u00e9noclim au jardin botanique, Daphn\u00e9 Asse et Christophe Randin.<\/p>\n<p>&nbsp;<\/p>\n<p>R\u00e9daction : Christophe Randin<\/p>\n<p>&nbsp;<\/p>\n<p><strong>Pour en savoir plus<\/strong><\/p>\n<p>Le module <a href=\"http:\/\/www.atlasmontblanc.org\/fr\/climat-en-live\" target=\"_blank\">Climat en live<\/a> de l&rsquo;Atlas du Mont-Blanc, pour visualiser les donn\u00e9es de la station (1007 &#8211; Jardin botanique de lausanne n\u00b0269)<br \/>\nLe site Internet des <a href=\"http:\/\/www.musees.vd.ch\/musee-et-jardins-botaniques\/musee-et-jardins-botaniques-cantonaux\" target=\"_blank\">Mus\u00e9e et Jardin botaniques cantonaux de Lausanne<br \/>\n<\/a>Notre article <a href=\"http:\/\/phenoclim.org\/fr\/news\/premiere-ponte-de-grenouille-en-suisse\" target=\"_blank\">Premi\u00e8re ponte de grenouilles en Suisse,<\/a> avec les \u00e9coliers du\u00a0Parc naturel r\u00e9gional Gruy\u00e8re Pays-d&rsquo;Enhaut<\/p>\n","protected":false},"excerpt":{"rendered":"<p>Le programme de sciences participatives en montagne Ph\u00e9noclim se d\u00e9ploie en Suisse romande, en montagne comme en plaine. Une nouvelle station de mesure de temp\u00e9ratures a \u00e9t\u00e9 install\u00e9e pour comparer les observations des b\u00e9n\u00e9voles aux donn\u00e9es climatiques.<\/p>\n","protected":false},"author":5,"featured_media":259,"comment_status":"open","ping_status":"open","sticky":false,"template":"","format":"standard","meta":{"_monsterinsights_skip_tracking":false,"_monsterinsights_sitenote_active":false,"_monsterinsights_sitenote_note":"","_monsterinsights_sitenote_category":0,"ngg_post_thumbnail":0,"footnotes":""},"categories":[31],"tags":[9,46,38,7],"class_list":["post-257","post","type-post","status-publish","format-standard","has-post-thumbnail","hentry","category-sciences-participatives","tag-climatologie","tag-phenoclim","tag-science-participative","tag-suisse"],"aioseo_notices":[],"amp_enabled":true,"_links":{"self":[{"href":"https:\/\/blog.creamontblanc.org\/index.php?rest_route=\/wp\/v2\/posts\/257","targetHints":{"allow":["GET"]}}],"collection":[{"href":"https:\/\/blog.creamontblanc.org\/index.php?rest_route=\/wp\/v2\/posts"}],"about":[{"href":"https:\/\/blog.creamontblanc.org\/index.php?rest_route=\/wp\/v2\/types\/post"}],"author":[{"embeddable":true,"href":"https:\/\/blog.creamontblanc.org\/index.php?rest_route=\/wp\/v2\/users\/5"}],"replies":[{"embeddable":true,"href":"https:\/\/blog.creamontblanc.org\/index.php?rest_route=%2Fwp%2Fv2%2Fcomments&post=257"}],"version-history":[{"count":6,"href":"https:\/\/blog.creamontblanc.org\/index.php?rest_route=\/wp\/v2\/posts\/257\/revisions"}],"predecessor-version":[{"id":266,"href":"https:\/\/blog.creamontblanc.org\/index.php?rest_route=\/wp\/v2\/posts\/257\/revisions\/266"}],"wp:featuredmedia":[{"embeddable":true,"href":"https:\/\/blog.creamontblanc.org\/index.php?rest_route=\/wp\/v2\/media\/259"}],"wp:attachment":[{"href":"https:\/\/blog.creamontblanc.org\/index.php?rest_route=%2Fwp%2Fv2%2Fmedia&parent=257"}],"wp:term":[{"taxonomy":"category","embeddable":true,"href":"https:\/\/blog.creamontblanc.org\/index.php?rest_route=%2Fwp%2Fv2%2Fcategories&post=257"},{"taxonomy":"post_tag","embeddable":true,"href":"https:\/\/blog.creamontblanc.org\/index.php?rest_route=%2Fwp%2Fv2%2Ftags&post=257"}],"curies":[{"name":"wp","href":"https:\/\/api.w.org\/{rel}","templated":true}]}}