{"id":2554,"date":"2020-01-22T14:24:08","date_gmt":"2020-01-22T13:24:08","guid":{"rendered":"http:\/\/blog.creamontblanc.org?p=2554"},"modified":"2022-11-08T15:35:31","modified_gmt":"2022-11-08T14:35:31","slug":"changement-climatique-et-biodiversite-des-sujets-dinspiration-pour-les-lyceens-de-chamonix","status":"publish","type":"post","link":"https:\/\/blog.creamontblanc.org?p=2554","title":{"rendered":"Changement climatique et biodiversit\u00e9: des sujets d&rsquo;inspiration pour les lyc\u00e9ens de Chamonix"},"content":{"rendered":"\n<p><strong>En octobre 2019, l\u2019\u00e9quipe du CREA Mont-Blanc s\u2019est rendue au lyc\u00e9e Frison-Roche de Chamonix pour y pr\u00e9senter ses travaux sur le changement climatique et la biodiversit\u00e9 de montagne. Les \u00e9l\u00e8ves de seconde avec option \u00ab&nbsp;arts plastiques&nbsp;\u00bb s\u2019en sont inspir\u00e9s pour r\u00e9aliser quelques productions, que nous partageons dans cet article. Les \u00e9l\u00e8ves l\u2019expriment bien au travers de ces productions&nbsp;: il y a bel et bien des gagnants et des perdants du c\u00f4t\u00e9 des plantes et des animaux face au changement climatique&nbsp;! On se rend compte \u00e9galement que les pr\u00e9occupations environnementales des jeunes de la vall\u00e9e d\u00e9passent le changement climatique.<\/strong><\/p>\n\n\n\n<figure class=\"wp-block-image size-large\"><img loading=\"lazy\" decoding=\"async\" width=\"836\" height=\"531\" src=\"http:\/\/blog.creamontblanc.org\/wp-content\/uploads\/2020\/01\/image.png\" alt=\"\" class=\"wp-image-2555\" srcset=\"https:\/\/blog.creamontblanc.org\/wp-content\/uploads\/2020\/01\/image.png 836w, https:\/\/blog.creamontblanc.org\/wp-content\/uploads\/2020\/01\/image-300x191.png 300w, https:\/\/blog.creamontblanc.org\/wp-content\/uploads\/2020\/01\/image-768x488.png 768w, https:\/\/blog.creamontblanc.org\/wp-content\/uploads\/2020\/01\/image-80x50.png 80w\" sizes=\"auto, (max-width: 836px) 100vw, 836px\" \/><\/figure>\n\n\n\n<div class=\"wp-block-image\"><figure class=\"alignleft size-large\"><img loading=\"lazy\" decoding=\"async\" width=\"400\" height=\"424\" src=\"http:\/\/blog.creamontblanc.org\/wp-content\/uploads\/2020\/01\/grenouille-1.jpg\" alt=\"\" class=\"wp-image-2570\" srcset=\"https:\/\/blog.creamontblanc.org\/wp-content\/uploads\/2020\/01\/grenouille-1.jpg 400w, https:\/\/blog.creamontblanc.org\/wp-content\/uploads\/2020\/01\/grenouille-1-283x300.jpg 283w\" sizes=\"auto, (max-width: 400px) 100vw, 400px\" \/><\/figure><\/div>\n\n\n\n<h3 class=\"wp-block-heading\">Claire : \u00ab Toujours plus haut, toujours plus chaud \u00bb <\/h3>\n\n\n\n<p>Mon dessin repr\u00e9sente une des cons\u00e9quences du changement climatique sur les \u00eatres vivants. La grenouille est symbole de la m\u00e9t\u00e9o et repr\u00e9sente aussi sur mon dessin tous les \u00eatres vivants. La tige sur laquelle elle est accroch\u00e9e est vue comme un thermom\u00e8tre qui montre les temp\u00e9ratures qui chauffent et de plus en plus haut en altitude. La grenouille doit donc monter plus haut sur sa plante pour \u00eatre dans son bon environnement comme en r\u00e9alit\u00e9 la faune et la flore qui doit se d\u00e9placer plus haut en altitude.  <\/p>\n\n\n\n<p><em>Technique : peinture acrylique<\/em><\/p>\n\n\n\n<div>\n<p>&nbsp;<\/p>\n<p>&nbsp;<\/p>\n<p>&nbsp;<\/p>\n<p>&nbsp;<\/p>\n<p>&nbsp;<\/p>\n<\/div>\n\n\n\n<h3 class=\"wp-block-heading\">Lucas&nbsp;:\n\u00ab&nbsp;Arbre mort ou vivant&nbsp;\u00bb<\/h3>\n\n\n\n<p>J\u2019ai\nr\u00e9alis\u00e9 l\u2019image d\u2019arbre mort ou vivant pour montrer que le\nr\u00e9chauffement climatique caus\u00e9 par l\u2019homme affecte les arbres. \n<\/p>\n\n\n\n<p><em>Technique&nbsp;: Acrylique sur papier<\/em><\/p>\n\n\n\n<div class=\"wp-block-image\"><figure class=\"aligncenter size-large\"><img loading=\"lazy\" decoding=\"async\" width=\"602\" height=\"400\" src=\"http:\/\/blog.creamontblanc.org\/wp-content\/uploads\/2020\/01\/foret-1.jpg\" alt=\"\" class=\"wp-image-2572\" srcset=\"https:\/\/blog.creamontblanc.org\/wp-content\/uploads\/2020\/01\/foret-1.jpg 602w, https:\/\/blog.creamontblanc.org\/wp-content\/uploads\/2020\/01\/foret-1-300x199.jpg 300w\" sizes=\"auto, (max-width: 602px) 100vw, 602px\" \/><\/figure><\/div>\n\n\n\n<div class=\"wp-block-image\"><figure class=\"alignleft size-large\"><img loading=\"lazy\" decoding=\"async\" width=\"501\" height=\"400\" src=\"http:\/\/blog.creamontblanc.org\/wp-content\/uploads\/2020\/01\/fleur-1.jpg\" alt=\"\" class=\"wp-image-2574\" srcset=\"https:\/\/blog.creamontblanc.org\/wp-content\/uploads\/2020\/01\/fleur-1.jpg 501w, https:\/\/blog.creamontblanc.org\/wp-content\/uploads\/2020\/01\/fleur-1-300x240.jpg 300w\" sizes=\"auto, (max-width: 501px) 100vw, 501px\" \/><\/figure><\/div>\n\n\n\n<h3 class=\"wp-block-heading\">Lola&nbsp;: \u00ab&nbsp;Cerise des montagnes&nbsp;\u00bb<\/h3>\n\n\n\n<p>Il\ns\u2019agit d\u2019une repr\u00e9sentation id\u00e9alis\u00e9e d\u2019un cerisier que l\u2019on\npourrait trouver en haute altitude si le climat continue de se\nr\u00e9chauffer. \n<\/p>\n\n\n\n<p><em>Technique&nbsp;: acrylique et collage sur papier<\/em><\/p>\n\n\n\n<div>\n<p>&nbsp;<\/p>\n<p>&nbsp;<\/p>\n<p>&nbsp;<\/p>\n<p>&nbsp;<\/p>\n<p>&nbsp;<\/p>\n<p>&nbsp;<\/p>\n<p>&nbsp;<\/p>\n<\/div>\n\n\n\n<div class=\"wp-block-image\"><figure class=\"alignright size-large\"><img loading=\"lazy\" decoding=\"async\" width=\"400\" height=\"447\" src=\"http:\/\/blog.creamontblanc.org\/wp-content\/uploads\/2020\/01\/abeille-1.png\" alt=\"\" class=\"wp-image-2576\" srcset=\"https:\/\/blog.creamontblanc.org\/wp-content\/uploads\/2020\/01\/abeille-1.png 400w, https:\/\/blog.creamontblanc.org\/wp-content\/uploads\/2020\/01\/abeille-1-268x300.png 268w\" sizes=\"auto, (max-width: 400px) 100vw, 400px\" \/><\/figure><\/div>\n\n\n\n<h3 class=\"wp-block-heading\">Louise\net In\u00e8s&nbsp;: \u00ab&nbsp;Le bourdon des neiges&nbsp;\u00bb<\/h3>\n\n\n\n<p>Il\ns\u2019agit d\u2019une repr\u00e9sentation du bourdon des Alpes au sommet du\nMont Blanc, symbolisant l\u2019ascension de l\u2019animal d\u00fb au\nr\u00e9chauffement climatique.<\/p>\n\n\n\n<p><em>Technique&nbsp;: Modelage peint<\/em><\/p>\n\n\n\n<p>   <\/p>\n\n\n\n<div>\n<p>&nbsp;<\/p>\n<p>&nbsp;<\/p>\n<p>&nbsp;<\/p>\n<p>&nbsp;<\/p>\n<p>&nbsp;<\/p>\n<p>&nbsp;<\/p>\n<p>&nbsp;<\/p>\n<\/div>\n\n\n\n<div>\n<p>&nbsp;<\/p>\n<p>&nbsp;<\/p>\n<p>&nbsp;<\/p>\n<\/div>\n\n\n\n<div class=\"wp-block-image\"><figure class=\"alignleft size-large\"><img loading=\"lazy\" decoding=\"async\" width=\"400\" height=\"533\" src=\"http:\/\/blog.creamontblanc.org\/wp-content\/uploads\/2020\/01\/chien-1.jpg\" alt=\"\" class=\"wp-image-2578\" srcset=\"https:\/\/blog.creamontblanc.org\/wp-content\/uploads\/2020\/01\/chien-1.jpg 400w, https:\/\/blog.creamontblanc.org\/wp-content\/uploads\/2020\/01\/chien-1-225x300.jpg 225w\" sizes=\"auto, (max-width: 400px) 100vw, 400px\" \/><\/figure><\/div>\n\n\n\n<h3 class=\"wp-block-heading\">Louane&nbsp;: \u00ab&nbsp;Mon pelage disparait sous la pollution&nbsp;\u00bb<\/h3>\n\n\n\n<p>J&rsquo;ai voulu faire ce chien, pour repr\u00e9senter l&rsquo;impact de la pollution sur les animaux domestiques. Je l&rsquo;ai \u00ab\u00a0fondu\u00a0\u00bb dans le d\u00e9cor pour montrer que la pollution devient de plus en plus importante. Et qu&rsquo;il n&rsquo;y a pas que les humains qui souffrent de cette pollution.&nbsp;Pour cela, j&rsquo;ai utilis\u00e9 de l&rsquo;argile pour construire le chien, je l&rsquo;ai ensuite peint en cr\u00e9ant des t\u00e2ches (de pollution), et j&rsquo;ai pris une bo\u00eete o\u00f9 j&rsquo;ai agraf\u00e9 des bouts de tissus et je les ai peints pour repr\u00e9senter la pollution. <\/p>\n\n\n\n<p><em>Technique : Modelage peint<\/em><\/p>\n\n\n\n<div>\n<p>&nbsp;<\/p>\n<p>&nbsp;<\/p>\n<p>&nbsp;<\/p>\n<p>&nbsp;<\/p>\n<p>&nbsp;<\/p>\n<p>&nbsp;<\/p>\n<p>&nbsp;<\/p>\n<\/div>\n\n\n\n<div>\n<p>&nbsp;<\/p>\n<p>&nbsp;<\/p>\n<p>&nbsp;<\/p>\n<\/div>\n\n\n\n<div class=\"wp-block-image\"><figure class=\"alignright size-large\"><img loading=\"lazy\" decoding=\"async\" width=\"409\" height=\"404\" src=\"http:\/\/blog.creamontblanc.org\/wp-content\/uploads\/2020\/01\/arbre.png\" alt=\"\" class=\"wp-image-2567\" srcset=\"https:\/\/blog.creamontblanc.org\/wp-content\/uploads\/2020\/01\/arbre.png 409w, https:\/\/blog.creamontblanc.org\/wp-content\/uploads\/2020\/01\/arbre-300x296.png 300w\" sizes=\"auto, (max-width: 409px) 100vw, 409px\" \/><\/figure><\/div>\n\n\n\n<h3 class=\"wp-block-heading\">L\u00e9ane et Fuka&nbsp;: \u00ab&nbsp;Feuilles noires&nbsp;\u00bb  <\/h3>\n\n\n\n<p>On\na repr\u00e9sent\u00e9 un arbre aux feuilles noires pour repr\u00e9senter la\npollution qui impacte la nature, le tronc est rose fluo comme si l\u2019on\navait rejet\u00e9 des produits chimiques dessus. \n<\/p>\n\n\n\n<p><em>Technique&nbsp;: Argile, Feuille morte, peinture acrylique<\/em><\/p>\n","protected":false},"excerpt":{"rendered":"<p>En octobre 2019, l\u2019\u00e9quipe du CREA Mont-Blanc s\u2019est rendue au lyc\u00e9e Frison-Roche de Chamonix pour y pr\u00e9senter ses travaux sur le changement climatique et la biodiversit\u00e9 de montagne. Les \u00e9l\u00e8ves de seconde avec option \u00ab&nbsp;arts plastiques&nbsp;\u00bb s\u2019en sont inspir\u00e9s pour &hellip; <a href=\"https:\/\/blog.creamontblanc.org?p=2554\">Lire la suite\u00ad\u00ad<\/a><\/p>\n","protected":false},"author":12,"featured_media":2592,"comment_status":"open","ping_status":"open","sticky":false,"template":"","format":"standard","meta":{"_monsterinsights_skip_tracking":false,"_monsterinsights_sitenote_active":false,"_monsterinsights_sitenote_note":"","_monsterinsights_sitenote_category":0,"ngg_post_thumbnail":0,"footnotes":""},"categories":[5],"tags":[12],"class_list":["post-2554","post","type-post","status-publish","format-standard","has-post-thumbnail","hentry","category-vie-association","tag-rencontre"],"aioseo_notices":[],"amp_enabled":true,"_links":{"self":[{"href":"https:\/\/blog.creamontblanc.org\/index.php?rest_route=\/wp\/v2\/posts\/2554","targetHints":{"allow":["GET"]}}],"collection":[{"href":"https:\/\/blog.creamontblanc.org\/index.php?rest_route=\/wp\/v2\/posts"}],"about":[{"href":"https:\/\/blog.creamontblanc.org\/index.php?rest_route=\/wp\/v2\/types\/post"}],"author":[{"embeddable":true,"href":"https:\/\/blog.creamontblanc.org\/index.php?rest_route=\/wp\/v2\/users\/12"}],"replies":[{"embeddable":true,"href":"https:\/\/blog.creamontblanc.org\/index.php?rest_route=%2Fwp%2Fv2%2Fcomments&post=2554"}],"version-history":[{"count":12,"href":"https:\/\/blog.creamontblanc.org\/index.php?rest_route=\/wp\/v2\/posts\/2554\/revisions"}],"predecessor-version":[{"id":2598,"href":"https:\/\/blog.creamontblanc.org\/index.php?rest_route=\/wp\/v2\/posts\/2554\/revisions\/2598"}],"wp:featuredmedia":[{"embeddable":true,"href":"https:\/\/blog.creamontblanc.org\/index.php?rest_route=\/wp\/v2\/media\/2592"}],"wp:attachment":[{"href":"https:\/\/blog.creamontblanc.org\/index.php?rest_route=%2Fwp%2Fv2%2Fmedia&parent=2554"}],"wp:term":[{"taxonomy":"category","embeddable":true,"href":"https:\/\/blog.creamontblanc.org\/index.php?rest_route=%2Fwp%2Fv2%2Fcategories&post=2554"},{"taxonomy":"post_tag","embeddable":true,"href":"https:\/\/blog.creamontblanc.org\/index.php?rest_route=%2Fwp%2Fv2%2Ftags&post=2554"}],"curies":[{"name":"wp","href":"https:\/\/api.w.org\/{rel}","templated":true}]}}