{"id":2527,"date":"2020-01-08T11:15:31","date_gmt":"2020-01-08T10:15:31","guid":{"rendered":"http:\/\/blog.creamontblanc.org?p=2527"},"modified":"2023-01-13T13:30:12","modified_gmt":"2023-01-13T12:30:12","slug":"science-sandwich-programme-2020","status":"publish","type":"post","link":"https:\/\/blog.creamontblanc.org?p=2527","title":{"rendered":"Science Sandwich &#8211; Programme 2020"},"content":{"rendered":"\n<p><b>Le CREA Mont-Blanc ouvre ses s\u00e9minaires scientifiques au public et lance les&nbsp;<\/b><em style=\"font-weight: bold\">Science Sandwich<\/em><b>&nbsp;\u00e0 <\/b><strong>l\u2019Observatoire du Mont-Blanc.  Une fois par mois le mardi de 12h30 \u00e0 13h30, apportez votre sandwich \u00e0 l\u2019Observatoire du Mont-Blanc et venez \u00e0 la rencontre des chercheurs qui \u00e9tudient la montagne.&nbsp;Qu\u2019ils soient bas\u00e9s au CREA Mont-Blanc ou collaborateurs universitaires de passage, ils viennent partager leur passion pour la faune, la flore et les environnements d\u2019altitude.&nbsp;Ces rendez-vous ont lieu en fran\u00e7ais ou en anglais selon la th\u00e9matique et les intervenants.&nbsp;<\/strong><\/p>\n\n\n\n<p>&#8212; <\/p>\n\n\n\n<figure class=\"wp-block-image size-large\"><img loading=\"lazy\" decoding=\"async\" width=\"1000\" height=\"577\" src=\"https:\/\/blog.creamontblanc.org\/wp-content\/uploads\/2020\/01\/2019_LMoreau-1000x577.jpg\" alt=\"\" class=\"wp-image-2529\" srcset=\"https:\/\/blog.creamontblanc.org\/wp-content\/uploads\/2020\/01\/2019_LMoreau-1000x577.jpg 1000w, https:\/\/blog.creamontblanc.org\/wp-content\/uploads\/2020\/01\/2019_LMoreau-300x173.jpg 300w, https:\/\/blog.creamontblanc.org\/wp-content\/uploads\/2020\/01\/2019_LMoreau-768x443.jpg 768w, https:\/\/blog.creamontblanc.org\/wp-content\/uploads\/2020\/01\/2019_LMoreau-1536x886.jpg 1536w, https:\/\/blog.creamontblanc.org\/wp-content\/uploads\/2020\/01\/2019_LMoreau-scaled.jpg 2048w\" sizes=\"auto, (max-width: 1000px) 100vw, 1000px\" \/><figcaption class=\"wp-element-caption\"><em>Science Sandwich du Septembre 2019 : \u00abPeut-on esp\u00e9rer un retour des glaciers dans un avenir proche ou des activit\u00e9s nautiques \u00e0 la place ?\u00bb&nbsp; avec Luc Moreau, Glaciologue, Chamonix glaciologie association, sur les pas de Joseph Vallot<\/em><\/figcaption><\/figure>\n\n\n\n<h2 class=\"wp-block-heading\">Le programme 2020<\/h2>\n\n\n\n<h3 class=\"wp-block-heading\">Science Sandwich # 5 \u2013 REPORT\u00c9 <s>mardi, 10 novembre <\/s>en fran\u00e7ais, avec possibilit\u00e9 d&rsquo;\u00e9changes en anglais <\/h3>\n\n\n\n<p>\u00ab\u00a0CHAMOUNY: un jeu de r\u00f4le pour exp\u00e9rimenter l\u2019adaptation \u00e0 la crise environnementale\u00a0\u00bb <em>Avec <a href=\"https:\/\/www.linkedin.com\/in\/nicolasnova\/\">Nicolas Nova<\/a><\/em>, Professeur associ\u00e9, HEAD \u2013 Gen\u00e8ve \/ Co-fondateur The Near Future Laboratory<\/p>\n\n\n\n<p><em>Chamouny est un projet de recherche \u00e0 l\u2019intersection de l&rsquo;anthropologie et du design visant&nbsp;\u00e0 cr\u00e9er un jeu de r\u00f4le qui permettra aux participants de comprendre et d\u2019anticiper les enjeux d\u2019adaptation aux crises environnementales via l\u2019\u00e9tude de la vall\u00e9e de Chamonix. Ce jeu abordera de mani\u00e8re innovante le th\u00e8me de la transition \u00e9cologique en proposant une d\u00e9marche participative et prospective de projection dans les modes de vie de demain.&nbsp;<\/em><\/p>\n\n\n\n<p>Afin de permettre une distanciation social, <strong>le Science Sandwich aura lieu au Plan B <\/strong>\u00e0 Chamonix.  Dans le cadre des mesures COVID-19 l&rsquo;<strong>inscription&nbsp;pr\u00e9alable<\/strong>&nbsp;(par email hgerardi@creamontblanc.org) et le<strong> port du masque sont&nbsp;obligatoires<\/strong>.  Par cons\u00e9quent, les participants ne pourraient pas manger pendant la conf\u00e9rence.  Le Plan B proposera un restauration rapide \u00e0 prix r\u00e9duit avant et apr\u00e8s et vous \u00eates toujours bienvenu \u00e0 apporter votre picnic \u00e0 manger sur place. <\/p>\n\n\n\n<p>La conf\u00e9rence sera retransmise en diff\u00e9r\u00e9 sur notre&nbsp;<a href=\"https:\/\/creamontblanc.us6.list-manage.com\/track\/click?u=4f8f0b06fe43ecd70f14f15f7&amp;id=4ac3302167&amp;e=47bc1113f5\" rel=\"noreferrer noopener\" target=\"_blank\">chaine Youtube<\/a>.&nbsp;<\/p>\n\n\n\n<h3 class=\"wp-block-heading\">Science Sandwich # 6 \u2013 REPORT\u00c9 <s>mardi, 8<\/s> d\u00e9cembre en fran\u00e7ais<\/h3>\n\n\n\n<p>\u00ab\u00a0<strong>L\u2019envol des aroles<\/strong> : <em>\u00c0 la rencontre du cassenoix mouchet\u00e9, un oiseau qui donne des ailes aux arbres<\/em>\u00a0\u00bb <em>Avec <\/em><a href=\"https:\/\/www.linkedin.com\/in\/no%C3%A9mie-bugnon-4873541b9\/\">No\u00e9mie Bugnon<\/a>, t<em>itulaire du Bachelor of Sciences HES\u2060-\u2060SO en Gestion de la nature<\/em><\/p>\n\n\n\n<p><em>Le cassenoix mouchet\u00e9 est un oiseau typique de montagne, qui passe l\u2019hiver gr\u00e2ce \u00e0 ses r\u00e9serves de graines d\u2019arole. Les semant \u00e0 travers son territoire, le cassenoix permet \u00e0 l\u2019arole, ou pin cembro, d\u2019atteindre des sommets, lui octroyant le titre d\u2019arbre le plus haut de nos r\u00e9gions. Au travers de la pr\u00e9sentation d\u2019un travail de Bachelor, venez \u00e0 la d\u00e9couverte de la relation si particuli\u00e8re entre ces deux esp\u00e8ces.<\/em><\/p>\n\n\n\n<h3 class=\"wp-block-heading\"><s>mardi, 24 mars en fran\u00e7ais<\/s> REPORT\u00c9 au d\u00e9but 2021<\/h3>\n\n\n\n<p><em>\u00ab Que nous apprennent les plantes de haute montagne en biologie&nbsp;?<\/em> <em>\u00bb<\/em> <em>Avec <\/em><a href=\"http:\/\/seb.lavergne.free.fr\/\" target=\"_blank\" rel=\"noreferrer noopener\" aria-label=\" (s\u2019ouvre dans un nouvel onglet)\"><em>Dr. S\u00e9bastien Lavergne<\/em>,<\/a> <em>Laboratoire d&rsquo;Ecologie Alpine, CNRS \u2013 Universit\u00e9 Grenoble Alpes<\/em><\/p>\n\n\n\n<p>La haute montagne n\u2019est pas un d\u00e9sert biologique, mais abrite des \u00e9cosyst\u00e8mes discrets et encore largement m\u00e9connus (associant plantes, arthropodes, arachnides, micro-organismes). Nous verrons comment l\u2019\u00e9tude de ces \u00e9cosyst\u00e8mes&nbsp;de haute montagne, principalement les&nbsp;plantes, permet des d\u00e9couvertes naturalistes inattendues, et apporte un regard nouveau sur certaines grandes questions de la biologie.<\/p>\n\n\n\n<p><\/p>\n\n\n\n<h3 class=\"wp-block-heading\"><s>mardi, 14 avril en fran\u00e7ais<\/s> REPORT\u00c9 au printemps 2021<\/h3>\n\n\n\n<p><em>\u00ab Co-habiter avec les grands carnivores : l&rsquo;importance de s&rsquo;int\u00e9resser aux relations humaines \u00bb Avec <a rel=\"noreferrer noopener\" aria-label=\" (s\u2019ouvre dans un nouvel onglet)\" href=\"https:\/\/www.researchgate.net\/profile\/Lou_Lecuyer\" target=\"_blank\">Lou Lecuyer,<\/a> Institut national de recherche pour l\u2019agriculture, l\u2019alimentation et l\u2019environnement<\/em><\/p>\n\n\n\n<p>La protection des grands carnivores, qui s&rsquo;attaquent parfois au b\u00e9tail, peut amener des conflits entre humains sur comment g\u00e9rer l\u2019esp\u00e8ce. La gestion de ces conflits est primordiale pour leur conservation. Cette conf\u00e9rence, en faisant le lien entre le cas du jaguar au Mexique et celui de la protection des grands carnivores en France, vous invite \u00e0 passer au-del\u00e0 des questions techniques et biologiques, pour parler de relations humaines et d&rsquo;aspects tels que la justice, la confiance ou encore la tol\u00e9rance.<\/p>\n\n\n\n<h2 class=\"wp-block-heading\">Infos pratiques<\/h2>\n\n\n\n<h3 class=\"wp-block-heading\"><strong><em>Science Sandwich<\/em>&nbsp;Chamonix<\/strong><\/h3>\n\n\n\n<p><strong>Suivez nous sur les r\u00e9seaux pour conna\u00eetre les derniers dispositifs COVID-19 <\/strong><\/p>\n\n\n\n<p>\u00e0 l\u2019Observatoire du Mont-Blanc<br>67 lacets du belv\u00e9d\u00e8re<br>74 400 Chamonix-Mont-Blanc<br>de 12h30 \u00e0 13h30<\/p>\n\n\n\n<p>Pique-nique tir\u00e9 du sac<br>ENTR\u00c9E LIBRE \u2013 dans la limite des places disponibles<br>\u00c9changes en fran\u00e7ais ou en anglais selon les intervenants et th\u00e9matiques<\/p>\n\n\n\n<h3 class=\"wp-block-heading\">\u00c9ditions pr\u00e9c\u00e9dentes (2020) <\/h3>\n\n\n\n<p>Science Sandwich #4 : <em>\u00ab <\/em>Les grands sites touristiques glaciaires au c\u0153ur du changement climatique&nbsp;: des impacts aux adaptations<em> \u00bb  Avec<a href=\"https:\/\/fr.linkedin.com\/in\/emmanuel-salim-18790587\" target=\"_blank\" rel=\"noreferrer noopener\"> Emmanuel Salim,<\/a><a aria-label=\" (s\u2019ouvre dans un nouvel onglet)\" rel=\"noreferrer noopener\" href=\"https:\/\/www.linkedin.com\/in\/emmanuel-salim-18790587\/?originalSubdomain=fr\" target=\"_blank\"> <\/a><\/em>Doctorant au laboratoire EDYTEM.<\/p>\n\n\n\n<p>Science Sandwich #3 : <em><em>\u00ab <\/em>Le temps du vivant, quand la nature nous inspire<em>\u00bb Avec&nbsp;<a rel=\"noreferrer noopener\" href=\"https:\/\/www.linkedin.com\/in\/alvarezirene\/\" target=\"_blank\">Irene Alvarez<\/a>, Directrice des Programmes au CREA Mont-Blanc<\/em><\/em>.  Cet \u00e9v\u00e8nement a eu lieu dans le cadre du <a href=\"https:\/\/www.tempsdespossibles.com\/\">Temps des Possibles<\/a>.<\/p>\n\n\n\n<p>Science Sandwich #2 : <em>\u00ab\u00a0La pollution de l&rsquo;air au pied du Mont-Blanc : d\u00e9m\u00ealons le vrai du faux<\/em>\u00a0\u00bb avec <a rel=\"noreferrer noopener\" href=\"https:\/\/www.linkedin.com\/in\/anne-lassman-trappier-05778b4a\/?locale=fr_FR\" target=\"_blank\">Anne Lassman-Trappier<\/a>, Pr\u00e9sidente <a href=\"https:\/\/inspire74.com\/\">d&rsquo;Inspire<\/a> et et R\u00e9f\u00e9rente qualit\u00e9 de l&rsquo;air pour la f\u00e9d\u00e9ration nationale <a href=\"https:\/\/www.fne.asso.fr\/\">France Nature Environnement<\/a>&nbsp;<\/p>\n\n\n\n<p>Science Sandwich #1 <em>\u00ab L&rsquo;alpinisme \u00e0 l&rsquo;\u00e9preuve du climat dans le massif du Mont-Blanc : Evolution des itin\u00e9raires de haute montagne, impacts pour les pratiquants et outils d&rsquo;aide \u00e0 la d\u00e9cision \u00bb Avec&nbsp;<a rel=\"noreferrer noopener\" aria-label=\" (s\u2019ouvre dans un nouvel onglet)\" href=\"http:\/\/edytem.univ-savoie.fr\/annuaire\/membres316\/mourey-jacques\" target=\"_blank\">Jacques Mourey<\/a>, chercheur postdoctorant au laboratoire EDYTEM<\/em><\/p>\n\n\n\n<p><strong>Rappel des \u00e9ditions 2019 : <br><\/strong><br>\u00ab&nbsp;<a href=\"https:\/\/blog.creamontblanc.org\/?p=1629\" target=\"_blank\" rel=\"noreferrer noopener\" aria-label=\" (s\u2019ouvre dans un nouvel onglet)\">Adaptation ou migrations sont-elles vraiment les seules alternatives possibles pour les plantes alpines afin de persister sur nos sommets dans un contexte de r\u00e9chauffement climatique?<\/a>&nbsp;\u00bb&nbsp;avec <a href=\"http:\/\/creamontblanc.org\/fr\/christophe-randin\" target=\"_blank\" rel=\"noreferrer noopener\" aria-label=\" (s\u2019ouvre dans un nouvel onglet)\">Christophe Randin<\/a><br><br>\u00ab <a href=\"https:\/\/blog.creamontblanc.org\/?p=1689\" target=\"_blank\" rel=\"noreferrer noopener\" aria-label=\" (s\u2019ouvre dans un nouvel onglet)\"><em>Sports de nature et cohabitation avec les grands ongul\u00e9s de montagne \u2013 la dimension humaine du d\u00e9rangement de la faune sauvage<\/em><\/a> \u00bb avec <a href=\"http:\/\/edytem.univ-savoie.fr\/annuaire\/membres316\/gruas-lena\">L\u00e9na <\/a><a href=\"http:\/\/edytem.univ-savoie.fr\/annuaire\/membres316\/gruas-lena\" target=\"_blank\" rel=\"noreferrer noopener\" aria-label=\"Gruas\n (s\u2019ouvre dans un nouvel onglet)\">Gruas<br><\/a><br>\u00ab&nbsp;L<a href=\"https:\/\/blog.creamontblanc.org\/?p=1741\" target=\"_blank\" rel=\"noreferrer noopener\" aria-label=\" (s\u2019ouvre dans un nouvel onglet)\"><em>a pr\u00e9vision m\u00e9t\u00e9orologique et ses difficult\u00e9s en r\u00e9gion de montagne&nbsp;<\/em><\/a>\u00bb avec Gilles Brunot<br><br>\u00ab&nbsp;<em><a href=\"https:\/\/blog.creamontblanc.org\/?p=1767\" target=\"_blank\" rel=\"noreferrer noopener\" aria-label=\" (s\u2019ouvre dans un nouvel onglet)\">Lacs Sentinelles: les scientifiques se penchent sur les lacs d\u2019altitude alpin&nbsp;<\/a><\/em>\u00bb avec <a href=\"https:\/\/www.linkedin.com\/in\/jean-baptiste-bosson-64519b7a\/?originalSubdomain=ch\" target=\"_blank\" rel=\"noreferrer noopener\" aria-label=\" (s\u2019ouvre dans un nouvel onglet)\">Jean-Baptiste Bosson<\/a><br><br>\u00ab&nbsp;G\u00e9rer et adapter le march\u00e9 de l\u2019eau pour sauvegarder les ressources&nbsp;\u00bb \u2013 avec&nbsp;<a href=\"https:\/\/lawweb.colorado.edu\/profiles\/profile.jsp?id=189\" target=\"_blank\" rel=\"noreferrer noopener\" aria-label=\" (s\u2019ouvre dans un nouvel onglet)\">Mark&nbsp;Squillace<\/a><br><br>\u00ab <em><a href=\"https:\/\/blog.creamontblanc.org\/?p=2161\" target=\"_blank\" rel=\"noreferrer noopener\" aria-label=\" (s\u2019ouvre dans un nouvel onglet)\">Affronter l\u2019avenir: espoirs, d\u00e9sarroi, actions \u00e0 mettre en \u0153uvre dans un monde en r\u00e9chauffement<\/a><\/em> \u00bb&nbsp;&#8211; avec <a rel=\"noreferrer noopener\" href=\"https:\/\/profiles.stanford.edu\/lauren-oakes\" target=\"_blank\">Lauren E. Oakes&nbsp;<\/a><br><br><em><em>\u00abPeut-on esp\u00e9rer un retour des glaciers dans un avenir proche ou des activit\u00e9s nautiques \u00e0 la place ?\u00bb&nbsp;<\/em><\/em>&#8211; avec&nbsp;<a rel=\"noreferrer noopener\" href=\"http:\/\/www.moreauluc.com\/\" target=\"_blank\">Luc Moreau<\/a><br><br><em>\u00ab <a href=\"https:\/\/blog.creamontblanc.org\/?p=2408\" target=\"_blank\" rel=\"noreferrer noopener\" aria-label=\" (s\u2019ouvre dans un nouvel onglet)\">A la d\u00e9couverte du Monde sous nos pieds <\/a>\u00bb <\/em>&#8211; avec <a href=\"https:\/\/www.linkedin.com\/in\/idaline-laigle-a410b4161\/\" target=\"_blank\" rel=\"noreferrer noopener\" aria-label=\" (s\u2019ouvre dans un nouvel onglet)\">Idaline Laigle<\/a><br><br>\u00ab <em>Les \u00e9tudes ph\u00e9nologiques au CREA : r\u00e9sultats croustillants et perspectives<\/em> \u00bb avec<em> <\/em><a href=\"https:\/\/www.linkedin.com\/in\/marjoriebison\/\" target=\"_blank\" rel=\"noreferrer noopener\" aria-label=\" (s\u2019ouvre dans un nouvel onglet)\">Marjorie Bison<\/a><br><br><em>\u00ab <a href=\"https:\/\/blog.creamontblanc.org\/?p=2516\" target=\"_blank\" rel=\"noreferrer noopener\" aria-label=\" (s\u2019ouvre dans un nouvel onglet)\">Adapt Mont-Blanc : changements climatiques en cours et implications pour l\u2019Espace Mont-Blanc dans les ann\u00e9es \u00e0 venir<\/a> \u00bb<\/em> &#8211; avec <a href=\"https:\/\/www.linkedin.com\/in\/brad-carlson-05739a85\/\" target=\"_blank\" rel=\"noreferrer noopener\" aria-label=\" (s\u2019ouvre dans un nouvel onglet)\">Brad Carlson<\/a><\/p>\n","protected":false},"excerpt":{"rendered":"<p>Le CREA Mont-Blanc ouvre ses s\u00e9minaires scientifiques au public et lance les&nbsp;Science Sandwich&nbsp;\u00e0 l\u2019Observatoire du Mont-Blanc. Une fois par mois le mardi de 12h30 \u00e0 13h30, apportez votre sandwich \u00e0 l\u2019Observatoire du Mont-Blanc et venez \u00e0 la rencontre des chercheurs &hellip; <a href=\"https:\/\/blog.creamontblanc.org?p=2527\">Lire la suite\u00ad\u00ad<\/a><\/p>\n","protected":false},"author":7,"featured_media":2529,"comment_status":"open","ping_status":"open","sticky":false,"template":"","format":"standard","meta":{"_monsterinsights_skip_tracking":false,"_monsterinsights_sitenote_active":false,"_monsterinsights_sitenote_note":"","_monsterinsights_sitenote_category":0,"ngg_post_thumbnail":0,"footnotes":""},"categories":[5],"tags":[124,123],"class_list":["post-2527","post","type-post","status-publish","format-standard","has-post-thumbnail","hentry","category-vie-association","tag-conference","tag-science-sandwich"],"aioseo_notices":[],"amp_enabled":true,"_links":{"self":[{"href":"https:\/\/blog.creamontblanc.org\/index.php?rest_route=\/wp\/v2\/posts\/2527","targetHints":{"allow":["GET"]}}],"collection":[{"href":"https:\/\/blog.creamontblanc.org\/index.php?rest_route=\/wp\/v2\/posts"}],"about":[{"href":"https:\/\/blog.creamontblanc.org\/index.php?rest_route=\/wp\/v2\/types\/post"}],"author":[{"embeddable":true,"href":"https:\/\/blog.creamontblanc.org\/index.php?rest_route=\/wp\/v2\/users\/7"}],"replies":[{"embeddable":true,"href":"https:\/\/blog.creamontblanc.org\/index.php?rest_route=%2Fwp%2Fv2%2Fcomments&post=2527"}],"version-history":[{"count":25,"href":"https:\/\/blog.creamontblanc.org\/index.php?rest_route=\/wp\/v2\/posts\/2527\/revisions"}],"predecessor-version":[{"id":3902,"href":"https:\/\/blog.creamontblanc.org\/index.php?rest_route=\/wp\/v2\/posts\/2527\/revisions\/3902"}],"wp:featuredmedia":[{"embeddable":true,"href":"https:\/\/blog.creamontblanc.org\/index.php?rest_route=\/wp\/v2\/media\/2529"}],"wp:attachment":[{"href":"https:\/\/blog.creamontblanc.org\/index.php?rest_route=%2Fwp%2Fv2%2Fmedia&parent=2527"}],"wp:term":[{"taxonomy":"category","embeddable":true,"href":"https:\/\/blog.creamontblanc.org\/index.php?rest_route=%2Fwp%2Fv2%2Fcategories&post=2527"},{"taxonomy":"post_tag","embeddable":true,"href":"https:\/\/blog.creamontblanc.org\/index.php?rest_route=%2Fwp%2Fv2%2Ftags&post=2527"}],"curies":[{"name":"wp","href":"https:\/\/api.w.org\/{rel}","templated":true}]}}