{"id":244,"date":"2016-06-30T13:14:33","date_gmt":"2016-06-30T12:14:33","guid":{"rendered":"http:\/\/blog.creamontblanc.org\/?p=244"},"modified":"2022-11-08T17:22:34","modified_gmt":"2022-11-08T16:22:34","slug":"journal-decovolontaire-5-theo-10-ans","status":"publish","type":"post","link":"https:\/\/blog.creamontblanc.org?p=244","title":{"rendered":"[T\u00e9moignage de volontaire] #5 Th\u00e9o, 10 ans"},"content":{"rendered":"<p><strong>Th\u00e9o, 10 ans, a particip\u00e9 au premier week-end science en famille des 18 et 19 juin. \u00c9covolontaire attentif et appliqu\u00e9, il nous a fait parvenir un mot, inscrit avec soin dans son carnet de terrain.<\/strong><\/p>\n<figure id=\"attachment_246\" class=\"thumbnail wp-caption aligncenter\" style=\"width: 1000px\"><a href=\"http:\/\/blog.creamontblanc.org\/journal-decovolontaire-5-theo-10-ans\/weekend_sciences_creamontblanc_theo\/\" rel=\"attachment wp-att-246\"><img loading=\"lazy\" decoding=\"async\" class=\"size-full wp-image-246\" src=\"http:\/\/blog.creamontblanc.org\/wp-content\/uploads\/2016\/06\/weekend_sciences_CREAMontBlanc_Theo.jpg\" alt=\"Th\u00e9o, 10 ans, \u00e9covolontaire du premier Week-end sciences en famille \u00a9 CREA Mont-Blanc\" width=\"1000\" height=\"500\" srcset=\"https:\/\/blog.creamontblanc.org\/wp-content\/uploads\/2016\/06\/weekend_sciences_CREAMontBlanc_Theo.jpg 1000w, https:\/\/blog.creamontblanc.org\/wp-content\/uploads\/2016\/06\/weekend_sciences_CREAMontBlanc_Theo-300x150.jpg 300w, https:\/\/blog.creamontblanc.org\/wp-content\/uploads\/2016\/06\/weekend_sciences_CREAMontBlanc_Theo-768x384.jpg 768w\" sizes=\"auto, (max-width: 1000px) 100vw, 1000px\" \/><\/a><figcaption class=\"caption wp-caption-text\"><em>Th\u00e9o, 10 ans, \u00e9covolontaire du premier Week-end sciences en famille \u00a9 CREA Mont-Blanc<\/em><\/figcaption><\/figure>\n<p>&nbsp;<\/p>\n<p>\u00ab\u00a0Avant je ne connaissais pas le rouge-queue noir ni la m\u00e9sange noire. Ce week-end m&rsquo;a paru court tellement c&rsquo;\u00e9tait bien. Les accompagnatrices \u00e9taient tr\u00e8s gentilles, elles nous ont appris beaucoup de choses.\u00a0\u00bb<\/p>\n<p>&nbsp;<\/p>\n<p>&nbsp;<\/p>\n<figure id=\"attachment_247\" class=\"thumbnail wp-caption aligncenter\" style=\"width: 1000px\"><a href=\"http:\/\/blog.creamontblanc.org\/journal-decovolontaire-5-theo-10-ans\/weekend_science_juin2016_creamontblancciboucetta\/\" rel=\"attachment wp-att-247\"><img loading=\"lazy\" decoding=\"async\" class=\"size-full wp-image-247\" src=\"http:\/\/blog.creamontblanc.org\/wp-content\/uploads\/2016\/06\/Weekend_science_juin2016_CREAMontBlanccIBoucetta.jpg\" alt=\"Installation d'un pi\u00e8ge photo pour le suivi de la faune, avec Sandrine Goulmy, Th\u00e9o et Irene Alvarez \u00a9 IBoucetta\" width=\"1000\" height=\"500\" srcset=\"https:\/\/blog.creamontblanc.org\/wp-content\/uploads\/2016\/06\/Weekend_science_juin2016_CREAMontBlanccIBoucetta.jpg 1000w, https:\/\/blog.creamontblanc.org\/wp-content\/uploads\/2016\/06\/Weekend_science_juin2016_CREAMontBlanccIBoucetta-300x150.jpg 300w, https:\/\/blog.creamontblanc.org\/wp-content\/uploads\/2016\/06\/Weekend_science_juin2016_CREAMontBlanccIBoucetta-768x384.jpg 768w\" sizes=\"auto, (max-width: 1000px) 100vw, 1000px\" \/><\/a><figcaption class=\"caption wp-caption-text\"><em>Installation d&rsquo;un pi\u00e8ge photo pour le suivi de la faune, avec Sandrine Goulmy, Th\u00e9o et Irene Alvarez \u00a9 IBoucetta<\/em><\/figcaption><\/figure>\n<p>&nbsp;<\/p>\n<p>&nbsp;<\/p>\n<p>R\u00e9daction : Th\u00e9o, 10 ans<\/p>\n","protected":false},"excerpt":{"rendered":"<p>Th\u00e9o, 10 ans, a particip\u00e9 au premier week-end science en famille des 18 et 19 juin. \u00c9covolontaire attentif et appliqu\u00e9, il nous a fait parvenir un mot, inscrit avec soin dans son carnet de terrain. &nbsp; \u00ab\u00a0Avant je ne connaissais &hellip; <a href=\"https:\/\/blog.creamontblanc.org?p=244\">Lire la suite\u00ad\u00ad<\/a><\/p>\n","protected":false},"author":5,"featured_media":246,"comment_status":"open","ping_status":"open","sticky":false,"template":"","format":"standard","meta":{"_monsterinsights_skip_tracking":false,"_monsterinsights_sitenote_active":false,"_monsterinsights_sitenote_note":"","_monsterinsights_sitenote_category":0,"ngg_post_thumbnail":0,"footnotes":""},"categories":[5],"tags":[28,192],"class_list":["post-244","post","type-post","status-publish","format-standard","has-post-thumbnail","hentry","category-vie-association","tag-ecovolontariat","tag-retour-dexperience"],"aioseo_notices":[],"amp_enabled":true,"_links":{"self":[{"href":"https:\/\/blog.creamontblanc.org\/index.php?rest_route=\/wp\/v2\/posts\/244","targetHints":{"allow":["GET"]}}],"collection":[{"href":"https:\/\/blog.creamontblanc.org\/index.php?rest_route=\/wp\/v2\/posts"}],"about":[{"href":"https:\/\/blog.creamontblanc.org\/index.php?rest_route=\/wp\/v2\/types\/post"}],"author":[{"embeddable":true,"href":"https:\/\/blog.creamontblanc.org\/index.php?rest_route=\/wp\/v2\/users\/5"}],"replies":[{"embeddable":true,"href":"https:\/\/blog.creamontblanc.org\/index.php?rest_route=%2Fwp%2Fv2%2Fcomments&post=244"}],"version-history":[{"count":5,"href":"https:\/\/blog.creamontblanc.org\/index.php?rest_route=\/wp\/v2\/posts\/244\/revisions"}],"predecessor-version":[{"id":796,"href":"https:\/\/blog.creamontblanc.org\/index.php?rest_route=\/wp\/v2\/posts\/244\/revisions\/796"}],"wp:featuredmedia":[{"embeddable":true,"href":"https:\/\/blog.creamontblanc.org\/index.php?rest_route=\/wp\/v2\/media\/246"}],"wp:attachment":[{"href":"https:\/\/blog.creamontblanc.org\/index.php?rest_route=%2Fwp%2Fv2%2Fmedia&parent=244"}],"wp:term":[{"taxonomy":"category","embeddable":true,"href":"https:\/\/blog.creamontblanc.org\/index.php?rest_route=%2Fwp%2Fv2%2Fcategories&post=244"},{"taxonomy":"post_tag","embeddable":true,"href":"https:\/\/blog.creamontblanc.org\/index.php?rest_route=%2Fwp%2Fv2%2Ftags&post=244"}],"curies":[{"name":"wp","href":"https:\/\/api.w.org\/{rel}","templated":true}]}}