{"id":2391,"date":"2019-10-15T14:10:05","date_gmt":"2019-10-15T13:10:05","guid":{"rendered":"http:\/\/blog.creamontblanc.org?p=2391"},"modified":"2022-11-08T15:58:47","modified_gmt":"2022-11-08T14:58:47","slug":"le-mont-blanc-lab-carnet-de-bord-dun-samedi-soir","status":"publish","type":"post","link":"https:\/\/blog.creamontblanc.org?p=2391","title":{"rendered":"Le Mont-Blanc Lab. Carnet de bord d&rsquo;un Samedi soir."},"content":{"rendered":"\n<p><strong>Le Mont-Blanc Lab est une exp\u00e9rience cr\u00e9ative pluridisciplinaire et intense que le CREA Mont-Blanc a organis\u00e9 avec la Communaut\u00e9 de Communes de la Vall\u00e9e de Chamonix du 27 au 29 septembre 2019. T\u00e9moignage en temps r\u00e9el, \u00e9merveill\u00e9 et fatigu\u00e9, de Marie qui observe l\u2019aboutissement de plusieurs mois de travail pour organiser ce Lab. <\/strong><\/p>\n\n\n\n<h3 class=\"wp-block-heading\">Samedi 28, 12:30 :<strong> Des espaces de travail investis <\/strong><\/h3>\n\n\n\n<p>La maison nordique de\nChamonix est en \u00e9bullition. Les participants circulent, dans cette fourmili\u00e8re\nterriblement organis\u00e9e et improvis\u00e9e. Les forces tranquilles travaillent jusque\ntard dans la nuit&nbsp;: les participants alignent les planches, agitent leurs\nstylos, trainent autour de la table de ravitaillement. Mathieu est dans le\nhamac, il pr\u00e9pare le r\u00e9cit d\u00b4un arbre gardien de la communaut\u00e9 des vivants. Il\ncode sans rel\u00e2che, pendant que Vladimir parcourt le r\u00e9cit de l\u00b4ascension de\nVallot. Chaque participant a ses outils, mais personne n\u00b4est dans sa bulle. La\nmise en commun est au c\u0153ur de la construction des prototypes. <\/p>\n\n\n\n<p>Ils vont \u00eatre beaux ces protos. <strong>Tant de labeur, d\u2019intensit\u00e9, de volont\u00e9 de cr\u00e9er ne peuvent que d\u00e9boucher sur des prototypes hauts en couleurs<\/strong>. Le d\u00e9roul\u00e9 est clair&nbsp;: toutes les constructions doivent \u00eatre pr\u00eates pour la restitution publique du lendemain, Dimanche 27 Septembre, \u00e0 16h p\u00e9tantes dans le jardin de l\u2019Observatoire. <\/p>\n\n\n\n<figure class=\"wp-block-image\"><img loading=\"lazy\" decoding=\"async\" width=\"885\" height=\"497\" src=\"https:\/\/blog.creamontblanc.org\/wp-content\/uploads\/2019\/10\/mblab1.png\" alt=\"\" class=\"wp-image-2392\" srcset=\"https:\/\/blog.creamontblanc.org\/wp-content\/uploads\/2019\/10\/mblab1.png 885w, https:\/\/blog.creamontblanc.org\/wp-content\/uploads\/2019\/10\/mblab1-300x168.png 300w, https:\/\/blog.creamontblanc.org\/wp-content\/uploads\/2019\/10\/mblab1-768x431.png 768w\" sizes=\"auto, (max-width: 885px) 100vw, 885px\" \/><\/figure>\n\n\n\n<p>Du c\u00f4t\u00e9 de <strong>l\u2019atelier de construction<\/strong> (<em>Fab Lab<\/em> pour les intimes), les participants d\u00e9coupent, recalibrent, mesurent, transforment et adaptent le mat\u00e9riel en provenance de la ressourcerie. Hugo plante les derniers clous sur le plancher du futur cocon, pendant qu\u00b4Olivia se concentre sur ses d\u00e9coupes. L\u2019\u00e9nergie y est plus brute et d\u00e9pur\u00e9e qu\u2019\u00e0 l\u2019int\u00e9rieur de la maison nordique, elle se synchronise parfaitement avec le froid de la nuit. <\/p>\n\n\n\n<figure class=\"wp-block-image\"><img loading=\"lazy\" decoding=\"async\" width=\"872\" height=\"491\" src=\"https:\/\/blog.creamontblanc.org\/wp-content\/uploads\/2019\/10\/mblab2.png\" alt=\"\" class=\"wp-image-2394\" srcset=\"https:\/\/blog.creamontblanc.org\/wp-content\/uploads\/2019\/10\/mblab2.png 872w, https:\/\/blog.creamontblanc.org\/wp-content\/uploads\/2019\/10\/mblab2-300x169.png 300w, https:\/\/blog.creamontblanc.org\/wp-content\/uploads\/2019\/10\/mblab2-768x432.png 768w\" sizes=\"auto, (max-width: 872px) 100vw, 872px\" \/><\/figure>\n\n\n\n<p>Quelques escaliers\nau-dessus, dans la succursale du r\u00e8gne de la caf\u00e9ine, les d\u00e9bats abondent.\nAccords, dissonances, \u00e9couteurs ou orateurs. Les regards cherchent \u00e0\nconvaincre, \u00e0 se comprendre, \u00e0 cr\u00e9er. Le cheminement vers l\u2019objectif est\ngratifiant et \u00e9puisant. Le Lab se d\u00e9roule sans aucun romantisme&nbsp;:&nbsp; \u00e0 H-17 de la restitution, l\u2019efficacit\u00e9 et la\npression du d\u00e9roul\u00e9 se lit sur les traits. <\/p>\n\n\n\n<h3 class=\"wp-block-heading\">Samedi 28, 01:30 : <strong>Travailler en \u00e9quipes<\/strong><\/h3>\n\n\n\n<p><strong>Chaque \u00e9quipe est compos\u00e9e de six profils\ncompl\u00e9mentaires, et les comp\u00e9tences se croisent<\/strong>&nbsp;: certains sont capables de construire des capteurs, d\u00b4autres des\ntextes avec une touche artistico dramatique, des bandes sonores de glaciers qui\ns\u2019effondrent et de m\u00e9sanges qui gazouillent. La pluridisciplinarit\u00e9 constitue\nl\u2019essence d\u2019un Lab&nbsp;: les savoir-faire particuliers s\u2019articulent entre eux,\ng\u00e9n\u00e9rant une synergie cr\u00e9ative. <\/p>\n\n\n\n<p>Entre productivit\u00e9 et rapidit\u00e9 dans la prise de d\u00e9cision, le format du Lab permet de d\u00e9coincer et d\u00e9cloisonner. Un peu comme les aspirateurs souffleurs, qui font virevolter les feuilles. La force de l\u2019\u00e9ph\u00e9m\u00e8re, de ces trois jours, c\u2019est de se recentrer sur l\u2019essentiel d\u00b4une id\u00e9e. Pour qu&rsquo;elle soit op\u00e9rationnelle et ne reste pas lettre morte. Les voil\u00e0, les participants, tentant de se focaliser sur l\u2019essentiel de leurs prototypes&nbsp;; d\u2019y d\u00e9gager une identit\u00e9. Une <strong>identit\u00e9 commune \u00e0 la volont\u00e9 cr\u00e9ative de six personnes.<\/strong> <\/p>\n\n\n\n<figure class=\"wp-block-image\"><img loading=\"lazy\" decoding=\"async\" width=\"885\" height=\"589\" src=\"https:\/\/blog.creamontblanc.org\/wp-content\/uploads\/2019\/10\/mblab3.png\" alt=\"\" class=\"wp-image-2396\" srcset=\"https:\/\/blog.creamontblanc.org\/wp-content\/uploads\/2019\/10\/mblab3.png 885w, https:\/\/blog.creamontblanc.org\/wp-content\/uploads\/2019\/10\/mblab3-300x200.png 300w, https:\/\/blog.creamontblanc.org\/wp-content\/uploads\/2019\/10\/mblab3-768x511.png 768w\" sizes=\"auto, (max-width: 885px) 100vw, 885px\" \/><figcaption>Pr\u00e9sentation des id\u00e9es des participants sur les six d\u00e9fis, avant la formation des \u00e9quipes<\/figcaption><\/figure>\n\n\n\n<p>Des inconnus il y a encore\n24h, d\u00e9sormais compagnons de ces trois jours. Ils triment. Et dans la bonne\nhumeur, en plus. Le travail en \u00e9quipe est une ascension \u00e9prouvante, et\nl\u00b4\u00e9nergie collective n\u00b4est pas une mince affaire. Avec l\u00b4aide des\nfacilitateurs- qui guident, canalisent et rythment-, les participants font\nconverger leurs intelligences. &nbsp;<\/p>\n\n\n\n<h3 class=\"wp-block-heading\">Dimanche 29, 14:00 : <strong>Un d\u00e9roul\u00e9 incisif<\/strong> <\/h3>\n\n\n\n<p>Le d\u00e9roul\u00e9 est programm\u00e9\nheures par heures. Le processus cr\u00e9atif se concr\u00e9tise gr\u00e2ce \u00e0 ce rythme\ndisciplin\u00e9. \u00ab<em>&nbsp;Il faut lui faire confiance&nbsp;\u00bb&nbsp;: <\/em>Grand Manitou\nde ces trois jours, l\u2019\u00e9quipe organisatrice le suit \u00e0 la lettre, et les\nparticipants s\u2019adaptent \u00e0 ce rythme effr\u00e9n\u00e9. Des annonces d\u00e9vastatrices\n(\u00ab&nbsp;<em>il nous faut le sc\u00e9nario d\u2019implantation dans une heure<\/em>&nbsp;\u00bb)\naux agr\u00e9ables interludes des moments de pause. <\/p>\n\n\n\n<p>\u00c0 15h ce Dimanche, c\u2019est l\u00b4heure\ndes <strong>Crash Tests<\/strong>. Cette \u00e9tape qui pr\u00e9c\u00e8de la restitution publique permet\naux \u00e9quipes de r\u00e9ajuster leurs prototypes. Les applis font des leurs, certains\nmurs de structures s\u00b4envolent, des vis manquent. La lumi\u00e8re commence \u00e0 changer,\nelle parait de plus en plus f\u00e9erique, transforme la forme des feuilles. Elle\naussi presse les participants&nbsp;: \u00ab&nbsp;place<strong> au spectacle<\/strong>&nbsp;\u00bb,\nsemble-t-elle dire. <\/p>\n\n\n\n<p>Quid de la p\u00e9rennit\u00e9 des\nprototypes&nbsp;? \u00c0 peine pr\u00e9sent\u00e9s les voil\u00e0 d\u00e9mont\u00e9s, laissant les \u00e2mes pr\u00e9sentes se languir\nd\u2019un moment r\u00e9volu. La finalit\u00e9 d\u2019un Lab est de d\u00e9velopper des id\u00e9es\nimprobables. Comment faire vivre l\u2019improbable&nbsp;? l\u2019innovant&nbsp;? Des\nr\u00eaves de prototypes se sont bien d\u00e9velopp\u00e9s, \u00e0 notre tour de les concr\u00e9tiser. <\/p>\n\n\n\n<p>Retrouvez les six r\u00e9alisations du Mont-Blanc Lab dans le <a href=\"https:\/\/creamontblanc.org\/sites\/default\/files\/atoms\/files\/mblab_livret_prototypes.pdf\">Livret Prototypes.<\/a><\/p>\n","protected":false},"excerpt":{"rendered":"<p>Le Mont-Blanc Lab est une exp\u00e9rience cr\u00e9ative pluridisciplinaire et intense que le CREA Mont-Blanc a organis\u00e9 avec la Communaut\u00e9 de Communes de la Vall\u00e9e de Chamonix du 27 au 29 septembre 2019. T\u00e9moignage en temps r\u00e9el, \u00e9merveill\u00e9 et fatigu\u00e9, de &hellip; <a href=\"https:\/\/blog.creamontblanc.org?p=2391\">Lire la suite\u00ad\u00ad<\/a><\/p>\n","protected":false},"author":16,"featured_media":2392,"comment_status":"open","ping_status":"open","sticky":false,"template":"","format":"standard","meta":{"_monsterinsights_skip_tracking":false,"_monsterinsights_sitenote_active":false,"_monsterinsights_sitenote_note":"","_monsterinsights_sitenote_category":0,"ngg_post_thumbnail":0,"footnotes":""},"categories":[5],"tags":[44,214,12],"class_list":["post-2391","post","type-post","status-publish","format-standard","has-post-thumbnail","hentry","category-vie-association","tag-benevolat","tag-mont-blanc-lab","tag-rencontre"],"aioseo_notices":[],"amp_enabled":true,"_links":{"self":[{"href":"https:\/\/blog.creamontblanc.org\/index.php?rest_route=\/wp\/v2\/posts\/2391","targetHints":{"allow":["GET"]}}],"collection":[{"href":"https:\/\/blog.creamontblanc.org\/index.php?rest_route=\/wp\/v2\/posts"}],"about":[{"href":"https:\/\/blog.creamontblanc.org\/index.php?rest_route=\/wp\/v2\/types\/post"}],"author":[{"embeddable":true,"href":"https:\/\/blog.creamontblanc.org\/index.php?rest_route=\/wp\/v2\/users\/16"}],"replies":[{"embeddable":true,"href":"https:\/\/blog.creamontblanc.org\/index.php?rest_route=%2Fwp%2Fv2%2Fcomments&post=2391"}],"version-history":[{"count":4,"href":"https:\/\/blog.creamontblanc.org\/index.php?rest_route=\/wp\/v2\/posts\/2391\/revisions"}],"predecessor-version":[{"id":2401,"href":"https:\/\/blog.creamontblanc.org\/index.php?rest_route=\/wp\/v2\/posts\/2391\/revisions\/2401"}],"wp:featuredmedia":[{"embeddable":true,"href":"https:\/\/blog.creamontblanc.org\/index.php?rest_route=\/wp\/v2\/media\/2392"}],"wp:attachment":[{"href":"https:\/\/blog.creamontblanc.org\/index.php?rest_route=%2Fwp%2Fv2%2Fmedia&parent=2391"}],"wp:term":[{"taxonomy":"category","embeddable":true,"href":"https:\/\/blog.creamontblanc.org\/index.php?rest_route=%2Fwp%2Fv2%2Fcategories&post=2391"},{"taxonomy":"post_tag","embeddable":true,"href":"https:\/\/blog.creamontblanc.org\/index.php?rest_route=%2Fwp%2Fv2%2Ftags&post=2391"}],"curies":[{"name":"wp","href":"https:\/\/api.w.org\/{rel}","templated":true}]}}