{"id":235,"date":"2016-06-30T10:36:21","date_gmt":"2016-06-30T09:36:21","guid":{"rendered":"http:\/\/blog.creamontblanc.org\/?p=235"},"modified":"2022-11-08T17:23:19","modified_gmt":"2022-11-08T16:23:19","slug":"journal-decovolontaire-4-francois","status":"publish","type":"post","link":"https:\/\/blog.creamontblanc.org?p=235","title":{"rendered":"[T\u00e9moignage de volontaire] #4 Fran\u00e7ois"},"content":{"rendered":"<p><strong>Fran\u00e7ois est \u00ab\u00a0d&rsquo;ici\u00a0\u00bb. Le massif du Mont-Blanc, c&rsquo;est chez lui depuis des g\u00e9n\u00e9rations. Avec les S\u00e9jours Sciences, il a voulu porter un regard diff\u00e9rent sur sa montagne et d\u00e9couvrir les recherches qui y sont men\u00e9es.<\/strong><\/p>\n<figure id=\"attachment_236\" class=\"thumbnail wp-caption aligncenter\" style=\"width: 1000px\"><a href=\"http:\/\/blog.creamontblanc.org\/journal-decovolontaire-4-francois\/sejours_sciences_creacfcoutagne\/\" rel=\"attachment wp-att-236\"><img loading=\"lazy\" decoding=\"async\" class=\"size-full wp-image-236\" src=\"http:\/\/blog.creamontblanc.org\/wp-content\/uploads\/2016\/06\/Sejours_Sciences_CREAcFCoutagne.jpg\" alt=\"Site de suivi des dates de pontes de grenouille rousse \u00e0 Loriaz \u00a9 FCoutagne\" width=\"1000\" height=\"500\" srcset=\"https:\/\/blog.creamontblanc.org\/wp-content\/uploads\/2016\/06\/Sejours_Sciences_CREAcFCoutagne.jpg 1000w, https:\/\/blog.creamontblanc.org\/wp-content\/uploads\/2016\/06\/Sejours_Sciences_CREAcFCoutagne-300x150.jpg 300w, https:\/\/blog.creamontblanc.org\/wp-content\/uploads\/2016\/06\/Sejours_Sciences_CREAcFCoutagne-768x384.jpg 768w\" sizes=\"auto, (max-width: 1000px) 100vw, 1000px\" \/><\/a><figcaption class=\"caption wp-caption-text\"><em>Site de suivi des dates de pontes de grenouille rousse \u00e0 Loriaz \u00a9 FCoutagne<\/em><\/figcaption><\/figure>\n<p>&nbsp;<\/p>\n<p><!--more-->Par-del\u00e0 les monts et les vall\u00e9es, entre Les Posettes, les paturages de Loriaz, et l\u2019ambiance de rocher et de glace du Montenvers, nous, 4 \u00e9covolontaires, avons partag\u00e9 le travail et le quotidien de membres permanents du CREA : d\u00e9couverte de la montagne autrement que par comptage de m\u00e8tres de d\u00e9nivel\u00e9 parcourus en D+ et D- ou l\u2019\u00e9tude du dernier bulletin m\u00e9t\u00e9o o\u00f9 sont repris les donn\u00e9es comme isotherme, hauteur d\u2019enneigement ou risques d\u2019avalanche.<\/p>\n<p>Mais puisque nous nous int\u00e9ressions \u00e0 des donn\u00e9es scientifiques recueillies selon des protocoles bien \u00e9tablis, nous garderons en m\u00e9moire l\u2019\u00e9tude d\u2019\u00e9cosyst\u00e8mes, de patch, de nombre de nouvelles pontes de grenouilles, du nombres d\u2019\u0153ufs de m\u00e9sange noire dans un nichoir et de l\u2019\u00e2ge des poussins encore pr\u00e9sents, de la couleur des bagues du chocard \u00e0 bec jaune, des chants des oiseaux comme celui de la fauvette, la d\u00e9termination des zones d\u2019habitat et de passage de la faune par l\u2019\u00e9tude de \u2018crottier\u2019, d\u2019empreintes et de prises de vues fixes et anim\u00e9es. Sans oublier ce qu\u2019est un m\u00e9l\u00e9zin, une pessi\u00e8re, la diff\u00e9rence entre \u00e9pic\u00e9a et arolles, les diff\u00e9rents stades entre floraison, d\u00e9bourrement et feuillaison, tout en admirant le fabuleux et magnifique environnement autour de nous.<\/p>\n<p>&nbsp;<\/p>\n<figure id=\"attachment_252\" class=\"thumbnail wp-caption aligncenter\" style=\"width: 1000px\"><a href=\"http:\/\/blog.creamontblanc.org\/journal-decovolontaire-4-francois\/ialvarez\/\" rel=\"attachment wp-att-252\"><img loading=\"lazy\" decoding=\"async\" class=\"size-full wp-image-252\" src=\"http:\/\/blog.creamontblanc.org\/wp-content\/uploads\/2016\/06\/Ialvarez.jpg\" alt=\"Nos 4 \u00e9covolontaires, Marie-Claire, Nemo, Fran\u00e7ois et Christian, accompagn\u00e9s de Sandrine Goulmy, en pleine observation du triton alpestre \u00e0 Loriaz \u00a9 IAlvarez\" width=\"1000\" height=\"500\" srcset=\"https:\/\/blog.creamontblanc.org\/wp-content\/uploads\/2016\/06\/Ialvarez.jpg 1000w, https:\/\/blog.creamontblanc.org\/wp-content\/uploads\/2016\/06\/Ialvarez-300x150.jpg 300w, https:\/\/blog.creamontblanc.org\/wp-content\/uploads\/2016\/06\/Ialvarez-768x384.jpg 768w\" sizes=\"auto, (max-width: 1000px) 100vw, 1000px\" \/><\/a><figcaption class=\"caption wp-caption-text\"><em>Nos 4 \u00e9covolontaires, Marie-Claire, Nemo, Fran\u00e7ois et Christian, accompagn\u00e9s de Sandrine Goulmy, en pleine observation du triton alpestre \u00e0 Loriaz \u00a9 IAlvarez<\/em><\/figcaption><\/figure>\n<p>&nbsp;<\/p>\n<p>Je me suis alors souvenu d\u2019un po\u00e8me \u00e9crit par mon grand p\u00e8re il y a plus de 60 ans qui exprimait le tryptique : le montagnard, le scientifique et le po\u00e8te :<\/p>\n<p>&nbsp;<\/p>\n<p style=\"text-align: center;\">La Montagne\u2026 Science ou Po\u00e9sie<\/p>\n<p style=\"text-align: center;\">Je me suis laiss\u00e9 prendre \u00e0 la beaut\u00e9 d\u2019un vers,<br \/>\nQui chante pour le c\u0153ur, ou jongle avec l\u2019Id\u00e9e,<br \/>\nA la raideur d\u2019une muraille escalad\u00e9e,<br \/>\nD\u2019o\u00f9 l\u2019on croit dominer, en vainqueur, L\u2019Univers.<\/p>\n<p style=\"text-align: center;\">Au bleu du ciel, qu\u2019on aime revoir \u00e0 travers<br \/>\nLe clair cristal d\u2019une source \u00e0 peine rid\u00e9e,<br \/>\nA la blancheur d\u2019un lys, \u00e0 l\u2019or d\u2019une orchid\u00e9e,<br \/>\nAux soleils des \u00e9t\u00e9s, aux neiges des hivers.<\/p>\n<p style=\"text-align: center;\">Je me suis laiss\u00e9 prendre au myst\u00e8re des choses,<br \/>\nA la recherche de leurs effets, de leurs causes ;<br \/>\nMais le plus beau calcul est parfois d\u00e9cevant,<\/p>\n<p style=\"text-align: center;\">Le plus beau vers se d\u00e9colore, puis s\u2019efface\u2026<br \/>\n-\u00d4 Montagne, dis moi ce qu\u2019il faut que je fasse<br \/>\nTe chanter en po\u00e8te\u2026 ou te peindre en savant ?<\/p>\n<p style=\"text-align: center;\">Aim\u00e9 Coutagne \u2013 juillet 1950<\/p>\n<p>&nbsp;<\/p>\n<figure id=\"attachment_251\" class=\"thumbnail wp-caption aligncenter\" style=\"width: 1000px\"><a href=\"http:\/\/blog.creamontblanc.org\/journal-decovolontaire-4-francois\/fcoutagne4\/\" rel=\"attachment wp-att-251\"><img loading=\"lazy\" decoding=\"async\" class=\"size-full wp-image-251\" src=\"http:\/\/blog.creamontblanc.org\/wp-content\/uploads\/2016\/06\/FCoutagne4.jpg\" alt=\"Triton alpestre m\u00e2le \u00a9 FCoutagne\" width=\"1000\" height=\"500\" srcset=\"https:\/\/blog.creamontblanc.org\/wp-content\/uploads\/2016\/06\/FCoutagne4.jpg 1000w, https:\/\/blog.creamontblanc.org\/wp-content\/uploads\/2016\/06\/FCoutagne4-300x150.jpg 300w, https:\/\/blog.creamontblanc.org\/wp-content\/uploads\/2016\/06\/FCoutagne4-768x384.jpg 768w\" sizes=\"auto, (max-width: 1000px) 100vw, 1000px\" \/><\/a><figcaption class=\"caption wp-caption-text\"><em>Triton alpestre m\u00e2le \u00a9 FCoutagne<\/em><\/figcaption><\/figure>\n<p>&nbsp;<\/p>\n<p>R\u00e9daction : Fran\u00e7ois<\/p>\n<p>&nbsp;<\/p>\n","protected":false},"excerpt":{"rendered":"<p>Fran\u00e7ois est \u00ab\u00a0d&rsquo;ici\u00a0\u00bb. Le massif du Mont-Blanc, c&rsquo;est chez lui depuis des g\u00e9n\u00e9rations. Avec les S\u00e9jours Sciences, il a voulu porter un regard diff\u00e9rent sur sa montagne et d\u00e9couvrir les recherches qui y sont men\u00e9es. &nbsp;<\/p>\n","protected":false},"author":5,"featured_media":236,"comment_status":"open","ping_status":"open","sticky":false,"template":"","format":"standard","meta":{"_monsterinsights_skip_tracking":false,"_monsterinsights_sitenote_active":false,"_monsterinsights_sitenote_note":"","_monsterinsights_sitenote_category":0,"ngg_post_thumbnail":0,"footnotes":""},"categories":[5],"tags":[28,192],"class_list":["post-235","post","type-post","status-publish","format-standard","has-post-thumbnail","hentry","category-vie-association","tag-ecovolontariat","tag-retour-dexperience"],"aioseo_notices":[],"amp_enabled":true,"_links":{"self":[{"href":"https:\/\/blog.creamontblanc.org\/index.php?rest_route=\/wp\/v2\/posts\/235","targetHints":{"allow":["GET"]}}],"collection":[{"href":"https:\/\/blog.creamontblanc.org\/index.php?rest_route=\/wp\/v2\/posts"}],"about":[{"href":"https:\/\/blog.creamontblanc.org\/index.php?rest_route=\/wp\/v2\/types\/post"}],"author":[{"embeddable":true,"href":"https:\/\/blog.creamontblanc.org\/index.php?rest_route=\/wp\/v2\/users\/5"}],"replies":[{"embeddable":true,"href":"https:\/\/blog.creamontblanc.org\/index.php?rest_route=%2Fwp%2Fv2%2Fcomments&post=235"}],"version-history":[{"count":9,"href":"https:\/\/blog.creamontblanc.org\/index.php?rest_route=\/wp\/v2\/posts\/235\/revisions"}],"predecessor-version":[{"id":798,"href":"https:\/\/blog.creamontblanc.org\/index.php?rest_route=\/wp\/v2\/posts\/235\/revisions\/798"}],"wp:featuredmedia":[{"embeddable":true,"href":"https:\/\/blog.creamontblanc.org\/index.php?rest_route=\/wp\/v2\/media\/236"}],"wp:attachment":[{"href":"https:\/\/blog.creamontblanc.org\/index.php?rest_route=%2Fwp%2Fv2%2Fmedia&parent=235"}],"wp:term":[{"taxonomy":"category","embeddable":true,"href":"https:\/\/blog.creamontblanc.org\/index.php?rest_route=%2Fwp%2Fv2%2Fcategories&post=235"},{"taxonomy":"post_tag","embeddable":true,"href":"https:\/\/blog.creamontblanc.org\/index.php?rest_route=%2Fwp%2Fv2%2Ftags&post=235"}],"curies":[{"name":"wp","href":"https:\/\/api.w.org\/{rel}","templated":true}]}}