{"id":23,"date":"2016-02-10T09:39:51","date_gmt":"2016-02-10T08:39:51","guid":{"rendered":"http:\/\/blog.creamontblanc.org\/?p=23"},"modified":"2022-11-09T11:36:09","modified_gmt":"2022-11-09T10:36:09","slug":"la-brevine-plus-de-secrets-pour-le-froid","status":"publish","type":"post","link":"https:\/\/blog.creamontblanc.org?p=23","title":{"rendered":"La Br\u00e9vine : plus de secrets pour le froid"},"content":{"rendered":"<p><strong>Le 6 f\u00e9vrier dernier a eu lieu la traditionnelle F\u00eate du froid de la Br\u00e9vine, en hommage aux\u00a0 c\u00e9l\u00e8bres temp\u00e9ratures extr\u00eames de la \u00ab Petite Sib\u00e9rie de la Suisse \u00bb. Le microclimat de la Br\u00e9vine, longtemps rest\u00e9 un myst\u00e8re pour ses habitants, fait aujourd\u2019hui l\u2019objet d\u2019une \u00e9tude scientifique approfondie. Geoffrey Klein, climatologue, est all\u00e9 pr\u00e9senter son travail de recherche au public de la F\u00eate du froid. <\/strong><\/p>\n<figure id=\"attachment_44\" class=\"thumbnail wp-caption alignright\" style=\"width: 1000px\"><a href=\"http:\/\/blog.creamontblanc.org\/2016\/02\/10\/la-brevine-plus-de-secrets-pour-le-froid\/2016_fete_froid_brevine\/\" rel=\"attachment wp-att-44\"><img loading=\"lazy\" decoding=\"async\" class=\"size-full wp-image-44\" src=\"http:\/\/blog.creamontblanc.org\/wp-content\/uploads\/2016\/02\/2016_fete_froid_brevine.jpg\" alt=\"Geoffrey Klein, Martine Rebetez et Yann Vitasse.\" width=\"1000\" height=\"500\" srcset=\"https:\/\/blog.creamontblanc.org\/wp-content\/uploads\/2016\/02\/2016_fete_froid_brevine.jpg 1000w, https:\/\/blog.creamontblanc.org\/wp-content\/uploads\/2016\/02\/2016_fete_froid_brevine-300x150.jpg 300w, https:\/\/blog.creamontblanc.org\/wp-content\/uploads\/2016\/02\/2016_fete_froid_brevine-768x384.jpg 768w\" sizes=\"auto, (max-width: 1000px) 100vw, 1000px\" \/><\/a><figcaption class=\"caption wp-caption-text\"><em>Geoffrey Klein, Martine Rebetez et Yann Vitasse.<\/em><\/figcaption><\/figure>\n<p><!--more--><\/p>\n<p>La Br\u00e9vine, petite localit\u00e9 suisse perch\u00e9e \u00e0 plus de 1000 m d\u2019altitude dans une vall\u00e9e du massif jurassien, est reconnue pour \u00eatre le lieu le plus froid du pays et d\u00e9tenir le record national de -41.8\u00b0 C depuis Janvier 1987. Cet \u00e9v\u00e8nement, rassemblant chaque ann\u00e9e des milliers de personnes, est l\u2019occasion de faire d\u00e9couvrir la vall\u00e9e et son artisanat local aux touristes. F\u00eate du froid ? Mais jusque-l\u00e0, personne n\u2019a jamais expliqu\u00e9 d\u2019o\u00f9 venait cette r\u00e9putation !<\/p>\n<p>C\u2019est ainsi que Geoffrey Klein, climatologue en th\u00e8se de doctorat \u00e0 l&rsquo;Universit\u00e9 de Neuch\u00e2tel et chercheur associ\u00e9 au CREA, ainsi que toute son \u00e9quipe de l\u2019universit\u00e9 et de l\u2019Institut F\u00e9d\u00e9ral de Recherches sur la for\u00eat, la neige et le paysage (WSL) ont d\u00e9cid\u00e9 d\u2019intervenir pour tenter d\u2019apporter leur \u00e9clairage sur le microclimat de cette vall\u00e9e.<\/p>\n<p><strong>Une \u00e9tude climatique pour percer les secrets du froid<\/strong><\/p>\n<figure id=\"attachment_48\" class=\"thumbnail wp-caption alignleft\" style=\"width: 300px\"><a href=\"http:\/\/blog.creamontblanc.org\/2016\/02\/10\/la-brevine-plus-de-secrets-pour-le-froid\/r-graphics-output\/\" rel=\"attachment wp-att-48\"><img loading=\"lazy\" decoding=\"async\" class=\"wp-image-48 size-medium\" src=\"http:\/\/blog.creamontblanc.org\/wp-content\/uploads\/2016\/02\/20150226_Inversion_thermique-300x167.jpg\" alt=\"Inversion de temp\u00e9rature \u00e0 la Br\u00e9vine\" width=\"300\" height=\"167\" srcset=\"https:\/\/blog.creamontblanc.org\/wp-content\/uploads\/2016\/02\/20150226_Inversion_thermique-300x167.jpg 300w, https:\/\/blog.creamontblanc.org\/wp-content\/uploads\/2016\/02\/20150226_Inversion_thermique-768x427.jpg 768w, https:\/\/blog.creamontblanc.org\/wp-content\/uploads\/2016\/02\/20150226_Inversion_thermique-1024x569.jpg 1024w\" sizes=\"auto, (max-width: 300px) 100vw, 300px\" \/><\/a><figcaption class=\"caption wp-caption-text\"><em>Inversion de temp\u00e9rature \u00e0 la Br\u00e9vine<\/em><\/figcaption><\/figure>\n<p>Depuis l\u2019automne 2014, 46 stations de mesure de la temp\u00e9rature de l\u2019air sont install\u00e9es, r\u00e9parties de mani\u00e8re homog\u00e8ne et \u00e0 toutes altitudes dans la vall\u00e9e afin d\u2019en caract\u00e9riser son microclimat si particulier.<\/p>\n<div class=\"col second last\">\n<p>Cette vall\u00e9e, topographiquement ferm\u00e9e de toutes parts, est r\u00e9guli\u00e8rement le th\u00e9\u00e2tre d\u2019un ph\u00e9nom\u00e8ne appel\u00e9 lac d\u2019air froid. Lors du coucher du soleil et lorsque le ciel est clair avec peu de vent, l\u2019air froid, plus lourd que l\u2019air chaud, s\u2019accumule au fond de la vall\u00e9e sans \u00e9chappatoire possible. Il se cr\u00e9\u00e9 ainsi une inversion de temp\u00e9rature entre le fond de la vall\u00e9e et les hauteurs avoisinantes.<\/p>\n<p>L\u2019\u00e9quipe de chercheurs a souhait\u00e9 quantifier et illustrer ce ph\u00e9nom\u00e8ne sur plusieurs ann\u00e9es, notamment en hiver. Et les premiers r\u00e9sultats sont surprenants : lors de l\u2019hiver 2014-2015, une journ\u00e9e sur deux a \u00e9t\u00e9 concern\u00e9e par ce ph\u00e9nom\u00e8ne. L\u2019inversion la plus longue a dur\u00e9 66 h, tandis que la plus intense a engendr\u00e9 \u00e0 la m\u00eame heure en pleine nuit un \u00e9cart de 28\u00b0 C entre le fond de vall\u00e9e (-19\u00b0 C) et le sommet (+9\u00b0 C). Et cela devrait se poursuivre les prochaines ann\u00e9es, malgr\u00e9 le r\u00e9chauffement climatique.<\/p>\n<p><strong>Succ\u00e8s m\u00e9diatique pour la climatologie \u00e0 la Br\u00e9vine<\/strong><\/p>\n<p>Effervescence g\u00e9n\u00e9rale lorsque la presse suisse a appris l\u2019existence d\u2019une telle \u00e9tude dans leur petite Sib\u00e9rie nationale, bien connue de tous. Le travail des chercheurs a en effet fait l\u2019objet d\u2019un reportage diffus\u00e9 dans le 19:30 de la RTS ainsi que\u00a0 de plusieurs articles dans les principaux journaux de Suisse Romande (20minutes, l\u2019Impartial, 24heures, Le Matin, Tribune de Gen\u00e8ve, Terre &amp; Nature, \u2026).<\/p>\n<p>&nbsp;<\/p>\n<p>R\u00e9daction : Geoffrey Klein<\/p>\n<hr \/>\n<p><strong>En savoir plus<\/strong><br \/>\nLes d\u00e9tails de l&rsquo;\u00e9tude sur le<a href=\"http:\/\/www2.unine.ch\/geographie\/geographie_physique\/climat_brevine\"> site de l&rsquo;Universit\u00e9 de Neuch\u00e2tel<\/a><br \/>\nLa vid\u00e9o diffus\u00e9e dans le<a href=\"http:\/\/www.rts.ch\/play\/tv\/19h30\/video\/ne-la-brevine-devrait-conserver-son-climat-particulier?id=7489331\"> 19:30 de la RTS<\/a><\/p>\n<\/div>\n","protected":false},"excerpt":{"rendered":"<p>Le 6 f\u00e9vrier dernier a eu lieu la traditionnelle F\u00eate du froid de la Br\u00e9vine, en hommage aux\u00a0 c\u00e9l\u00e8bres temp\u00e9ratures extr\u00eames de la \u00ab Petite Sib\u00e9rie de la Suisse \u00bb. Le microclimat de la Br\u00e9vine, longtemps rest\u00e9 un myst\u00e8re pour &hellip; <a href=\"https:\/\/blog.creamontblanc.org?p=23\">Lire la suite\u00ad\u00ad<\/a><\/p>\n","protected":false},"author":5,"featured_media":44,"comment_status":"open","ping_status":"open","sticky":false,"template":"","format":"standard","meta":{"_monsterinsights_skip_tracking":false,"_monsterinsights_sitenote_active":false,"_monsterinsights_sitenote_note":"","_monsterinsights_sitenote_category":0,"ngg_post_thumbnail":0,"footnotes":""},"categories":[194],"tags":[10,201],"class_list":["post-23","post","type-post","status-publish","format-standard","has-post-thumbnail","hentry","category-la-recherche","tag-climat","tag-temperatures"],"aioseo_notices":[],"amp_enabled":true,"_links":{"self":[{"href":"https:\/\/blog.creamontblanc.org\/index.php?rest_route=\/wp\/v2\/posts\/23","targetHints":{"allow":["GET"]}}],"collection":[{"href":"https:\/\/blog.creamontblanc.org\/index.php?rest_route=\/wp\/v2\/posts"}],"about":[{"href":"https:\/\/blog.creamontblanc.org\/index.php?rest_route=\/wp\/v2\/types\/post"}],"author":[{"embeddable":true,"href":"https:\/\/blog.creamontblanc.org\/index.php?rest_route=\/wp\/v2\/users\/5"}],"replies":[{"embeddable":true,"href":"https:\/\/blog.creamontblanc.org\/index.php?rest_route=%2Fwp%2Fv2%2Fcomments&post=23"}],"version-history":[{"count":11,"href":"https:\/\/blog.creamontblanc.org\/index.php?rest_route=\/wp\/v2\/posts\/23\/revisions"}],"predecessor-version":[{"id":877,"href":"https:\/\/blog.creamontblanc.org\/index.php?rest_route=\/wp\/v2\/posts\/23\/revisions\/877"}],"wp:featuredmedia":[{"embeddable":true,"href":"https:\/\/blog.creamontblanc.org\/index.php?rest_route=\/wp\/v2\/media\/44"}],"wp:attachment":[{"href":"https:\/\/blog.creamontblanc.org\/index.php?rest_route=%2Fwp%2Fv2%2Fmedia&parent=23"}],"wp:term":[{"taxonomy":"category","embeddable":true,"href":"https:\/\/blog.creamontblanc.org\/index.php?rest_route=%2Fwp%2Fv2%2Fcategories&post=23"},{"taxonomy":"post_tag","embeddable":true,"href":"https:\/\/blog.creamontblanc.org\/index.php?rest_route=%2Fwp%2Fv2%2Ftags&post=23"}],"curies":[{"name":"wp","href":"https:\/\/api.w.org\/{rel}","templated":true}]}}