{"id":2280,"date":"2019-09-26T14:15:32","date_gmt":"2019-09-26T13:15:32","guid":{"rendered":"http:\/\/blog.creamontblanc.org?p=2280"},"modified":"2022-11-08T17:08:39","modified_gmt":"2022-11-08T16:08:39","slug":"les-grenouilles-rousses-de-la-plaine-aux-sommets","status":"publish","type":"post","link":"https:\/\/blog.creamontblanc.org?p=2280","title":{"rendered":"Les grenouilles rousses, de la plaine aux sommets."},"content":{"rendered":"\n<p><strong>La grenouille rousse est largement r\u00e9pandue en France et poss\u00e8de la particularit\u00e9 de pouvoir vivre \u00e0 haute altitude, jusqu\u2019\u00e0 2500 m dans les Alpes. Son d\u00e9veloppement \u00e9tant fortement d\u00e9pendant de la temp\u00e9rature, comment fait-elle pour survivre dans ces environnements froids et contraignants ?<\/strong><\/p>\n\n\n\n<figure class=\"wp-block-image\"><img loading=\"lazy\" decoding=\"async\" width=\"836\" height=\"476\" src=\"https:\/\/blog.creamontblanc.org\/wp-content\/uploads\/2019\/09\/grenouille.png\" alt=\"\" class=\"wp-image-2283\" srcset=\"https:\/\/blog.creamontblanc.org\/wp-content\/uploads\/2019\/09\/grenouille.png 836w, https:\/\/blog.creamontblanc.org\/wp-content\/uploads\/2019\/09\/grenouille-300x171.png 300w, https:\/\/blog.creamontblanc.org\/wp-content\/uploads\/2019\/09\/grenouille-768x437.png 768w\" sizes=\"auto, (max-width: 836px) 100vw, 836px\" \/><figcaption><em>Grenouille rousse <\/em><\/figcaption><\/figure>\n\n\n\n<p>Les grenouilles\n\u00e9tant des animaux po\u00efkilothermes \u2013 leur temp\u00e9rature corporelle varie en\nfonction de la temp\u00e9rature ext\u00e9rieure \u2013, leur d\u00e9veloppement est fortement dict\u00e9\npar les conditions environnementales. A la fois la temp\u00e9rature et l\u2019humidit\u00e9\naffectent leur physiologie et leur dynamique de populations. Dans les zones\ntemp\u00e9r\u00e9es, l\u2019augmentation des temp\u00e9ratures de l\u2019air et de l\u2019eau au printemps\nfavorisent l\u2019initiation plus pr\u00e9coce de certains comportements, incluant la\nsortie d\u2019hibernation et l\u2019initiation des activit\u00e9s reproductives telles que le\nchant des m\u00e2les. Cependant, d\u2019autres facteurs tels que la densit\u00e9 de\npopulation, la comp\u00e9tition, les ressources alimentaires ou encore les r\u00e9serves\n\u00e9nerg\u00e9tiques de l\u2019oeuf (vitellus) peuvent aussi affecter la croissance et le\nd\u00e9veloppement des individus.<\/p>\n\n\n\n<p>En\naltitude, les populations subissent des temp\u00e9ratures plus faibles, une saison\nde v\u00e9g\u00e9tation r\u00e9duite et une r\u00e9duction de la disponibilit\u00e9 en ressources en\ncomparaison des populations de plaine. Face \u00e0 cela, quelles adaptations mettent\nen place les sous-populations d\u2019altitude pour se d\u00e9velopper dans un\nenvironnement plus contraignant&nbsp;? Leur dur\u00e9e de d\u00e9veloppement est-elle\nallong\u00e9e du fait des plus faibles temp\u00e9ratures&nbsp;? Ou bien observe-t-on\nl\u2019inverse, et donc un raccourcissement, du fait d\u2019une saison de v\u00e9g\u00e9tation plus\ncourte n\u00e9cessitant un d\u00e9veloppement rapide&nbsp;?<\/p>\n\n\n\n<h3 class=\"wp-block-heading\">Les suivis de la ph\u00e9nologie de la grenouille rousse<\/h3>\n\n\n\n<p>Depuis 2009, le CREA Mont-Blanc r\u00e9alise un suivi annuel de la ph\u00e9nologie de la grenouille rousse dans des mares situ\u00e9es \u00e0 Vallorcine (~1300m) et \u00e0 Loriaz (~1900m). Les mares sont visit\u00e9es toutes les semaines de mars \u00e0 ao\u00fbt et, selon l\u2019avancement dans la saison, le nombre d\u2019amas de ponte est compt\u00e9 ou bien le stade de d\u00e9veloppement des t\u00eatards est not\u00e9. De fortes variations inter-annuelles quant aux dates de ponte et aux dur\u00e9es de d\u00e9veloppement des t\u00eatards ont \u00e9t\u00e9 observ\u00e9es \u00e0 chaque altitude (donn\u00e9es \u00e0 explorer <a href=\"https:\/\/www.atlasmontblanc.org\/fr\/reproduction-des-grenouilles-rousses\">ici<\/a>).<\/p>\n\n\n\n<hr class=\"wp-block-separator\"\/>\n\n\n\n<div class=\"wp-block-image\"><figure class=\"aligncenter is-resized\"><img loading=\"lazy\" decoding=\"async\" src=\"https:\/\/blog.creamontblanc.org\/wp-content\/uploads\/2019\/09\/stades.png\" alt=\"\" class=\"wp-image-2285\" width=\"581\" height=\"323\" srcset=\"https:\/\/blog.creamontblanc.org\/wp-content\/uploads\/2019\/09\/stades.png 775w, https:\/\/blog.creamontblanc.org\/wp-content\/uploads\/2019\/09\/stades-300x167.png 300w, https:\/\/blog.creamontblanc.org\/wp-content\/uploads\/2019\/09\/stades-768x427.png 768w\" sizes=\"auto, (max-width: 581px) 100vw, 581px\" \/><figcaption><em>Stades de d\u00e9veloppement de la grenouille rousse<\/em><\/figcaption><\/figure><\/div>\n\n\n\n<h3 class=\"wp-block-heading\"><em>Les grenouilles commencent \u00e0 pondre juste apr\u00e8s la fonte de la neige<\/em><\/h3>\n\n\n\n<p>D&rsquo;\u2019apr\u00e8s nos donn\u00e9es, nous observons un retard de ponte en altitude qui s\u2019explique par la fonte de la neige plus tardive. En effet, que ce soit \u00e0 basse ou \u00e0 haute altitude, la date de ponte des grenouilles est fortement d\u00e9pendante de la date de fonte de la neige. En moyenne, sur la p\u00e9riode 2009-2019, les grenouilles pondent 18 \u00e0 22 jours apr\u00e8s la date de fonte, respectivement \u00e0 Vallorcine et \u00e0 Loriaz. Qui plus est, plus la date de fonte est tardive plus l\u2019\u00e9cart entre la date de fonte et la date de ponte diminue. Ceci s\u2019explique par le fait que si la date de fonte est tardive, alors la saison de croissance est raccourcie et les grenouilles doivent pondre rapidement pour que les t\u00eatards arrivent au terme de leur d\u00e9veloppement.<\/p>\n\n\n\n<div class=\"wp-block-image\"><figure class=\"aligncenter\"><img loading=\"lazy\" decoding=\"async\" width=\"422\" height=\"424\" src=\"https:\/\/blog.creamontblanc.org\/wp-content\/uploads\/2019\/09\/graph.png\" alt=\"\" class=\"wp-image-2287\" srcset=\"https:\/\/blog.creamontblanc.org\/wp-content\/uploads\/2019\/09\/graph.png 422w, https:\/\/blog.creamontblanc.org\/wp-content\/uploads\/2019\/09\/graph-150x150.png 150w, https:\/\/blog.creamontblanc.org\/wp-content\/uploads\/2019\/09\/graph-300x300.png 300w\" sizes=\"auto, (max-width: 422px) 100vw, 422px\" \/><figcaption><em>Relation entre la date de fonte et la date moyenne de premi\u00e8re ponte<\/em><\/figcaption><\/figure><\/div>\n\n\n\n<h3 class=\"wp-block-heading\">Un d\u00e9veloppement plus rapide en altitude<\/h3>\n\n\n\n<p> La dur\u00e9e de d\u00e9veloppement des t\u00eatards (du stade 1 au stade de grenouillette) est plus courte en altitude&nbsp;(-26 jours \u00e0 Loriaz par rapport \u00e0 Vallorcine, toutes ann\u00e9es confondues). Les figures ci-dessous permettent de visualiser cette diff\u00e9rence de vitesse de d\u00e9veloppement.<\/p>\n\n\n\n<p>Face \u00e0 la r\u00e9duction de la p\u00e9riode de v\u00e9g\u00e9tation et aux ressources moins disponibles en altitude, les grenouilles de Loriaz (~1900m) ont moins de temps pour se nourrir et accumuler les r\u00e9serves dont elles ont besoin pour survivre en hiver. Un d\u00e9veloppement rapide \u00e0 de faibles temp\u00e9ratures tendrait ainsi \u00e0 compenser les contraintes de l\u2019altitude, et permettre aux t\u00eatards d\u2019atteindre le stade de grenouillette avant le retour de la neige, \u00e0 une taille et un poids plus faible qu\u2019\u00e0 basse altitude cependant.<\/p>\n\n\n\n<iframe loading=\"lazy\" src=\"https:\/\/atlasmontblanc.org\/shiny\/Shiny\/Reproduction_des_grenouilles\/Module3\/\" width=\"102%\" height=\"600\"><\/iframe>\n\n\n\n<p><em>D\u00e9veloppement des t\u00eatards en 2010, 2011 et 2016, \u00e0 Vallorcine (~1300m) et \u00e0 Loriaz (~1900m). Chaque point repr\u00e9sente une mesure sur une mare. La date d\u2019observation est indiqu\u00e9e en jour julien, soit le nombre de jours depuis le 1<sup>er<\/sup> janvier. Le stade 0 correspond \u00e0 la ponte. Le stade 6 correspond \u00e0 la grenouillette.<\/em><\/p>\n\n\n\n<hr class=\"wp-block-separator\"\/>\n\n\n\n<div class=\"wp-block-image\"><figure class=\"aligncenter is-resized\"><img loading=\"lazy\" decoding=\"async\" src=\"https:\/\/blog.creamontblanc.org\/wp-content\/uploads\/2019\/09\/graph2.png\" alt=\"\" class=\"wp-image-2289\" width=\"707\" height=\"410\" srcset=\"https:\/\/blog.creamontblanc.org\/wp-content\/uploads\/2019\/09\/graph2.png 943w, https:\/\/blog.creamontblanc.org\/wp-content\/uploads\/2019\/09\/graph2-300x174.png 300w, https:\/\/blog.creamontblanc.org\/wp-content\/uploads\/2019\/09\/graph2-768x445.png 768w\" sizes=\"auto, (max-width: 707px) 100vw, 707px\" \/><figcaption><em>Frise repr\u00e9sentant les p\u00e9riodes des stades de d\u00e9veloppement des t\u00eatards \u00e0 Vallorcine (~1300m) et \u00e0 Loriaz (~1900m)<\/em><\/figcaption><\/figure><\/div>\n\n\n\n<p> Comme nous l\u2019avons vu ici, la ph\u00e9nologie des grenouilles est fortement d\u00e9pendante des conditions environnementales et le changement climatique a donc un fort impact sur cette esp\u00e8ce. Pour en savoir plus sur la vuln\u00e9rabilit\u00e9 de la grenouille rousse en r\u00e9ponse au changement climatique, rendez-vous<a href=\"https:\/\/atlasmontblanc.org\/sites\/default\/files\/atoms\/files\/fiche_synthetique.pdf\"> ici<\/a> ! <\/p>\n\n\n\n<p><\/p>\n\n\n\n<p><em><strong>Projet financ\u00e9 avec le concours de l\u2019Union europ\u00e9enne. L\u2019Europe  s\u2019engage sur le Massif Alpin avec le Fonds Europ\u00e9en de D\u00e9veloppement R\u00e9gional.&nbsp;<\/strong><\/em><\/p>\n\n\n\n<figure class=\"wp-block-image\"><img loading=\"lazy\" decoding=\"async\" width=\"849\" height=\"220\" src=\"https:\/\/blog.creamontblanc.org\/wp-content\/uploads\/2019\/09\/Capture-d\u2019e\u0301cran-2019-09-24-a\u0300-09.28.21.png\" alt=\"\" class=\"wp-image-2306\" srcset=\"https:\/\/blog.creamontblanc.org\/wp-content\/uploads\/2019\/09\/Capture-d\u2019e\u0301cran-2019-09-24-a\u0300-09.28.21.png 849w, https:\/\/blog.creamontblanc.org\/wp-content\/uploads\/2019\/09\/Capture-d\u2019e\u0301cran-2019-09-24-a\u0300-09.28.21-300x78.png 300w, https:\/\/blog.creamontblanc.org\/wp-content\/uploads\/2019\/09\/Capture-d\u2019e\u0301cran-2019-09-24-a\u0300-09.28.21-768x199.png 768w\" sizes=\"auto, (max-width: 849px) 100vw, 849px\" \/><\/figure>\n","protected":false},"excerpt":{"rendered":"<p>La grenouille rousse est largement r\u00e9pandue en France et poss\u00e8de la particularit\u00e9 de pouvoir vivre \u00e0 haute altitude, jusqu\u2019\u00e0 2500 m dans les Alpes. Son d\u00e9veloppement \u00e9tant fortement d\u00e9pendant de la temp\u00e9rature, comment fait-elle pour survivre dans ces environnements froids &hellip; <a href=\"https:\/\/blog.creamontblanc.org?p=2280\">Lire la suite\u00ad\u00ad<\/a><\/p>\n","protected":false},"author":10,"featured_media":2300,"comment_status":"open","ping_status":"open","sticky":false,"template":"","format":"standard","meta":{"_monsterinsights_skip_tracking":false,"_monsterinsights_sitenote_active":false,"_monsterinsights_sitenote_note":"","_monsterinsights_sitenote_category":0,"ngg_post_thumbnail":0,"footnotes":""},"categories":[194],"tags":[218,35,208],"class_list":["post-2280","post","type-post","status-publish","format-standard","has-post-thumbnail","hentry","category-la-recherche","tag-grenouilles","tag-phenologie","tag-zones-humides"],"aioseo_notices":[],"amp_enabled":true,"_links":{"self":[{"href":"https:\/\/blog.creamontblanc.org\/index.php?rest_route=\/wp\/v2\/posts\/2280","targetHints":{"allow":["GET"]}}],"collection":[{"href":"https:\/\/blog.creamontblanc.org\/index.php?rest_route=\/wp\/v2\/posts"}],"about":[{"href":"https:\/\/blog.creamontblanc.org\/index.php?rest_route=\/wp\/v2\/types\/post"}],"author":[{"embeddable":true,"href":"https:\/\/blog.creamontblanc.org\/index.php?rest_route=\/wp\/v2\/users\/10"}],"replies":[{"embeddable":true,"href":"https:\/\/blog.creamontblanc.org\/index.php?rest_route=%2Fwp%2Fv2%2Fcomments&post=2280"}],"version-history":[{"count":11,"href":"https:\/\/blog.creamontblanc.org\/index.php?rest_route=\/wp\/v2\/posts\/2280\/revisions"}],"predecessor-version":[{"id":2344,"href":"https:\/\/blog.creamontblanc.org\/index.php?rest_route=\/wp\/v2\/posts\/2280\/revisions\/2344"}],"wp:featuredmedia":[{"embeddable":true,"href":"https:\/\/blog.creamontblanc.org\/index.php?rest_route=\/wp\/v2\/media\/2300"}],"wp:attachment":[{"href":"https:\/\/blog.creamontblanc.org\/index.php?rest_route=%2Fwp%2Fv2%2Fmedia&parent=2280"}],"wp:term":[{"taxonomy":"category","embeddable":true,"href":"https:\/\/blog.creamontblanc.org\/index.php?rest_route=%2Fwp%2Fv2%2Fcategories&post=2280"},{"taxonomy":"post_tag","embeddable":true,"href":"https:\/\/blog.creamontblanc.org\/index.php?rest_route=%2Fwp%2Fv2%2Ftags&post=2280"}],"curies":[{"name":"wp","href":"https:\/\/api.w.org\/{rel}","templated":true}]}}