{"id":2243,"date":"2019-08-01T08:56:41","date_gmt":"2019-08-01T07:56:41","guid":{"rendered":"http:\/\/blog.creamontblanc.org?p=2243"},"modified":"2022-11-08T16:11:29","modified_gmt":"2022-11-08T15:11:29","slug":"retour-sur-les-observations-du-printemps-2019","status":"publish","type":"post","link":"https:\/\/blog.creamontblanc.org?p=2243","title":{"rendered":"Retour sur les observations du printemps 2019"},"content":{"rendered":"\n<p><strong>La plupart des observations du printemps 2019 a \u00e9t\u00e9 saisie, et le bilan saisonnier est en ligne&nbsp;! Merci \u00e0 tous les participants qui ont contribu\u00e9 \u00e0 r\u00e9colter ces donn\u00e9es pr\u00e9cieuses, indispensables \u00e0 l\u2019avanc\u00e9e de la recherche scientifique.<\/strong><\/p>\n\n\n\n<figure class=\"wp-block-image\"><img loading=\"lazy\" decoding=\"async\" width=\"1000\" height=\"500\" src=\"https:\/\/blog.creamontblanc.org\/wp-content\/uploads\/2019\/07\/Visuel_PhenoclimPrintemps2019-1000x500.png\" alt=\"\" class=\"wp-image-2244\" srcset=\"https:\/\/blog.creamontblanc.org\/wp-content\/uploads\/2019\/07\/Visuel_PhenoclimPrintemps2019-1000x500.png 1000w, https:\/\/blog.creamontblanc.org\/wp-content\/uploads\/2019\/07\/Visuel_PhenoclimPrintemps2019-300x150.png 300w, https:\/\/blog.creamontblanc.org\/wp-content\/uploads\/2019\/07\/Visuel_PhenoclimPrintemps2019-768x384.png 768w, https:\/\/blog.creamontblanc.org\/wp-content\/uploads\/2019\/07\/Visuel_PhenoclimPrintemps2019.png 1280w\" sizes=\"auto, (max-width: 1000px) 100vw, 1000px\" \/><\/figure>\n\n\n\n<h3 class=\"wp-block-heading\">Printemps 2019&nbsp;: encore une saison d\u2019observation r\u00e9ussie&nbsp;!<\/h3>\n\n\n\n<p>Saison tardive ou saison pr\u00e9coce&nbsp;? C\u2019est une des grandes questions que nous nous posons apr\u00e8s chaque saison (printemps et automne). Pour y r\u00e9pondre, le CREA Mont-Blanc analyse les observations du d\u00e9veloppement de la v\u00e9g\u00e9tation r\u00e9alis\u00e9es par le r\u00e9seau Ph\u00e9noclim ainsi que les observations de la reproduction de la faune (m\u00e9sange noire, grenouille rousse) effectu\u00e9es par l\u2019\u00e9quipe du CREA Mont-Blanc et des b\u00e9n\u00e9voles locaux. Toutes ces donn\u00e9es d\u2019observation sont li\u00e9es aux donn\u00e9es de temp\u00e9rature et d\u2019enneigement collect\u00e9es b\u00e9n\u00e9volement (837 observations d\u2019enneigement en 2019) ou automatiquement (4&nbsp;000&nbsp;000 relev\u00e9s de temp\u00e9rature en 2019) afin de d\u00e9terminer l&rsquo;effet de ces param\u00e8tres sur le rythme saisonnier des \u00eatres vivants.<\/p>\n\n\n\n<p>Ce printemps 2019 s&rsquo;est caract\u00e9ris\u00e9 par un d\u00e9veloppement de la v\u00e9g\u00e9tation ni en avance ni en retard. Une saison se situant donc dans la moyenne des 14 ann\u00e9es pr\u00e9c\u00e9dentes. Ce r\u00e9sultat pour la v\u00e9g\u00e9tation contraste avec ce qui a \u00e9t\u00e9 observ\u00e9 par les chercheurs du CREA pour la faune (notamment les grenouilles rousses) ! <\/p>\n\n\n\n<p>En savoir plus ici&nbsp;: <a href=\"https:\/\/phenoclim.org\/fr\/bilans-saisonniers\">https:\/\/phenoclim.org\/fr\/bilans-saisonniers<\/a><\/p>\n\n\n\n<h3 class=\"wp-block-heading\">Le podium des observateurs&nbsp;Ph\u00e9noclim <\/h3>\n\n\n\n<p>Les observations du d\u00e9veloppement de la v\u00e9g\u00e9tation sont effectu\u00e9es par des espaces prot\u00e9g\u00e9s (parcs, r\u00e9serves, conservatoires), d\u2019autres professionnels de la nature (associations naturalistes, forestiers, etc.), des particuliers et des \u00e9tablissements scolaires. Voici le podium des participants ayant fait le plus grand nombre d\u2019observations en 2019.<\/p>\n\n\n\n<figure class=\"wp-block-image\"><img loading=\"lazy\" decoding=\"async\" width=\"1000\" height=\"563\" src=\"https:\/\/blog.creamontblanc.org\/wp-content\/uploads\/2019\/07\/Podiums_categories-1000x563.png\" alt=\"\" class=\"wp-image-2246\" srcset=\"https:\/\/blog.creamontblanc.org\/wp-content\/uploads\/2019\/07\/Podiums_categories-1000x563.png 1000w, https:\/\/blog.creamontblanc.org\/wp-content\/uploads\/2019\/07\/Podiums_categories-300x169.png 300w, https:\/\/blog.creamontblanc.org\/wp-content\/uploads\/2019\/07\/Podiums_categories-768x432.png 768w, https:\/\/blog.creamontblanc.org\/wp-content\/uploads\/2019\/07\/Podiums_categories.png 1280w\" sizes=\"auto, (max-width: 1000px) 100vw, 1000px\" \/><\/figure>\n\n\n\n<h3 class=\"wp-block-heading\">Ph\u00e9noclim&nbsp;et les r\u00e9sultats scientifiques associ\u00e9s<\/h3>\n\n\n\n<p>Lanc\u00e9 fin 2004, le programme Ph\u00e9noclim a f\u00eat\u00e9 son 15<sup>\u00e8me<\/sup> printemps. Les observations r\u00e9alis\u00e9es par les participants font VRAIMENT avancer la recherche concernant les effets du changement climatique sur la biodiversit\u00e9&nbsp;! Nous avons r\u00e9sum\u00e9 dans la page \u00ab&nbsp;<a href=\"https:\/\/phenoclim.org\/fr\/les-decouvertes-sur-le-long-terme\">Les d\u00e9couvertes sur le long terme<\/a>&nbsp;\u00bb les principaux r\u00e9sultats issus de trois publications scientifiques et d\u2019une th\u00e8se de doctorat.<\/p>\n\n\n\n<h3 class=\"wp-block-heading\">Un grand merci \u00e0 tous&nbsp;!<\/h3>\n\n\n\n<p>MERCI \u00e0 tous les b\u00e9n\u00e9voles qui ont particip\u00e9 aux suivis de l\u2019enneigement, de la flore et de la faune pendant ce printemps 2019. Nous adressons nos f\u00e9licitations aux ph\u00e9noclimeurs qui nous ont rejoints cette ann\u00e9e et \u00e0 ceux qui participent depuis plus longtemps (parfois m\u00eame depuis le d\u00e9but de l\u2019aventure Ph\u00e9noclim&nbsp;!).<\/p>\n\n\n\n<h3 class=\"wp-block-heading\">La saison automnale se pr\u00e9pare d\u00e9j\u00e0<\/h3>\n\n\n\n<p>Les observations automnales d\u00e9marreront d\u00e8s septembre. En\nplus des esp\u00e8ces classiquement \u00e9tudi\u00e9es \u00e0 l\u2019automne dans Ph\u00e9noclim (bouleaux,\nm\u00e9l\u00e8ze, sorbier), il est possible depuis 2018 d\u2019observer le h\u00eatre. Vous\nconnaissez des zones o\u00f9 une ou plusieurs de ces esp\u00e8ces sont pr\u00e9sentes&nbsp;et\no\u00f9 vous passez r\u00e9guli\u00e8rement ? N\u2019h\u00e9sitez plus&nbsp;: rejoignez le r\u00e9seau\nPh\u00e9noclim et observez le changement de couleur des feuilles&nbsp;!<\/p>\n\n\n\n<p><a href=\"https:\/\/phenoclim.org\/sites\/default\/files\/atoms\/files\/protocole_vegetation_phenoclim_creamontblanc_0.pdf\">Acc\u00e9der\nau protocole<\/a><\/p>\n\n\n\n<p><a href=\"https:\/\/phenoclim.org\/fr\/espace-personnel\">S\u2019inscrire au programme\nPh\u00e9noclim<\/a> et observer le rythme saisonnier des plantes (printemps,\nautomne) mais aussi l\u2019enneigement (hiver).<\/p>\n","protected":false},"excerpt":{"rendered":"<p>La plupart des observations du printemps 2019 a \u00e9t\u00e9 saisie, et le bilan saisonnier est en ligne&nbsp;! Merci \u00e0 tous les participants qui ont contribu\u00e9 \u00e0 r\u00e9colter ces donn\u00e9es pr\u00e9cieuses, indispensables \u00e0 l\u2019avanc\u00e9e de la recherche scientifique. Printemps 2019&nbsp;: encore &hellip; <a href=\"https:\/\/blog.creamontblanc.org?p=2243\">Lire la suite\u00ad\u00ad<\/a><\/p>\n","protected":false},"author":12,"featured_media":2244,"comment_status":"open","ping_status":"open","sticky":false,"template":"","format":"standard","meta":{"_monsterinsights_skip_tracking":false,"_monsterinsights_sitenote_active":false,"_monsterinsights_sitenote_note":"","_monsterinsights_sitenote_category":0,"ngg_post_thumbnail":0,"footnotes":""},"categories":[31],"tags":[46],"class_list":["post-2243","post","type-post","status-publish","format-standard","has-post-thumbnail","hentry","category-sciences-participatives","tag-phenoclim"],"aioseo_notices":[],"amp_enabled":true,"_links":{"self":[{"href":"https:\/\/blog.creamontblanc.org\/index.php?rest_route=\/wp\/v2\/posts\/2243","targetHints":{"allow":["GET"]}}],"collection":[{"href":"https:\/\/blog.creamontblanc.org\/index.php?rest_route=\/wp\/v2\/posts"}],"about":[{"href":"https:\/\/blog.creamontblanc.org\/index.php?rest_route=\/wp\/v2\/types\/post"}],"author":[{"embeddable":true,"href":"https:\/\/blog.creamontblanc.org\/index.php?rest_route=\/wp\/v2\/users\/12"}],"replies":[{"embeddable":true,"href":"https:\/\/blog.creamontblanc.org\/index.php?rest_route=%2Fwp%2Fv2%2Fcomments&post=2243"}],"version-history":[{"count":4,"href":"https:\/\/blog.creamontblanc.org\/index.php?rest_route=\/wp\/v2\/posts\/2243\/revisions"}],"predecessor-version":[{"id":2253,"href":"https:\/\/blog.creamontblanc.org\/index.php?rest_route=\/wp\/v2\/posts\/2243\/revisions\/2253"}],"wp:featuredmedia":[{"embeddable":true,"href":"https:\/\/blog.creamontblanc.org\/index.php?rest_route=\/wp\/v2\/media\/2244"}],"wp:attachment":[{"href":"https:\/\/blog.creamontblanc.org\/index.php?rest_route=%2Fwp%2Fv2%2Fmedia&parent=2243"}],"wp:term":[{"taxonomy":"category","embeddable":true,"href":"https:\/\/blog.creamontblanc.org\/index.php?rest_route=%2Fwp%2Fv2%2Fcategories&post=2243"},{"taxonomy":"post_tag","embeddable":true,"href":"https:\/\/blog.creamontblanc.org\/index.php?rest_route=%2Fwp%2Fv2%2Ftags&post=2243"}],"curies":[{"name":"wp","href":"https:\/\/api.w.org\/{rel}","templated":true}]}}