{"id":2201,"date":"2019-07-09T10:02:03","date_gmt":"2019-07-09T09:02:03","guid":{"rendered":"http:\/\/blog.creamontblanc.org?p=2201"},"modified":"2022-11-08T16:12:55","modified_gmt":"2022-11-08T15:12:55","slug":"retour-sur-latelier-creatif-et-cartographique-avec-les-habitants-de-chamonix","status":"publish","type":"post","link":"https:\/\/blog.creamontblanc.org?p=2201","title":{"rendered":"Retour sur l\u2019atelier cr\u00e9atif et cartographique avec les habitants de Chamonix"},"content":{"rendered":"\n<p><strong>Les habitants de Chamonix ont r\u00e9pondu \u00e0 notre invitation ce jeudi 4 juillet, devant nos bureaux, pour inventer les futurs du jardin de l\u2019Observatoire. L\u2019objectif : allier cartographie et illustrations dessin\u00e9es pour se projeter dans cet espace vert \u00e0 investir. La diversit\u00e9 des illustrations nous a permis de cr\u00e9er un v\u00e9ritable \u00ab recueil graphique \u00bb des inspirations. Cet atelier chamoniard scelle la derni\u00e8re rencontre informelle organis\u00e9e en pr\u00e9paration du Mont-Blanc Lab, un marathon cr\u00e9atif et collaboratif qui aura lieu \u00e0 l&rsquo;automne, port\u00e9 par la Communaut\u00e9 de Communes de la Vall\u00e9e de Chamonix dans le cadre du projet LAB co-financ\u00e9 par l\u2019ADEME.<\/strong><\/p>\n\n\n\n<figure class=\"wp-block-image\"><img loading=\"lazy\" decoding=\"async\" width=\"836\" height=\"476\" src=\"https:\/\/blog.creamontblanc.org\/wp-content\/uploads\/2019\/07\/Atelier_creatif.png\" alt=\"\" class=\"wp-image-2202\" srcset=\"https:\/\/blog.creamontblanc.org\/wp-content\/uploads\/2019\/07\/Atelier_creatif.png 836w, https:\/\/blog.creamontblanc.org\/wp-content\/uploads\/2019\/07\/Atelier_creatif-300x171.png 300w, https:\/\/blog.creamontblanc.org\/wp-content\/uploads\/2019\/07\/Atelier_creatif-768x437.png 768w\" sizes=\"auto, (max-width: 836px) 100vw, 836px\" \/><figcaption><em>Atelier cr\u00e9atif et cartographique du 04.07.2019: pr\u00e9sentation du Mont Blanc Lab&nbsp;<\/em><\/figcaption><\/figure>\n\n\n\n<p>Le jardin de l&rsquo;Obs a entam\u00e9 sa transformation : \u00ab <em>les fraises <\/em>\u00bb, \u00ab <em>la coupole d\u2019observation d\u2019\u00e9toiles<\/em> \u00bb, \u00ab <em>le reflet du Mont-Blanc sur les vitres<\/em> \u00bb, \u00ab <em>la courbe silencieuse<\/em> \u00bb ou bien encore \u00ab <em>le grillage autour du jardin<\/em> \u00bb \u2026 dispers\u00e9s dans l\u2019espace, les participants de l\u2019atelier cherchent ce qui fait la particularit\u00e9 de ce lieu. R\u00e9unis en bin\u00f4me ou en \u00e9quipe, la motivation des citoyens pr\u00e9sents est galvanisante, et les id\u00e9es fusent de toute part. Se saisissant des crayons et des pastels, les participants projettent sur leur feuille blanche les futurs possibles du jardin, sous l\u2019\u0153il attentif des illustrateurs pr\u00e9sents, Claire Giordano et David Katzowicz.<\/p>\n\n\n\n<figure class=\"wp-block-image\"><img loading=\"lazy\" decoding=\"async\" width=\"836\" height=\"400\" src=\"https:\/\/blog.creamontblanc.org\/wp-content\/uploads\/2019\/07\/atelier.png\" alt=\"\" class=\"wp-image-2209\" srcset=\"https:\/\/blog.creamontblanc.org\/wp-content\/uploads\/2019\/07\/atelier.png 836w, https:\/\/blog.creamontblanc.org\/wp-content\/uploads\/2019\/07\/atelier-300x144.png 300w, https:\/\/blog.creamontblanc.org\/wp-content\/uploads\/2019\/07\/atelier-768x367.png 768w\" sizes=\"auto, (max-width: 836px) 100vw, 836px\" \/><figcaption>Des participants de l\u2019atelier exposent leurs id\u00e9es d\u2019am\u00e9nagement du jardin.<\/figcaption><\/figure>\n\n\n\n<p>\u00ab <em>Let\u2019s build the Mont Blanc mini-buvette<\/em> \u00bb : peut-\u00eatre inspir\u00e9s par l\u2019ambiance conviviale de l\u2019atelier, certains participants commencent \u00e0 esquisser des buvettes en forme de montagne. Pour d\u2019autres, le jardin r\u00eav\u00e9 est celui de la r\u00e9alit\u00e9 virtuelle : pourquoi ne pas investir la coupole d\u2019observation d\u2019\u00e9toiles pour y visualiser les paysages en 2050 ? Prises au jeu, les montagnes sont tour \u00e0 tour pens\u00e9es sur le mode de la continuit\u00e9 (avec une coul\u00e9e verte descendant des aiguilles jusqu\u2019au jardin de l\u2019Obs), du reflet (avec l\u2019int\u00e9gration de l\u2019eau sous toutes ses formes), ou de la contemplation (avec des hamacs et du silence).<br>La diversit\u00e9 des propositions enrichit les illustrations. Les \u00ab <em>jardins de r\u00eave<\/em> \u00bb picorent \u00e0 droite et \u00e0 gauche, l\u2019inventivit\u00e9 prend ses racines dans la pluralit\u00e9 des conceptions. Le tunnel glaciaire cohabite avec les hamacs m\u00e9ditatifs, les maisons dans l\u2019arbre avec les cabanes \u00e0 \u00ab outils scientifiques \u00bb. Pour ce qui est des installations, l\u2019\u00e9quipe anglophone planche sur les Lacets du Belv\u00e9d\u00e8re, avec le projet des \u00ab chemins menant \u00e0 diff\u00e9rents futurs \u00bb : le sentier climato-sceptique d\u00e9bouche sur un cul-de-sac, alors que l\u2019itin\u00e9raire de la prise en compte des changements en cours m\u00e8ne \u00e0 un agr\u00e9able caf\u00e9:<\/p>\n\n\n\n<figure class=\"wp-block-image\"><img loading=\"lazy\" decoding=\"async\" width=\"1000\" height=\"707\" src=\"https:\/\/blog.creamontblanc.org\/wp-content\/uploads\/2019\/07\/TEAM-ANGLO-VF-1000x707.png\" alt=\"\" class=\"wp-image-2204\" srcset=\"https:\/\/blog.creamontblanc.org\/wp-content\/uploads\/2019\/07\/TEAM-ANGLO-VF-1000x707.png 1000w, https:\/\/blog.creamontblanc.org\/wp-content\/uploads\/2019\/07\/TEAM-ANGLO-VF-300x212.png 300w, https:\/\/blog.creamontblanc.org\/wp-content\/uploads\/2019\/07\/TEAM-ANGLO-VF-768x543.png 768w, https:\/\/blog.creamontblanc.org\/wp-content\/uploads\/2019\/07\/TEAM-ANGLO-VF.png 1123w\" sizes=\"auto, (max-width: 1000px) 100vw, 1000px\" \/><\/figure>\n\n\n\n<p>Du c\u00f4t\u00e9 de l\u2019\u00e9quipe francophone, on r\u00eave d\u2019une coul\u00e9e verte reliant la montagne au jardin de l\u2019Obs. Un toboggan glaciaire d\u00e9vale les lacets du Belv\u00e9d\u00e8re, d\u00e9bouchant sur les espaces d\u00e9tente et exp\u00e9rimentation scientifique du jardin de l\u2019Obs:<\/p>\n\n\n\n<figure class=\"wp-block-image\"><img loading=\"lazy\" decoding=\"async\" width=\"1000\" height=\"707\" src=\"https:\/\/blog.creamontblanc.org\/wp-content\/uploads\/2019\/07\/TEAM-FRANCO-VF-1-1000x707.png\" alt=\"\" class=\"wp-image-2225\" srcset=\"https:\/\/blog.creamontblanc.org\/wp-content\/uploads\/2019\/07\/TEAM-FRANCO-VF-1-1000x707.png 1000w, https:\/\/blog.creamontblanc.org\/wp-content\/uploads\/2019\/07\/TEAM-FRANCO-VF-1-300x212.png 300w, https:\/\/blog.creamontblanc.org\/wp-content\/uploads\/2019\/07\/TEAM-FRANCO-VF-1-768x543.png 768w, https:\/\/blog.creamontblanc.org\/wp-content\/uploads\/2019\/07\/TEAM-FRANCO-VF-1.png 1123w\" sizes=\"auto, (max-width: 1000px) 100vw, 1000px\" \/><\/figure>\n\n\n\n<p>Les deux heures d\u2019atelier ont permis de rassembler des participants motiv\u00e9s par la cr\u00e9ation d\u2019un nouveau lieu de vie, tant pour les habitants de la vall\u00e9e que pour la biodiversit\u00e9.<\/p>\n\n\n\n<p>Un r\u00eave collectif \u00e0 suivre \u00e0 partir du 27 septembre \u00e0 l\u2019occasion du Mont-Blanc Lab, qui commencera avec la pr\u00e9sentation des jardins possibles imagin\u00e9s par les citoyens.<\/p>\n\n\n\n<p>Portfolio des artistes: <\/p>\n<p><a href=\"https:\/\/claires-wanderings.myshopify.com\/\">Claire Giordano<\/a>\n<p><a href=\"https:\/\/www.flickr.com\/photos\/davidretratos\/\">David Katzowicz<\/a>\n<p>&nbsp;<\/p>\n<p><a href=\"https:\/\/creamontblanc.org\/fr\/mont-blanc-lab\">Cliquez ici<\/a> pour en savoir plus sur le Mont Blanc Lab 2019<\/p>\n<p>Devenez <a href=\"https:\/\/creamontblanc.org\/sites\/default\/files\/atoms\/files\/mtblanclab2019_partenaires.pdf\">partenaire<\/a> du Mont Blanc Lab<\/p>\n","protected":false},"excerpt":{"rendered":"<p>Les habitants de Chamonix ont r\u00e9pondu \u00e0 notre invitation ce jeudi 4 juillet, devant nos bureaux, pour inventer les futurs du jardin de l\u2019Observatoire. L\u2019objectif : allier cartographie et illustrations dessin\u00e9es pour se projeter dans cet espace vert \u00e0 investir. &hellip; <a href=\"https:\/\/blog.creamontblanc.org?p=2201\">Lire la suite\u00ad\u00ad<\/a><\/p>\n","protected":false},"author":16,"featured_media":2217,"comment_status":"open","ping_status":"open","sticky":false,"template":"","format":"standard","meta":{"_monsterinsights_skip_tracking":false,"_monsterinsights_sitenote_active":false,"_monsterinsights_sitenote_note":"","_monsterinsights_sitenote_category":0,"ngg_post_thumbnail":0,"footnotes":""},"categories":[5],"tags":[12],"class_list":["post-2201","post","type-post","status-publish","format-standard","has-post-thumbnail","hentry","category-vie-association","tag-rencontre"],"aioseo_notices":[],"amp_enabled":true,"_links":{"self":[{"href":"https:\/\/blog.creamontblanc.org\/index.php?rest_route=\/wp\/v2\/posts\/2201","targetHints":{"allow":["GET"]}}],"collection":[{"href":"https:\/\/blog.creamontblanc.org\/index.php?rest_route=\/wp\/v2\/posts"}],"about":[{"href":"https:\/\/blog.creamontblanc.org\/index.php?rest_route=\/wp\/v2\/types\/post"}],"author":[{"embeddable":true,"href":"https:\/\/blog.creamontblanc.org\/index.php?rest_route=\/wp\/v2\/users\/16"}],"replies":[{"embeddable":true,"href":"https:\/\/blog.creamontblanc.org\/index.php?rest_route=%2Fwp%2Fv2%2Fcomments&post=2201"}],"version-history":[{"count":6,"href":"https:\/\/blog.creamontblanc.org\/index.php?rest_route=\/wp\/v2\/posts\/2201\/revisions"}],"predecessor-version":[{"id":2242,"href":"https:\/\/blog.creamontblanc.org\/index.php?rest_route=\/wp\/v2\/posts\/2201\/revisions\/2242"}],"wp:featuredmedia":[{"embeddable":true,"href":"https:\/\/blog.creamontblanc.org\/index.php?rest_route=\/wp\/v2\/media\/2217"}],"wp:attachment":[{"href":"https:\/\/blog.creamontblanc.org\/index.php?rest_route=%2Fwp%2Fv2%2Fmedia&parent=2201"}],"wp:term":[{"taxonomy":"category","embeddable":true,"href":"https:\/\/blog.creamontblanc.org\/index.php?rest_route=%2Fwp%2Fv2%2Fcategories&post=2201"},{"taxonomy":"post_tag","embeddable":true,"href":"https:\/\/blog.creamontblanc.org\/index.php?rest_route=%2Fwp%2Fv2%2Ftags&post=2201"}],"curies":[{"name":"wp","href":"https:\/\/api.w.org\/{rel}","templated":true}]}}