{"id":2050,"date":"2019-06-25T12:58:26","date_gmt":"2019-06-25T11:58:26","guid":{"rendered":"http:\/\/blog.creamontblanc.org?p=2050"},"modified":"2022-12-12T11:41:48","modified_gmt":"2022-12-12T10:41:48","slug":"rejoignez-nous-du-27-au-29-septembre-2019-pour-le-mont-blanc-lab","status":"publish","type":"post","link":"https:\/\/blog.creamontblanc.org?p=2050","title":{"rendered":"Rejoignez-nous du 27 au 29 septembre 2019 pour le Mont-Blanc Lab"},"content":{"rendered":"\n<p>R\u00e9solument cr\u00e9atif et collaboratif, le <a rel=\"noreferrer noopener\" href=\"https:\/\/creamontblanc.org\/fr\/mont-blanc-lab?utm_source=Newsletter&amp;utm_campaign=10ddf1f7b9-NEWSLETTER_AVRIL_2018_COPY_02&amp;utm_medium=email&amp;utm_term=0_6f6b5ec5c9-10ddf1f7b9-&amp;ct=t(NEWSLETTER_AVRIL_2018_COPY_02)\" target=\"_blank\">Mont Blanc Lab<\/a>   est un \u00e9v\u00e8nement rassemblant une myriade de participants\u00a0: chercheurs,   sc\u00e9naristes, illustrateurs, makeurs, bidouilleurs, architectes,   jardiniers, naturalistes, p\u00e9dagogues&#8230;<br>Ils (vous !)\u00a0se rassembleront\u00a0avec une ambition commune <strong>&#8211; la cr\u00e9ation et l&rsquo;innovation pour la biodiversit\u00e9 du Mont-Blanc &#8211; <\/strong>qu&rsquo;ils   concr\u00e9tiseront dans un lieu unique, un jardin exp\u00e9rimental autour  de\u00a0l&rsquo;Observatoire du Mont-Blanc. Venez repenser avec nous\u00a0ce lieu  embl\u00e9matique\u00a0de la science \u00e0 Chamonix !\u00a0<\/p>\n\n\n\n<figure class=\"wp-block-image\"><img loading=\"lazy\" decoding=\"async\" width=\"922\" height=\"518\" src=\"https:\/\/blog.creamontblanc.org\/wp-content\/uploads\/2019\/06\/unnamed-1.png\" alt=\"\" class=\"wp-image-2057\" srcset=\"https:\/\/blog.creamontblanc.org\/wp-content\/uploads\/2019\/06\/unnamed-1.png 922w, https:\/\/blog.creamontblanc.org\/wp-content\/uploads\/2019\/06\/unnamed-1-300x169.png 300w, https:\/\/blog.creamontblanc.org\/wp-content\/uploads\/2019\/06\/unnamed-1-768x431.png 768w\" sizes=\"auto, (max-width: 922px) 100vw, 922px\" \/><\/figure>\n\n\n\n<p>Du  27 au 29 septembre, les participants viendront crapahuter entre le  \nmassif du Mont-Blanc et le jardin de l\u2019Observatoire du Mont-Blanc \u00e0  \nChamonix.<\/p>\n\n\n\n<p> Une fois form\u00e9s en \u00e9quipe, <strong>votre mission sera d&rsquo;imaginer ensemble&nbsp;le nouveau jardin de l&rsquo;Observatoire du Mont-Blanc <\/strong>:\n  un lieu ouvert de transmission sur l&rsquo;\u00e9tude de la nature en \nmontagne,&nbsp;un  jardin participatif pour les habitants, un camp de \nbase&nbsp;pour les chercheurs du monde entier.<\/p>\n\n\n\n<p> Le th\u00e8me de l\u2019\u00e9dition 2019 &#8211;<strong>&nbsp;Transmettre \u00e0 travers l\u2019espace et le temps<\/strong>&nbsp;&#8211;\n  mettra en r\u00e9sonance deux espaces cl\u00e9s, terrains quotidiens de la  \nrecherche en \u00e9cologie : l\u2019espace ouvert du Mont-Blanc dans toute sa  \ngrandeur et son \u00e9tendue, et l\u2019espace clos du jardin de l\u2019Observatoire.<\/p>\n\n\n\n<p>  Pour titiller votre inspiration, nous vous concoctons une immersion  scientifique en altitude avec nuit en refuge, des  interventions  d&rsquo;experts et l&rsquo;acc\u00e8s \u00e0 un guichet des savoirs, riche en  technologies et  en ressources, pour r\u00e9aliser toutes leurs id\u00e9es.\u00a0<strong>Chaque \u00e9quipe d\u00e9veloppera un prototype illustrant son concept de jardin<\/strong>, qu&rsquo;elle pr\u00e9sentera le dernier jour du Lab aux habitants de Chamonix !<\/p>\n\n\n\n<p><strong>Motiv\u00e9(e) pour rejoindre l\u2019aventure&nbsp;au sein d\u2019une \u00e9quipe, comme facilitateur, b\u00e9n\u00e9vole pour l&rsquo;organisation ou partenaire ?&nbsp;<\/strong>Rendez-vous sur le site du CREA Mont-Blanc pour remplir&nbsp;<a rel=\"noreferrer noopener\" href=\"https:\/\/creamontblanc.org\/fr\/mont-blanc-lab-participez?utm_source=Newsletter&amp;utm_campaign=70484b8970-NEWSLETTER_AVRIL_2018_COPY_01&amp;utm_medium=email&amp;utm_term=0_6f6b5ec5c9-70484b8970-&amp;ct=t(NEWSLETTER_AVRIL_2018_COPY_01)&amp;utm_source=Newsletter&amp;utm_campaign=10ddf1f7b9-NEWSLETTER_AVRIL_2018_COPY_02&amp;utm_medium=email&amp;utm_term=0_6f6b5ec5c9-10ddf1f7b9-&amp;ct=t(NEWSLETTER_AVRIL_2018_COPY_02)\" target=\"_blank\">ce formulaire<\/a>&nbsp;en ligne d\u00e8s maintenant.<\/p>\n\n\n\n<p> Pour <strong>faire partie d&rsquo;une \u00e9quipe<\/strong>,\n  vous devez vous identifier \u00e0 au moins l&rsquo;un des six profils&nbsp;: les  \n\u00e9leveurs, les transmetteurs, les constructeurs, les imageurs, les  \nam\u00e9nageurs et les raconteurs. Vous trouverez un d\u00e9tail des profils dans&nbsp;<a rel=\"noreferrer noopener\" href=\"https:\/\/creamontblanc.org\/sites\/default\/files\/atoms\/files\/mont_blanc_lab_2019_-participants_ia.pdf?utm_source=Newsletter&amp;utm_campaign=70484b8970-NEWSLETTER_AVRIL_2018_COPY_01&amp;utm_medium=email&amp;utm_term=0_6f6b5ec5c9-70484b8970-&amp;ct=t(NEWSLETTER_AVRIL_2018_COPY_01)&amp;utm_source=Newsletter&amp;utm_campaign=10ddf1f7b9-NEWSLETTER_AVRIL_2018_COPY_02&amp;utm_medium=email&amp;utm_term=0_6f6b5ec5c9-10ddf1f7b9-&amp;ct=t(NEWSLETTER_AVRIL_2018_COPY_02)\" target=\"_blank\">cette brochure<\/a>.<\/p>\n\n\n\n<p>\n Les places \u00e9tant limit\u00e9es, nous s\u00e9lectionnerons les participants les  \nplus motiv\u00e9s, en veillant \u00e0 construire un \u00e9quilibre entre les profils.<\/p>\n\n\n\n<p><strong>Inscrivez-vous avant le 10 juillet <\/strong>et recevez une r\u00e9ponse du CREA Mont-Blanc au plus tard le 15 juillet.<\/p>\n\n\n\n<p> Vous ne vous reconnaissez dans aucun profil, mais souhaitez <strong>participer activement \u00e0 cette folle exp\u00e9rience de marathon cr\u00e9atif&nbsp;<\/strong>?<br> Facilitez le travail d&rsquo;une \u00e9quipe ou aidez-nous \u00e0 l&rsquo;organisation !<br> Inscription&nbsp;<a rel=\"noreferrer noopener\" href=\"https:\/\/creamontblanc.org\/fr\/mont-blanc-lab-participez?utm_source=Newsletter&amp;utm_campaign=70484b8970-NEWSLETTER_AVRIL_2018_COPY_01&amp;utm_medium=email&amp;utm_term=0_6f6b5ec5c9-70484b8970-&amp;ct=t(NEWSLETTER_AVRIL_2018_COPY_01)&amp;utm_source=Newsletter&amp;utm_campaign=10ddf1f7b9-NEWSLETTER_AVRIL_2018_COPY_02&amp;utm_medium=email&amp;utm_term=0_6f6b5ec5c9-10ddf1f7b9-&amp;ct=t(NEWSLETTER_AVRIL_2018_COPY_02)\" target=\"_blank\">sur ce formulaire \u00e9galement<\/a><\/p>\n\n\n\n<p> N&rsquo;h\u00e9sitez pas \u00e0 diffuser autour de vous.<\/p>\n\n\n\n<p><strong>Contacts&nbsp;&nbsp;<\/strong><br> Conception et Animation&nbsp;:&nbsp;<a rel=\"noreferrer noopener\" href=\"mailto:cbonnetligeon@creamontblanc.org\" target=\"_blank\">C\u00e9lia Bonnet-Ligeon<\/a><br> Organisation et Partenariats&nbsp;:&nbsp;<a rel=\"noreferrer noopener\" href=\"mailto:maniere@creamontblanc.org\" target=\"_blank\">Marie Ani\u00e8re-Martinez<\/a><\/p>\n","protected":false},"excerpt":{"rendered":"<p>R\u00e9solument cr\u00e9atif et collaboratif, le Mont Blanc Lab est un \u00e9v\u00e8nement rassemblant une myriade de participants\u00a0: chercheurs, sc\u00e9naristes, illustrateurs, makeurs, bidouilleurs, architectes, jardiniers, naturalistes, p\u00e9dagogues&#8230;Ils (vous !)\u00a0se rassembleront\u00a0avec une ambition commune &#8211; la cr\u00e9ation et l&rsquo;innovation pour la biodiversit\u00e9 du &hellip; <a href=\"https:\/\/blog.creamontblanc.org?p=2050\">Lire la suite\u00ad\u00ad<\/a><\/p>\n","protected":false},"author":15,"featured_media":2057,"comment_status":"open","ping_status":"open","sticky":false,"template":"","format":"standard","meta":{"_monsterinsights_skip_tracking":false,"_monsterinsights_sitenote_active":false,"_monsterinsights_sitenote_note":"","_monsterinsights_sitenote_category":0,"ngg_post_thumbnail":0,"footnotes":""},"categories":[258],"tags":[44,214,12],"class_list":["post-2050","post","type-post","status-publish","format-standard","has-post-thumbnail","hentry","category-actus-passees","tag-benevolat","tag-mont-blanc-lab","tag-rencontre"],"aioseo_notices":[],"amp_enabled":true,"_links":{"self":[{"href":"https:\/\/blog.creamontblanc.org\/index.php?rest_route=\/wp\/v2\/posts\/2050","targetHints":{"allow":["GET"]}}],"collection":[{"href":"https:\/\/blog.creamontblanc.org\/index.php?rest_route=\/wp\/v2\/posts"}],"about":[{"href":"https:\/\/blog.creamontblanc.org\/index.php?rest_route=\/wp\/v2\/types\/post"}],"author":[{"embeddable":true,"href":"https:\/\/blog.creamontblanc.org\/index.php?rest_route=\/wp\/v2\/users\/15"}],"replies":[{"embeddable":true,"href":"https:\/\/blog.creamontblanc.org\/index.php?rest_route=%2Fwp%2Fv2%2Fcomments&post=2050"}],"version-history":[{"count":2,"href":"https:\/\/blog.creamontblanc.org\/index.php?rest_route=\/wp\/v2\/posts\/2050\/revisions"}],"predecessor-version":[{"id":2059,"href":"https:\/\/blog.creamontblanc.org\/index.php?rest_route=\/wp\/v2\/posts\/2050\/revisions\/2059"}],"wp:featuredmedia":[{"embeddable":true,"href":"https:\/\/blog.creamontblanc.org\/index.php?rest_route=\/wp\/v2\/media\/2057"}],"wp:attachment":[{"href":"https:\/\/blog.creamontblanc.org\/index.php?rest_route=%2Fwp%2Fv2%2Fmedia&parent=2050"}],"wp:term":[{"taxonomy":"category","embeddable":true,"href":"https:\/\/blog.creamontblanc.org\/index.php?rest_route=%2Fwp%2Fv2%2Fcategories&post=2050"},{"taxonomy":"post_tag","embeddable":true,"href":"https:\/\/blog.creamontblanc.org\/index.php?rest_route=%2Fwp%2Fv2%2Ftags&post=2050"}],"curies":[{"name":"wp","href":"https:\/\/api.w.org\/{rel}","templated":true}]}}