{"id":201,"date":"2016-06-29T12:13:19","date_gmt":"2016-06-29T11:13:19","guid":{"rendered":"http:\/\/blog.creamontblanc.org\/?p=201"},"modified":"2022-11-09T16:26:02","modified_gmt":"2022-11-09T15:26:02","slug":"des-fleurs-en-hiver","status":"publish","type":"post","link":"https:\/\/blog.creamontblanc.org?p=201","title":{"rendered":"Des fleurs en hiver"},"content":{"rendered":"<p><strong>La fin d\u2019ann\u00e9e 2015 a \u00e9t\u00e9 tr\u00e8s douce et certaines esp\u00e8ces v\u00e9g\u00e9tales ont fleuri tr\u00e8s t\u00f4t en automne ou en hiver. Isabelle Chuine, chercheure sp\u00e9cialiste en ph\u00e9nologie des esp\u00e8ces arbor\u00e9es, apporte son \u00e9clairage en trois questions.<\/strong><\/p>\n<figure id=\"attachment_226\" class=\"thumbnail wp-caption aligncenter\" style=\"width: 1000px\"><a href=\"http:\/\/blog.creamontblanc.org\/des-fleurs-en-hiver\/fleur_amandier_neige_flikr_rafel_miro\/\" rel=\"attachment wp-att-226\"><img loading=\"lazy\" decoding=\"async\" class=\"size-full wp-image-226\" src=\"http:\/\/blog.creamontblanc.org\/wp-content\/uploads\/2016\/06\/fleur_amandier_neige_flikr_Rafel_Miro.jpg\" alt=\"Amandier en fleur, sous la neige \u00a9 Rafel Miro via flikr \" width=\"1000\" height=\"500\" srcset=\"https:\/\/blog.creamontblanc.org\/wp-content\/uploads\/2016\/06\/fleur_amandier_neige_flikr_Rafel_Miro.jpg 1000w, https:\/\/blog.creamontblanc.org\/wp-content\/uploads\/2016\/06\/fleur_amandier_neige_flikr_Rafel_Miro-300x150.jpg 300w, https:\/\/blog.creamontblanc.org\/wp-content\/uploads\/2016\/06\/fleur_amandier_neige_flikr_Rafel_Miro-768x384.jpg 768w\" sizes=\"auto, (max-width: 1000px) 100vw, 1000px\" \/><\/a><figcaption class=\"caption wp-caption-text\"><em>Amandier en fleur, sous la neige \u00a9<a href=\"https:\/\/www.flickr.com\/photos\/rafelmiro\/\" target=\"_blank\" rel=\"noopener\"> Rafel Miro<\/a><\/em><\/figcaption><\/figure>\n<p><!--more--><\/p>\n<p><strong>Pourquoi certaines plantes ont inhabituellement fleuri pendant l\u2019hiver ?<\/strong><\/p>\n<p>Au d\u00e9but du mois d\u2019octobre, nous avons connu une petite vague de froid qui a dur\u00e9 huit jours, suivie de temp\u00e9ratures extr\u00eamement douces. Cet \u00e9pisode a envoy\u00e9 \u00e0 certains v\u00e9g\u00e9taux le signal que l\u2019hiver \u00e9tait pass\u00e9. Les esp\u00e8ces dont les besoins en froid sont les plus faibles ont alors lev\u00e9 leur dormance et la croissance cellulaire a d\u00e9but\u00e9.<\/p>\n<p><strong>Quelle sont les cons\u00e9quences d\u2019une floraison pr\u00e9coce ?<\/strong><\/p>\n<p>Une floraison trop pr\u00e9coce peut \u00eatre fatale pour la reproduction des plantes (pas de production de graines ou de fruits). L\u2019absence ou la pr\u00e9sence de trop peu d\u2019individus pollinisateurs en hiver diminue les chances de f\u00e9condation. Le gel est un autre risque d\u2019avortement pour les fleurs qui auraient \u00e9t\u00e9 f\u00e9cond\u00e9es en hiver.<\/p>\n<figure id=\"attachment_227\" class=\"thumbnail wp-caption aligncenter\" style=\"width: 1000px\"><a href=\"http:\/\/blog.creamontblanc.org\/des-fleurs-en-hiver\/noisetier_floraison_neige\/\" rel=\"attachment wp-att-227\"><img loading=\"lazy\" decoding=\"async\" class=\"size-full wp-image-227\" src=\"http:\/\/blog.creamontblanc.org\/wp-content\/uploads\/2016\/06\/noisetier_floraison_neige.jpg\" alt=\"Fleurs de noisetiers sous la neige \u00a9 CREA Mont-Blanc\" width=\"1000\" height=\"500\" srcset=\"https:\/\/blog.creamontblanc.org\/wp-content\/uploads\/2016\/06\/noisetier_floraison_neige.jpg 1000w, https:\/\/blog.creamontblanc.org\/wp-content\/uploads\/2016\/06\/noisetier_floraison_neige-300x150.jpg 300w, https:\/\/blog.creamontblanc.org\/wp-content\/uploads\/2016\/06\/noisetier_floraison_neige-768x384.jpg 768w\" sizes=\"auto, (max-width: 1000px) 100vw, 1000px\" \/><\/a><figcaption class=\"caption wp-caption-text\"><em>Fleurs de noisetiers Ph\u00e9noclim sous la neige \u00a9 CREA Mont-Blanc<\/em><\/figcaption><\/figure>\n<p><strong>Pourquoi observe-t-on ce ph\u00e9nom\u00e8ne chez certaines esp\u00e8ces et pas d\u2019autres ?<\/strong><\/p>\n<p>Nous observons moins de r\u00e9action au niveau de la ph\u00e9nologie du m\u00e9l\u00e8ze par rapport \u00e0 celle du noisetier. Des besoins en froid diff\u00e9rents selon les esp\u00e8ces pourraient en \u00eatre la cause. \u00c0 la fin de l\u2019\u00e9t\u00e9, l\u2019arbre rentre doucement en dormance, un ph\u00e9nom\u00e8ne qui correspond \u00e0 un ralentissement de l\u2019activit\u00e9 m\u00e9tabolique. \u00catre en dormance permet \u00e0 l\u2019arbre de r\u00e9sister aux gels hivernaux. Pour lever sa dormance et red\u00e9marrer son activit\u00e9 m\u00e9tabolique, l\u2019arbre a besoin d\u2019accumuler une certaine quantit\u00e9 de froid durant l\u2019hiver. Une fois cette quantit\u00e9 de froid re\u00e7ue, l\u2019augmentation des temp\u00e9ratures permet \u00e0 l\u2019arbre de fleurir et d\u00e9bourrer.<\/p>\n<p>La petite vague de froid en octobre a peut-\u00eatre suffi pour certains noisetiers \u00e0 lever leur dormance, mais le m\u00e9l\u00e8ze une esp\u00e8ce plus tardive a probablement besoin d\u2019une quantit\u00e9 de froid plus importante.<\/p>\n<p>En France, l\u2019ODS a signal\u00e9 d\u2019autres esp\u00e8ces qui ont fleuri en automne ; le lilas, le narcisse, le fr\u00eane (pas observ\u00e9 dans le r\u00e9seau Ph\u00e9noclim), ou encore l\u2019amandier.<\/p>\n<p>&nbsp;<\/p>\n<p>R\u00e9daction : Isabelle Chuine et Daphn\u00e9 Asse<\/p>\n<p>&nbsp;<\/p>\n<p><strong>Pour en savoir plus<\/strong><\/p>\n<p>L&rsquo;article <a href=\"http:\/\/blog.creamontblanc.org\/2016-impact-dun-printemps-precoce\/\" target=\"_blank\" rel=\"noopener\">2016 : impact d&rsquo;un printemps pr\u00e9coce<\/a>, et l&rsquo;exemple du noisetier<br \/>\nLe site Internet du <a href=\"http:\/\/www.cefe.cnrs.fr\/fr\/\" target=\"_blank\" rel=\"noopener\">Centre d\u2019\u00c9cologie Fonctionnelle et \u00c9volutive<\/a> (CEFE-CNRS) \u00e0 Montpellier et de l\u2019<a href=\"http:\/\/www.obs-saisons.fr\/\" target=\"_blank\" rel=\"noopener\">Observatoire Des Saisons<\/a> (ODS)<br \/>\nLa <a href=\"http:\/\/www.obs-saisons.fr\/sites\/default\/files\/Lettre de Printemps ODS Mai 2016_0.pdf\" target=\"_blank\" rel=\"noopener\">Lettre de printemps de mai 2016<\/a> de l\u2019ODS dont est tir\u00e9e la premi\u00e8re question de ce billet<\/p>\n","protected":false},"excerpt":{"rendered":"<p>La fin d\u2019ann\u00e9e 2015 a \u00e9t\u00e9 tr\u00e8s douce et certaines esp\u00e8ces v\u00e9g\u00e9tales ont fleuri tr\u00e8s t\u00f4t en automne ou en hiver. Isabelle Chuine, chercheure sp\u00e9cialiste en ph\u00e9nologie des esp\u00e8ces arbor\u00e9es, apporte son \u00e9clairage en trois questions.<\/p>\n","protected":false},"author":5,"featured_media":226,"comment_status":"open","ping_status":"open","sticky":false,"template":"","format":"standard","meta":{"_monsterinsights_skip_tracking":false,"_monsterinsights_sitenote_active":false,"_monsterinsights_sitenote_note":"","_monsterinsights_sitenote_category":0,"ngg_post_thumbnail":0,"footnotes":""},"categories":[194],"tags":[35],"class_list":["post-201","post","type-post","status-publish","format-standard","has-post-thumbnail","hentry","category-la-recherche","tag-phenologie"],"aioseo_notices":[],"amp_enabled":true,"_links":{"self":[{"href":"https:\/\/blog.creamontblanc.org\/index.php?rest_route=\/wp\/v2\/posts\/201","targetHints":{"allow":["GET"]}}],"collection":[{"href":"https:\/\/blog.creamontblanc.org\/index.php?rest_route=\/wp\/v2\/posts"}],"about":[{"href":"https:\/\/blog.creamontblanc.org\/index.php?rest_route=\/wp\/v2\/types\/post"}],"author":[{"embeddable":true,"href":"https:\/\/blog.creamontblanc.org\/index.php?rest_route=\/wp\/v2\/users\/5"}],"replies":[{"embeddable":true,"href":"https:\/\/blog.creamontblanc.org\/index.php?rest_route=%2Fwp%2Fv2%2Fcomments&post=201"}],"version-history":[{"count":8,"href":"https:\/\/blog.creamontblanc.org\/index.php?rest_route=\/wp\/v2\/posts\/201\/revisions"}],"predecessor-version":[{"id":3824,"href":"https:\/\/blog.creamontblanc.org\/index.php?rest_route=\/wp\/v2\/posts\/201\/revisions\/3824"}],"wp:featuredmedia":[{"embeddable":true,"href":"https:\/\/blog.creamontblanc.org\/index.php?rest_route=\/wp\/v2\/media\/226"}],"wp:attachment":[{"href":"https:\/\/blog.creamontblanc.org\/index.php?rest_route=%2Fwp%2Fv2%2Fmedia&parent=201"}],"wp:term":[{"taxonomy":"category","embeddable":true,"href":"https:\/\/blog.creamontblanc.org\/index.php?rest_route=%2Fwp%2Fv2%2Fcategories&post=201"},{"taxonomy":"post_tag","embeddable":true,"href":"https:\/\/blog.creamontblanc.org\/index.php?rest_route=%2Fwp%2Fv2%2Ftags&post=201"}],"curies":[{"name":"wp","href":"https:\/\/api.w.org\/{rel}","templated":true}]}}