{"id":199,"date":"2016-06-29T11:33:53","date_gmt":"2016-06-29T10:33:53","guid":{"rendered":"http:\/\/blog.creamontblanc.org\/?p=199"},"modified":"2022-11-09T16:32:27","modified_gmt":"2022-11-09T15:32:27","slug":"2016-impact-dun-printemps-precoce","status":"publish","type":"post","link":"https:\/\/blog.creamontblanc.org?p=199","title":{"rendered":"2016 : impact d&rsquo;un printemps pr\u00e9coce"},"content":{"rendered":"<p><strong>Partout en France et notamment dans les Alpes du Nord, l\u2019automne et l\u2019hiver ont \u00e9t\u00e9 tr\u00e8s doux. Certaines esp\u00e8ces de plantes ont fleuri beaucoup plus t\u00f4t qu\u2019\u00e0 l\u2019accoutum\u00e9e. Analyse scientifique du ph\u00e9nom\u00e8ne.<\/strong><\/p>\n<figure id=\"attachment_223\" class=\"thumbnail wp-caption aligncenter\" style=\"width: 1000px\"><a href=\"http:\/\/blog.creamontblanc.org\/2016-impact-dun-printemps-precoce\/noisetier_floraison_neige2\/\" rel=\"attachment wp-att-223\"><img loading=\"lazy\" decoding=\"async\" class=\"size-full wp-image-223\" src=\"http:\/\/blog.creamontblanc.org\/wp-content\/uploads\/2016\/06\/noisetier_floraison_neige2.jpg\" alt=\"Fleur de noisetier sous la neige \u00a9 CREA Mont-Blanc\" width=\"1000\" height=\"500\" srcset=\"https:\/\/blog.creamontblanc.org\/wp-content\/uploads\/2016\/06\/noisetier_floraison_neige2.jpg 1000w, https:\/\/blog.creamontblanc.org\/wp-content\/uploads\/2016\/06\/noisetier_floraison_neige2-300x150.jpg 300w, https:\/\/blog.creamontblanc.org\/wp-content\/uploads\/2016\/06\/noisetier_floraison_neige2-768x384.jpg 768w\" sizes=\"auto, (max-width: 1000px) 100vw, 1000px\" \/><\/a><figcaption class=\"caption wp-caption-text\"><em>Fleur de noisetier sous la neige \u00a9 CREA Mont-Blanc<\/em><\/figcaption><\/figure>\n<p><!--more--><\/p>\n<p>La fin d\u2019ann\u00e9e 2015 ne sera pas pass\u00e9e inaper\u00e7ue. L\u2019automne a \u00e9t\u00e9 tr\u00e8s doux, tout comme l\u2019hiver, avec un mois de d\u00e9cembre in\u00e9dit \u00e9levant la temp\u00e9rature moyenne mensuelle \u00e0 4.8\u00b0C au-dessus de la normale (<a href=\"http:\/\/www.mdp73.fr\/index.php?option=com_content&amp;task=view&amp;id=89&amp;Itemid=37\" target=\"_blank\" rel=\"noopener\">bilan de l&rsquo;Observatoire du changement climatique<\/a>). Nombreux sont ceux qui ont observ\u00e9, partout en France, des floraisons inattendues chez certaines esp\u00e8ces, en automne et en hiver. Dans le r\u00e9seau Ph\u00e9noclim, certains observateurs ont pu noter ces floraisons tr\u00e8s pr\u00e9coces chez les individus qu\u2019ils suivent et nous permettent aujourd\u2019hui d\u2019analyser l\u2019impact des conditions de temp\u00e9rature sur la flore.<\/p>\n<p>&nbsp;<\/p>\n<p><strong>Regard scientifique sur le ph\u00e9nom\u00e8ne<\/strong><\/p>\n<p>La ph\u00e9nologie s\u2019int\u00e9resse aux \u00e9v\u00e9nements saisonniers de la faune et de la flore. Gr\u00e2ce aux observations des b\u00e9n\u00e9voles Ph\u00e9noclim, nous pouvons \u00e9valuer si les conditions climatiques exceptionnelles de l\u2019ann\u00e9e ont r\u00e9ellement impact\u00e9 les \u00eatres vivants. Les \u00e9v\u00e8nements printaniers ont-ils \u00e9t\u00e9 aussi pr\u00e9coces que notre ressenti nous le laisse imaginer ?<\/p>\n<p>&nbsp;<\/p>\n<p><strong>La floraison du noisetier comme t\u00e9moin<\/strong><\/p>\n<figure id=\"attachment_204\" class=\"thumbnail wp-caption alignright\" style=\"width: 300px\"><a href=\"http:\/\/blog.creamontblanc.org\/2016-impact-dun-printemps-precoce\/figure_floraison_noisetier_printemps_2016\/\" rel=\"attachment wp-att-204\"><img loading=\"lazy\" decoding=\"async\" class=\"wp-image-204 size-medium\" src=\"http:\/\/blog.creamontblanc.org\/wp-content\/uploads\/2016\/06\/figure_floraison_noisetier_printemps_2016-300x272.jpg\" alt=\"dates de floraison chez le noisetier depuis 10 ans \" width=\"300\" height=\"272\" \/><\/a><figcaption class=\"caption wp-caption-text\"><em>Dates de floraison chez le noisetier depuis 10 ans \u00a9 D.Asse<br \/><\/em><\/figcaption><\/figure>\n<p>Cette ann\u00e9e, certains noisetiers ont fleuri d\u00e8s la fin 2015, des observations qui n\u2019avaient encore jamais \u00e9t\u00e9 enregistr\u00e9es depuis le d\u00e9but du programme Ph\u00e9noclim en 2004. La floraison d\u2019un individu a \u00e9t\u00e9 not\u00e9e le 4 novembre \u00e0 Taninges (74) \u00e0 1450 m\u00e8tres, et une autre le 18 d\u00e9cembre \u00e0 Ayn (73) \u00e0 530 m\u00e8tres. Ces donn\u00e9es extr\u00eames sont repr\u00e9sent\u00e9es en rouge sur le graphique ci-contre.<\/p>\n<p>La floraison est le stade qui a le plus r\u00e9agi aux conditions de temp\u00e9rature de cet hiver. Sur le graphique, on voit qu&rsquo;en comparant la moyenne des observations (ligne noire) de cette ann\u00e9e \u00e0 celles des ann\u00e9es pr\u00e9c\u00e9dentes, 2016 fait partie des plus pr\u00e9coces, comparable \u00e0 l\u2019ann\u00e9e 2008, qui \u00e9tait elle-aussi une ann\u00e9e exceptionnelle.<\/p>\n<p>Le stade de d\u00e9bourrement quant-\u00e0-lui se situe plut\u00f4t dans la moyenne, autant chez le noisetier qui naturellement fleuri t\u00f4t, que chez d\u2019autres esp\u00e8ces comme le m\u00e9l\u00e8ze, plus tardif.<\/p>\n<p>&nbsp;<\/p>\n<p><strong>Observez la v\u00e9g\u00e9tation et contribuez \u00e0 la recherche<\/strong><\/p>\n<p>Ph\u00e9noclim est un programme de sciences participatives qui incite les citoyens \u00e0 mesurer l\u2019impact du changement climatique sur la faune et la flore en montagne. En 2015, au total 1800 observations nous ont \u00e9t\u00e9 communiqu\u00e9es sur 89 sites diff\u00e9rents \u00e0 travers les Alpes. Depuis le d\u00e9but de l\u2019ann\u00e9e 2016, 404 observations nous sont d\u00e9j\u00e0 parvenues de 46 sites et les ph\u00e9noclimeurs continuent de nous envoyer leurs donn\u00e9es. Il nous faut un grand nombre d\u2019observations pour faire des analyses fiables et de d\u00e9gager des tendances sur l\u2019\u00e9volution de nos paysages dans un contexte de changement climatique.<\/p>\n<p>Vous pouvez contribuer en rejoignant les participants du programme Ph\u00e9noclim et en observant vous-aussi les stades de d\u00e9veloppement des esp\u00e8ces communes qui vous entourent.<\/p>\n<p>&nbsp;<\/p>\n<p>R\u00e9daction : Daphn\u00e9 Asse<\/p>\n<p>&nbsp;<\/p>\n<p><strong>Pour en savoir plus<\/strong><\/p>\n<p>L\u2019article <a href=\"http:\/\/blog.creamontblanc.org\/des-fleurs-en-hiver\/\">Des fleurs en hiver<\/a>. \u00c9clairage de chercheur en trois questions, par Isabelle Chuine et Daphn\u00e9 Asse<br \/>\nLe site du programme des sciences participatives <a href=\"http:\/\/phenoclim.org\" target=\"_blank\" rel=\"noopener\">Ph\u00e9noclim<\/a><\/p>\n<p><strong>Pour aller plus loin<\/strong><\/p>\n<p>Les bilans climatiques approfondis de l\u2019<a href=\"http:\/\/www.mdp73.fr\/index.php?option=com_content&amp;task=view&amp;id=89&amp;Itemid=37\" target=\"_blank\" rel=\"noopener\">Observatoire savoyard du Changement Climatique<\/a> dans les Alpes du Nord<\/p>\n","protected":false},"excerpt":{"rendered":"<p>Partout en France et notamment dans les Alpes du Nord, l\u2019automne et l\u2019hiver ont \u00e9t\u00e9 tr\u00e8s doux. Certaines esp\u00e8ces de plantes ont fleuri beaucoup plus t\u00f4t qu\u2019\u00e0 l\u2019accoutum\u00e9e. Analyse scientifique du ph\u00e9nom\u00e8ne.<\/p>\n","protected":false},"author":5,"featured_media":223,"comment_status":"open","ping_status":"open","sticky":false,"template":"","format":"standard","meta":{"_monsterinsights_skip_tracking":false,"_monsterinsights_sitenote_active":false,"_monsterinsights_sitenote_note":"","_monsterinsights_sitenote_category":0,"ngg_post_thumbnail":0,"footnotes":""},"categories":[31],"tags":[46,35],"class_list":["post-199","post","type-post","status-publish","format-standard","has-post-thumbnail","hentry","category-sciences-participatives","tag-phenoclim","tag-phenologie"],"aioseo_notices":[],"amp_enabled":true,"_links":{"self":[{"href":"https:\/\/blog.creamontblanc.org\/index.php?rest_route=\/wp\/v2\/posts\/199","targetHints":{"allow":["GET"]}}],"collection":[{"href":"https:\/\/blog.creamontblanc.org\/index.php?rest_route=\/wp\/v2\/posts"}],"about":[{"href":"https:\/\/blog.creamontblanc.org\/index.php?rest_route=\/wp\/v2\/types\/post"}],"author":[{"embeddable":true,"href":"https:\/\/blog.creamontblanc.org\/index.php?rest_route=\/wp\/v2\/users\/5"}],"replies":[{"embeddable":true,"href":"https:\/\/blog.creamontblanc.org\/index.php?rest_route=%2Fwp%2Fv2%2Fcomments&post=199"}],"version-history":[{"count":12,"href":"https:\/\/blog.creamontblanc.org\/index.php?rest_route=\/wp\/v2\/posts\/199\/revisions"}],"predecessor-version":[{"id":3825,"href":"https:\/\/blog.creamontblanc.org\/index.php?rest_route=\/wp\/v2\/posts\/199\/revisions\/3825"}],"wp:featuredmedia":[{"embeddable":true,"href":"https:\/\/blog.creamontblanc.org\/index.php?rest_route=\/wp\/v2\/media\/223"}],"wp:attachment":[{"href":"https:\/\/blog.creamontblanc.org\/index.php?rest_route=%2Fwp%2Fv2%2Fmedia&parent=199"}],"wp:term":[{"taxonomy":"category","embeddable":true,"href":"https:\/\/blog.creamontblanc.org\/index.php?rest_route=%2Fwp%2Fv2%2Fcategories&post=199"},{"taxonomy":"post_tag","embeddable":true,"href":"https:\/\/blog.creamontblanc.org\/index.php?rest_route=%2Fwp%2Fv2%2Ftags&post=199"}],"curies":[{"name":"wp","href":"https:\/\/api.w.org\/{rel}","templated":true}]}}