{"id":186,"date":"2016-06-20T21:10:54","date_gmt":"2016-06-20T20:10:54","guid":{"rendered":"http:\/\/blog.creamontblanc.org\/?p=186"},"modified":"2022-11-08T17:25:12","modified_gmt":"2022-11-08T16:25:12","slug":"journal-decovolontaire-1-nemo","status":"publish","type":"post","link":"https:\/\/blog.creamontblanc.org?p=186","title":{"rendered":"[T\u00e9moignage de volontaire] #1 Nemo"},"content":{"rendered":"<p><strong>Pour Nemo, les sciences de l&rsquo;environnement sont des th\u00e9matiques famili\u00e8res. Cependant, son s\u00e9jour d&rsquo;\u00e9covolontariat aux c\u00f4t\u00e9s des chercheurs du CREA Mont-Blanc a \u00e9t\u00e9 riche en \u00e9motions. Elle nous fait part de son exp\u00e9rience pendant les S\u00e9jours Sciences.<\/strong><\/p>\n<p><!--more--><\/p>\n<figure id=\"attachment_191\" class=\"thumbnail wp-caption aligncenter\" style=\"width: 1000px\"><a href=\"http:\/\/blog.creamontblanc.org\/journal-decovolontaire-1-nemo\/img_4935_1000px\/\" rel=\"attachment wp-att-191\"><img loading=\"lazy\" decoding=\"async\" class=\"size-full wp-image-191\" src=\"http:\/\/blog.creamontblanc.org\/wp-content\/uploads\/2016\/06\/IMG_4935_1000px.jpg\" alt=\"Retour au refuge pour les \u00e9covolontaires apr\u00e8s une journ\u00e9e d'observations scientifiques pr\u00e8s de Loriaz, Massif du Mont-Blanc \u00a9 IAlvarez\" width=\"1000\" height=\"563\" srcset=\"https:\/\/blog.creamontblanc.org\/wp-content\/uploads\/2016\/06\/IMG_4935_1000px.jpg 1000w, https:\/\/blog.creamontblanc.org\/wp-content\/uploads\/2016\/06\/IMG_4935_1000px-300x169.jpg 300w, https:\/\/blog.creamontblanc.org\/wp-content\/uploads\/2016\/06\/IMG_4935_1000px-768x432.jpg 768w\" sizes=\"auto, (max-width: 1000px) 100vw, 1000px\" \/><\/a><figcaption class=\"caption wp-caption-text\"><em>D\u00e9part \u00e0 l&rsquo;aube du refuge de Loriaz pour rejoindre un point d&rsquo;\u00e9coute oiseaux, Massif du Mont-Blanc \u00a9 IAlvarez<\/em><\/figcaption><\/figure>\n<p>&nbsp;<\/p>\n<p>\u00ab\u00a0On croit savoir beaucoup sur le r\u00e9chauffement climatique, surtout quand, comme moi, on y a consacr\u00e9 une partie de ses \u00e9tudes, qu\u2019on a constat\u00e9 ses effets les plus visibles ici ou de l\u2019autre c\u00f4t\u00e9 du monde, et qu\u2019on essaye de s\u2019engager pour le climat au jour le jour.<\/p>\n<p>Et puis un jour gr\u00e2ce au CREA Mont-Blanc, on vit ce moment incroyablement \u00e9mouvant o\u00f9 les effets du r\u00e9chauffement climatique s\u2019incarnent dans une prot\u00e9e de m\u00e9sanges nouveau-n\u00e9es compt\u00e9es au creux d\u2019une main. Une journ\u00e9e de collecte de donn\u00e9es sur le terrain au service d\u2019une \u00e9tude ph\u00e9nologique m\u2019a oblig\u00e9e \u00e0 me rendre \u00e0 l\u2019\u00e9vidence : j\u2019en sais finalement tr\u00e8s peu sur un environnement pourtant si familier. J\u2019en sais un peu plus apr\u00e8s deux journ\u00e9es extraordinaires avec les accompagnateurs du CREA Mont-Blanc.<\/p>\n<p>J\u2019ai beaucoup appris mais aussi ressenti, et une chose est s\u00fbre, je ne verrais plus jamais ces sentiers, pourtant parcourus et parcourus, de la m\u00eame mani\u00e8re. Une exp\u00e9rience qui vous fait changer de perspective et ce n\u2019est que le d\u00e9but !\u00a0\u00bb<\/p>\n<p>R\u00e9daction : N\u00e9mo<\/p>\n<p>&nbsp;<\/p>\n<figure id=\"attachment_188\" class=\"thumbnail wp-caption aligncenter\" style=\"width: 1000px\"><a href=\"http:\/\/blog.creamontblanc.org\/journal-decovolontaire-1-nemo\/20160619_104212_1000px\/\" rel=\"attachment wp-att-188\"><img loading=\"lazy\" decoding=\"async\" class=\"size-full wp-image-188\" src=\"http:\/\/blog.creamontblanc.org\/wp-content\/uploads\/2016\/06\/20160619_104212_1000px.jpg\" alt=\"Port\u00e9e de m\u00e9sange relev\u00e9e dans un nid le 19 juin 2016 \u00a9 IAlvarez\" width=\"1000\" height=\"500\" srcset=\"https:\/\/blog.creamontblanc.org\/wp-content\/uploads\/2016\/06\/20160619_104212_1000px.jpg 1000w, https:\/\/blog.creamontblanc.org\/wp-content\/uploads\/2016\/06\/20160619_104212_1000px-300x150.jpg 300w, https:\/\/blog.creamontblanc.org\/wp-content\/uploads\/2016\/06\/20160619_104212_1000px-768x384.jpg 768w\" sizes=\"auto, (max-width: 1000px) 100vw, 1000px\" \/><\/a><figcaption class=\"caption wp-caption-text\"><em>Port\u00e9e de m\u00e9sange relev\u00e9e dans un nid le 19 juin 2016 \u00a9 IAlvarez<\/em><\/figcaption><\/figure>\n<p>&nbsp;<\/p>\n","protected":false},"excerpt":{"rendered":"<p>Pour Nemo, les sciences de l&rsquo;environnement sont des th\u00e9matiques famili\u00e8res. Cependant, son s\u00e9jour d&rsquo;\u00e9covolontariat aux c\u00f4t\u00e9s des chercheurs du CREA Mont-Blanc a \u00e9t\u00e9 riche en \u00e9motions. Elle nous fait part de son exp\u00e9rience pendant les S\u00e9jours Sciences.<\/p>\n","protected":false},"author":5,"featured_media":190,"comment_status":"open","ping_status":"open","sticky":false,"template":"","format":"standard","meta":{"_monsterinsights_skip_tracking":false,"_monsterinsights_sitenote_active":false,"_monsterinsights_sitenote_note":"","_monsterinsights_sitenote_category":0,"ngg_post_thumbnail":0,"footnotes":""},"categories":[5],"tags":[28,192],"class_list":["post-186","post","type-post","status-publish","format-standard","has-post-thumbnail","hentry","category-vie-association","tag-ecovolontariat","tag-retour-dexperience"],"aioseo_notices":[],"amp_enabled":true,"_links":{"self":[{"href":"https:\/\/blog.creamontblanc.org\/index.php?rest_route=\/wp\/v2\/posts\/186","targetHints":{"allow":["GET"]}}],"collection":[{"href":"https:\/\/blog.creamontblanc.org\/index.php?rest_route=\/wp\/v2\/posts"}],"about":[{"href":"https:\/\/blog.creamontblanc.org\/index.php?rest_route=\/wp\/v2\/types\/post"}],"author":[{"embeddable":true,"href":"https:\/\/blog.creamontblanc.org\/index.php?rest_route=\/wp\/v2\/users\/5"}],"replies":[{"embeddable":true,"href":"https:\/\/blog.creamontblanc.org\/index.php?rest_route=%2Fwp%2Fv2%2Fcomments&post=186"}],"version-history":[{"count":9,"href":"https:\/\/blog.creamontblanc.org\/index.php?rest_route=\/wp\/v2\/posts\/186\/revisions"}],"predecessor-version":[{"id":873,"href":"https:\/\/blog.creamontblanc.org\/index.php?rest_route=\/wp\/v2\/posts\/186\/revisions\/873"}],"wp:featuredmedia":[{"embeddable":true,"href":"https:\/\/blog.creamontblanc.org\/index.php?rest_route=\/wp\/v2\/media\/190"}],"wp:attachment":[{"href":"https:\/\/blog.creamontblanc.org\/index.php?rest_route=%2Fwp%2Fv2%2Fmedia&parent=186"}],"wp:term":[{"taxonomy":"category","embeddable":true,"href":"https:\/\/blog.creamontblanc.org\/index.php?rest_route=%2Fwp%2Fv2%2Fcategories&post=186"},{"taxonomy":"post_tag","embeddable":true,"href":"https:\/\/blog.creamontblanc.org\/index.php?rest_route=%2Fwp%2Fv2%2Ftags&post=186"}],"curies":[{"name":"wp","href":"https:\/\/api.w.org\/{rel}","templated":true}]}}