{"id":176,"date":"2016-06-22T08:55:06","date_gmt":"2016-06-22T07:55:06","guid":{"rendered":"http:\/\/blog.creamontblanc.org\/?p=176"},"modified":"2022-11-08T17:24:30","modified_gmt":"2022-11-08T16:24:30","slug":"journal-decovolontaire-2-christian","status":"publish","type":"post","link":"https:\/\/blog.creamontblanc.org?p=176","title":{"rendered":"[T\u00e9moignage de volontaire] #2 Christian"},"content":{"rendered":"<p><strong>Christian participe au s\u00e9jour de volontariat du 19 au 24 juin avec les chercheurs du CREA Mont-Blanc. Arriv\u00e9 d\u2019Angers en qu\u00eate d&rsquo;une parenth\u00e8se porteuse de sens en montagne, il partage en quelques mots sa rencontre avec la m\u00e9sange noire.<\/strong><!--more--><\/p>\n<p>&nbsp;<\/p>\n<figure id=\"attachment_179\" class=\"thumbnail wp-caption aligncenter\" style=\"width: 1000px\"><a href=\"http:\/\/blog.creamontblanc.org\/journal-decovolontaire-1-christian\/20160621_205554_1000px\/\" rel=\"attachment wp-att-179\"><img loading=\"lazy\" decoding=\"async\" class=\"size-full wp-image-179\" src=\"http:\/\/blog.creamontblanc.org\/wp-content\/uploads\/2016\/06\/20160621_205554_1000px.jpg\" alt=\"Premi\u00e8re nuit au refuge de Loriaz pour les \u00e9covolontaires du CREA Mont-Blanc. Coucher de soleil sur le massif du Mont-Blanc\" width=\"1000\" height=\"365\" srcset=\"https:\/\/blog.creamontblanc.org\/wp-content\/uploads\/2016\/06\/20160621_205554_1000px.jpg 1000w, https:\/\/blog.creamontblanc.org\/wp-content\/uploads\/2016\/06\/20160621_205554_1000px-300x110.jpg 300w, https:\/\/blog.creamontblanc.org\/wp-content\/uploads\/2016\/06\/20160621_205554_1000px-768x280.jpg 768w\" sizes=\"auto, (max-width: 1000px) 100vw, 1000px\" \/><\/a><figcaption class=\"caption wp-caption-text\"><em>Premi\u00e8re nuit au refuge de Loriaz pour les \u00e9covolontaires du CREA Mont-Blanc. Coucher de soleil sur le massif du Mont-Blanc \u00a9 IAlvarez<br \/><\/em><\/figcaption><\/figure>\n<p>&nbsp;<\/p>\n<p>\u00ab\u00a0La m\u00e9sange noire a \u00e9clair\u00e9 cette journ\u00e9e pass\u00e9e sous la pluie.<\/p>\n<p>Retrouver les nichoirs s\u2019apparente \u00e0 une v\u00e9ritable chasse aux tr\u00e9sors. Pointer au GPS un point identifi\u00e9 sur une carte, s\u2019en approcher, se jouer des obstacles, contourner, avancer jusqu\u2019au but.<\/p>\n<p>La nature s\u2019offre \u00e0 nous. \u00c9veil \u00e0 la vie, naissance, parfois absence de vie\u2026 Le nichoir est vide.<\/p>\n<p>Qu\u2019importe la qu\u00eate continue. Les chercheurs nous \u00e9clairent avec un langage pr\u00e9cis, une m\u00e9thode, une rigueur et tellement de passion et d\u2019enthousiasme !<\/p>\n<p>La le\u00e7on de vie fuse de tous les c\u00f4t\u00e9s.<\/p>\n<p>Et ce soir le soleil, pour ne pas nous laisser en reste, illumine le massif du Mont-Blanc.\u00a0\u00bb<\/p>\n<p>&nbsp;<\/p>\n<p>R\u00e9daction : Christian<\/p>\n<figure id=\"attachment_158\" class=\"thumbnail wp-caption aligncenter\" style=\"width: 1000px\"><a href=\"http:\/\/blog.creamontblanc.org\/parent253_4_bis\/\" rel=\"attachment wp-att-158\"><img loading=\"lazy\" decoding=\"async\" class=\"wp-image-158 size-full\" src=\"http:\/\/blog.creamontblanc.org\/wp-content\/uploads\/2016\/06\/parent253_4_bis.jpg\" alt=\"M\u00e9sange noire pr\u00e8s de son nichoir \u00a9 MBison\" width=\"1000\" height=\"548\" srcset=\"https:\/\/blog.creamontblanc.org\/wp-content\/uploads\/2016\/06\/parent253_4_bis.jpg 1000w, https:\/\/blog.creamontblanc.org\/wp-content\/uploads\/2016\/06\/parent253_4_bis-300x164.jpg 300w, https:\/\/blog.creamontblanc.org\/wp-content\/uploads\/2016\/06\/parent253_4_bis-768x421.jpg 768w\" sizes=\"auto, (max-width: 1000px) 100vw, 1000px\" \/><\/a><figcaption class=\"caption wp-caption-text\"><em>M\u00e9sange noire pr\u00e8s de son nichoir \u00a9 MBison<\/em><\/figcaption><\/figure>\n<p>&nbsp;<\/p>\n<p>&nbsp;<\/p>\n","protected":false},"excerpt":{"rendered":"<p>Christian participe au s\u00e9jour de volontariat du 19 au 24 juin avec les chercheurs du CREA Mont-Blanc. Arriv\u00e9 d\u2019Angers en qu\u00eate d&rsquo;une parenth\u00e8se porteuse de sens en montagne, il partage en quelques mots sa rencontre avec la m\u00e9sange noire.<\/p>\n","protected":false},"author":5,"featured_media":211,"comment_status":"open","ping_status":"open","sticky":false,"template":"","format":"standard","meta":{"_monsterinsights_skip_tracking":false,"_monsterinsights_sitenote_active":false,"_monsterinsights_sitenote_note":"","_monsterinsights_sitenote_category":0,"ngg_post_thumbnail":0,"footnotes":""},"categories":[5],"tags":[28,192],"class_list":["post-176","post","type-post","status-publish","format-standard","has-post-thumbnail","hentry","category-vie-association","tag-ecovolontariat","tag-retour-dexperience"],"aioseo_notices":[],"amp_enabled":true,"_links":{"self":[{"href":"https:\/\/blog.creamontblanc.org\/index.php?rest_route=\/wp\/v2\/posts\/176","targetHints":{"allow":["GET"]}}],"collection":[{"href":"https:\/\/blog.creamontblanc.org\/index.php?rest_route=\/wp\/v2\/posts"}],"about":[{"href":"https:\/\/blog.creamontblanc.org\/index.php?rest_route=\/wp\/v2\/types\/post"}],"author":[{"embeddable":true,"href":"https:\/\/blog.creamontblanc.org\/index.php?rest_route=\/wp\/v2\/users\/5"}],"replies":[{"embeddable":true,"href":"https:\/\/blog.creamontblanc.org\/index.php?rest_route=%2Fwp%2Fv2%2Fcomments&post=176"}],"version-history":[{"count":11,"href":"https:\/\/blog.creamontblanc.org\/index.php?rest_route=\/wp\/v2\/posts\/176\/revisions"}],"predecessor-version":[{"id":801,"href":"https:\/\/blog.creamontblanc.org\/index.php?rest_route=\/wp\/v2\/posts\/176\/revisions\/801"}],"wp:featuredmedia":[{"embeddable":true,"href":"https:\/\/blog.creamontblanc.org\/index.php?rest_route=\/wp\/v2\/media\/211"}],"wp:attachment":[{"href":"https:\/\/blog.creamontblanc.org\/index.php?rest_route=%2Fwp%2Fv2%2Fmedia&parent=176"}],"wp:term":[{"taxonomy":"category","embeddable":true,"href":"https:\/\/blog.creamontblanc.org\/index.php?rest_route=%2Fwp%2Fv2%2Fcategories&post=176"},{"taxonomy":"post_tag","embeddable":true,"href":"https:\/\/blog.creamontblanc.org\/index.php?rest_route=%2Fwp%2Fv2%2Ftags&post=176"}],"curies":[{"name":"wp","href":"https:\/\/api.w.org\/{rel}","templated":true}]}}