{"id":1614,"date":"2019-01-09T10:12:33","date_gmt":"2019-01-09T09:12:33","guid":{"rendered":"http:\/\/blog.creamontblanc.org?p=1614"},"modified":"2023-01-13T13:30:55","modified_gmt":"2023-01-13T12:30:55","slug":"science-sandwich-programme-2019","status":"publish","type":"post","link":"https:\/\/blog.creamontblanc.org?p=1614","title":{"rendered":"Science Sandwich &#8211; Programme 2019"},"content":{"rendered":"<p><strong>Le CREA Mont-Blanc ouvre ses s\u00e9minaires scientifiques au public et lance les <em>Science Sandwich<\/em> \u00e0 l\u2019Observatoire du Mont-Blanc. Une fois par mois le mardi de 12h30 \u00e0 13h30, apportez votre sandwich \u00e0 l&rsquo;Observatoire du Mont-Blanc et venez \u00e0 la rencontre des chercheurs qui \u00e9tudient la montagne. <\/strong><strong>Qu\u2019ils soient bas\u00e9s au CREA Mont-Blanc ou collaborateurs universitaires de passage, ils viennent partager leur passion pour la faune, la flore et les environnements d\u2019altitude. <\/strong><strong>Ces rendez-vous ont lieu en fran\u00e7ais ou en anglais selon la th\u00e9matique et les intervenants.\u00a0 <\/strong><\/p>\n<p><img loading=\"lazy\" decoding=\"async\" class=\"size-large wp-image-1616 aligncenter\" src=\"http:\/\/blog.creamontblanc.org\/wp-content\/uploads\/2019\/01\/20181127_Science_sandwich_Uhlmann-1000x500.jpeg\" alt=\"\" width=\"1000\" height=\"500\" srcset=\"https:\/\/blog.creamontblanc.org\/wp-content\/uploads\/2019\/01\/20181127_Science_sandwich_Uhlmann-1000x500.jpeg 1000w, https:\/\/blog.creamontblanc.org\/wp-content\/uploads\/2019\/01\/20181127_Science_sandwich_Uhlmann-300x150.jpeg 300w, https:\/\/blog.creamontblanc.org\/wp-content\/uploads\/2019\/01\/20181127_Science_sandwich_Uhlmann-768x384.jpeg 768w\" sizes=\"auto, (max-width: 1000px) 100vw, 1000px\" \/><\/p>\n<p><strong>Science sandwich<\/strong><em><strong> November 2018 :\u00a0\u00ab\u00a0Sciences en Antarctique \u00e0 travers le regard d\u2019un guide de haute montagne\u00a0\u00bb &#8211; Danny Uhlmann, guide de haute-montagne et photographe en exp\u00e9dition scientifique en Antarctique\u00a0<\/strong>\u00a9 CREA Mont-Blanc<\/em><\/p>\n<h2>Le programme 2019<\/h2>\n<h3>Science Sandwich # 10 &#8211; mardi, 10 d\u00e9cembre (EN)<\/h3>\n<p><em><i>\u00ab Adapt Mont-Blanc : changements climatiques en cours et implications pour l&rsquo;Espace Mont-Blanc dans les ann\u00e9es \u00e0 venir \u00bb (pr\u00e9sentation en anglais) <\/i><\/em><em><i>Avec <a href=\"https:\/\/www.linkedin.com\/in\/brad-carlson-05739a85\/\">Brad Carlson<\/a>, charg\u00e9 de recherches au CREA Mont-Blanc et Guide de Haute Montagne\u00a0<\/i><\/em><\/p>\n<p>\u00a0Les Alpes, et plus particuli\u00e8rement l&rsquo;Espace Mont-Blanc, juxtaposent des vall\u00e9es dens\u00e9ment habit\u00e9es avec un relief exceptionnel de plus de 4000 m de d\u00e9nivel\u00e9, le tout confront\u00e9 \u00e0 un r\u00e9chauffement climatique deux fois plus important que la moyenne de l&rsquo;h\u00e9misph\u00e8re Nord. La question se pose donc pour les habitants, les \u00e9lus, et les acteurs socio-professionnels des vall\u00e9es du massif du Mont-Blanc : quelles seront, dans les ann\u00e9es \u00e0 venir, les implications du changement climatique sur ce territoire exceptionnel, \u00e0 la fois pour les milieux naturels et pour les activit\u00e9s humaines ? Dans le cadre du projet europ\u00e9en Alcotra Adapt Mont-Blanc et en concertation avec des scientifiques et les d\u00e9cideurs des trois pays frontaliers, nous avons essay\u00e9 de r\u00e9pondre \u00e0 cette question complexe, pour aider les collectivit\u00e9s \u00e0 mieux anticiper le futur.<br \/>Ce Science Sandwich fera une synth\u00e8se des changements climatiques observ\u00e9s et ceux anticip\u00e9s, avec autant que possible, des \u00e9l\u00e9ments de r\u00e9ponse sur l&rsquo;\u00e9volution future de la biodiversit\u00e9, des glaciers, du permafrost mais aussi du tourisme, de l&rsquo;agriculture et des ressources en eau.\u00a0<\/p>\n<p>La pr\u00e9sentation se fera en anglais.\u00a0<\/p>\n<h2>Infos pratiques<\/h2>\n<h3><strong><em>Science Sandwich<\/em> Chamonix<br \/><\/strong><\/h3>\n<p>\u00e0 l&rsquo;Observatoire du Mont-Blanc<\/p>\n<p>67 lacets du belv\u00e9d\u00e8re<\/p>\n<p>74 400 Chamonix-Mont-Blanc<\/p>\n<p>de 12h30 \u00e0 13h30<\/p>\n<p>Pique-nique tir\u00e9 du sac<\/p>\n<p>ENTR\u00c9E LIBRE &#8211; dans la limite des places disponibles<\/p>\n<p>\u00c9changes en fran\u00e7ais ou en anglais selon les intervenants et th\u00e9matiques<\/p>\n<p>\u00a0<\/p>\n<h2>Pr\u00e9c\u00e9dentes \u00e9ditions :<\/h2>\n<h3>Science sandwich #1 &#8211; mardi 15 janvier (FR)<\/h3>\n<p>\u00ab\u00a0Adaptation ou migrations sont-elles vraiment les seules alternatives possibles pour les plantes alpines afin de persister sur nos sommets dans un contexte de r\u00e9chauffement climatique?\u00a0\u00bb &#8211; <a href=\"http:\/\/creamontblanc.org\/fr\/christophe-randin\">Christophe Randin<\/a>, Enseignant \u00e0 l\u2019Universit\u00e9 de Lausanne, chercheur invit\u00e9 \u00e0 l&rsquo;Institut f\u00e9d\u00e9ral de recherches sur la for\u00eat, la neige et le paysage WSL (Suisse) et conservateur au Mus\u00e9e et jardins botaniques cantonaux \u00e0 Lausanne (Suisse)<\/p>\n<p>L&rsquo;article de retour sur le Science Sandwich :\u00a0<a href=\"http:\/\/blog.creamontblanc.org\/?p=1629\">Plantes de haute altitude, des capacit\u00e9s d&rsquo;adaptation insoup\u00e7onn\u00e9es\u00a0\u00a0<\/a><\/p>\n<h3>Science sandwich #2 &#8211; mardi 12 f\u00e9vrier (FR)<\/h3>\n<p class=\"m_-5752676302348418261standard\">\u00ab\u00a0Sports de nature et cohabitation avec les grands ongul\u00e9s de montagne \u2013 la dimension humaine du d\u00e9rangement de la faune sauvage.\u00a0\u00bb\u00a0&#8211; <a href=\"http:\/\/edytem.univ-savoie.fr\/annuaire\/gruas-lena\">L\u00e9na Gruas,<\/a> doctorante en sociologie du sport &#8211; Univ. Savoie Mont Blanc, CNRS, laboratoire EDYTEM, Chamb\u00e9ry.<\/p>\n<p>L&rsquo;article de retour sur le Science Sandwich : <a href=\"http:\/\/blog.creamontblanc.org\/?p=1689\">Quelles sont les interactions entre les sports de nature et la faune embl\u00e9matique\u00a0?<\/a><\/p>\n<h3>Science sandwich #3 &#8211; mardi 12 mars (FR)<\/h3>\n<div>\n<div>\u00ab\u00a0La pr\u00e9vision m\u00e9t\u00e9orologique et ses difficult\u00e9s en r\u00e9gion de montagne\u00a0\u00bb &#8211; Gilles Brunot, M\u00e9t\u00e9o-France Chamonix<\/div>\n<div>\u00a0<\/div>\n<div>L&rsquo;article de retour sur le Science Sandwich : <a href=\"http:\/\/blog.creamontblanc.org\/?p=1741\">La pr\u00e9vision m\u00e9t\u00e9orologique et ses difficult\u00e9s en r\u00e9gion de montagne<\/a><\/div>\n<\/div>\n<div>\n<h3>Science sandwich #4 &#8211; mardi 30 avril (FR)<\/h3>\n<p>\u00ab\u00a0Lacs Sentinelles: les scientifiques se penchent sur les lacs d\u2019altitude alpin\u00a0\u00bb &#8211; <a href=\"https:\/\/www.linkedin.com\/in\/jean-baptiste-bosson-64519b7a\/?originalSubdomain=ch\">Jean-Baptiste Bosson<\/a>, charg\u00e9 de projets scientifiques \u00e0 Asters-Conservatoire d\u2019espaces naturels de Haute-Savoie et coordinateur du r\u00e9seau Lacs Sentinelles.<\/p>\n<p>L&rsquo;article de retour sur le Science Sandwich : <a href=\"http:\/\/blog.creamontblanc.org\/?p=1767\">Lacs Sentinelles : les scientifiques se penchent sur les lacs d&rsquo;altitude alpin<\/a><\/p>\n<h3>Science Sandwich #5 &#8211; mardi 28 mai (EN)<\/h3>\n<p>\u00ab\u00a0G\u00e9rer et adapter le march\u00e9 de l&rsquo;eau pour sauvegarder les ressources\u00a0\u00bb &#8211; <a href=\"https:\/\/lawweb.colorado.edu\/profiles\/profile.jsp?id=189\">Mark<\/a><a href=\"https:\/\/lawweb.colorado.edu\/profiles\/profile.jsp?id=189\"> Squillace<\/a>, professeur de droit University of Colorado Law<\/p>\n<\/div>\n<h3>Science Sandwich #6 &#8211; jeudi 30 juin (EN)<\/h3>\n<p>\u00abAffronter l&rsquo;avenir: espoirs, d\u00e9sarroi, actions \u00e0 mettre en \u0153uvre dans un monde en r\u00e9chauffement.\u00bb\u00a0<br \/>Avec\u00a0<a href=\"https:\/\/profiles.stanford.edu\/lauren-oakes\" target=\"_blank\" rel=\"noopener noreferrer\" data-saferedirecturl=\"https:\/\/www.google.com\/url?q=https:\/\/profiles.stanford.edu\/lauren-oakes&amp;source=gmail&amp;ust=1560951012488000&amp;usg=AFQjCNHIx_vFKCD0AhdJqrktiimstAcuNQ\">Lauren E. Oakes, PhD ,\u00a0<\/a>Conservation Scientist and Adaptation Specialist, Wildlife Conservation Society<br \/>Adjunct Professor, Department of Earth System Science, Stanford University<\/p>\n<p>Ecouter sa conf\u00e9rence inspirant : <a href=\"http:\/\/blog.creamontblanc.org\/?p=2161\">Faire face au futur<\/a><\/p>\n<h3>Science Sandwich # 7 &#8211; mardi 17 septembre (FR)<\/h3>\n<p><em><i>\u00abPeut-on esp\u00e9rer un retour des glaciers dans un avenir proche ou des activit\u00e9s nautiques \u00e0 la place ?\u00bb\u00a0<br \/>Avec\u00a0<a href=\"http:\/\/www.moreauluc.com\/\" target=\"_blank\" rel=\"noopener noreferrer\" data-saferedirecturl=\"https:\/\/www.google.com\/url?q=http:\/\/www.moreauluc.com\/&amp;source=gmail&amp;ust=1568274357048000&amp;usg=AFQjCNEguA49C1L5ojR0-_XMOQ1n9aVZ9w\">Luc Moreau<\/a>, <\/i>Glaciologue, Chamonix glaciologie association, sur les pas de Joseph Vallot<\/em><\/p>\n<h3>Science Sandwich # 8 &#8211; mardi 22 octobre (FR)<\/h3>\n<p><em><i>\u00ab A la d\u00e9couverte du Monde sous nos pieds \u00bb\u00a0<br \/>Avec <a href=\"https:\/\/www.linkedin.com\/in\/idaline-laigle-a410b4161\/\">Idaline Laigle<\/a>, ing\u00e9nieure d&rsquo;\u00e9tude au CREA, a r\u00e9alis\u00e9 son doctorat sur les communaut\u00e9s du sol et leurs interactions avec l&rsquo;environnement.<\/i><\/em><\/p>\n<h3>Science Sandwich # 9 &#8211; mardi 19 novembre (FR)<\/h3>\n<p><em><i>\u00ab Les \u00e9tudes ph\u00e9nologiques au CREA : r\u00e9sultats croustillants et perspectives \u00bb <\/i><\/em><\/p>\n<p><em><i><a href=\"https:\/\/www.linkedin.com\/in\/marjoriebison\/\">Marjorie Bison<\/a>, \u00e9cologue, nous fera tout d\u2019abord un \u00e9tat des lieux des analyses ph\u00e9nologiques faites au CREA. Elle ouvrira ensuite le d\u00e9bat avec une discussion et un \u00e9change d\u2019id\u00e9es sur les futurs axes de recherche possibles. \u00a0<\/i><\/em><\/p>\n\n\n<p><\/p>\n","protected":false},"excerpt":{"rendered":"<p>Le CREA Mont-Blanc ouvre ses s\u00e9minaires scientifiques au public et lance les Science Sandwich \u00e0 l\u2019Observatoire du Mont-Blanc. Une fois par mois le mardi de 12h30 \u00e0 13h30, apportez votre sandwich \u00e0 l&rsquo;Observatoire du Mont-Blanc et venez \u00e0 la rencontre &hellip; <a href=\"https:\/\/blog.creamontblanc.org?p=1614\">Lire la suite\u00ad\u00ad<\/a><\/p>\n","protected":false},"author":7,"featured_media":1616,"comment_status":"open","ping_status":"open","sticky":false,"template":"","format":"standard","meta":{"_monsterinsights_skip_tracking":false,"_monsterinsights_sitenote_active":false,"_monsterinsights_sitenote_note":"","_monsterinsights_sitenote_category":0,"ngg_post_thumbnail":0,"footnotes":""},"categories":[258],"tags":[124,123],"class_list":["post-1614","post","type-post","status-publish","format-standard","has-post-thumbnail","hentry","category-actus-passees","tag-conference","tag-science-sandwich"],"aioseo_notices":[],"amp_enabled":true,"_links":{"self":[{"href":"https:\/\/blog.creamontblanc.org\/index.php?rest_route=\/wp\/v2\/posts\/1614","targetHints":{"allow":["GET"]}}],"collection":[{"href":"https:\/\/blog.creamontblanc.org\/index.php?rest_route=\/wp\/v2\/posts"}],"about":[{"href":"https:\/\/blog.creamontblanc.org\/index.php?rest_route=\/wp\/v2\/types\/post"}],"author":[{"embeddable":true,"href":"https:\/\/blog.creamontblanc.org\/index.php?rest_route=\/wp\/v2\/users\/7"}],"replies":[{"embeddable":true,"href":"https:\/\/blog.creamontblanc.org\/index.php?rest_route=%2Fwp%2Fv2%2Fcomments&post=1614"}],"version-history":[{"count":25,"href":"https:\/\/blog.creamontblanc.org\/index.php?rest_route=\/wp\/v2\/posts\/1614\/revisions"}],"predecessor-version":[{"id":2470,"href":"https:\/\/blog.creamontblanc.org\/index.php?rest_route=\/wp\/v2\/posts\/1614\/revisions\/2470"}],"wp:featuredmedia":[{"embeddable":true,"href":"https:\/\/blog.creamontblanc.org\/index.php?rest_route=\/wp\/v2\/media\/1616"}],"wp:attachment":[{"href":"https:\/\/blog.creamontblanc.org\/index.php?rest_route=%2Fwp%2Fv2%2Fmedia&parent=1614"}],"wp:term":[{"taxonomy":"category","embeddable":true,"href":"https:\/\/blog.creamontblanc.org\/index.php?rest_route=%2Fwp%2Fv2%2Fcategories&post=1614"},{"taxonomy":"post_tag","embeddable":true,"href":"https:\/\/blog.creamontblanc.org\/index.php?rest_route=%2Fwp%2Fv2%2Ftags&post=1614"}],"curies":[{"name":"wp","href":"https:\/\/api.w.org\/{rel}","templated":true}]}}