{"id":153,"date":"2016-06-14T09:55:46","date_gmt":"2016-06-14T08:55:46","guid":{"rendered":"http:\/\/blog.creamontblanc.org\/?p=153"},"modified":"2022-11-09T16:34:12","modified_gmt":"2022-11-09T15:34:12","slug":"eclosions-tardives-pour-les-mesanges","status":"publish","type":"post","link":"https:\/\/blog.creamontblanc.org?p=153","title":{"rendered":"\u00c9closions tardives pour les m\u00e9sanges"},"content":{"rendered":"<p><strong>L\u2019\u00e9quipe du CREA Mont-Blanc continue sa tourn\u00e9e hebdomadaire des nichoirs \u00e0 Vallorcine. Les premiers \u0153ufs ont \u00e9clos, 12 jours plus tard que l&rsquo;ann\u00e9e derni\u00e8re. Pourquoi un tel d\u00e9calage ? \u00c9clairages en trois questions.<br \/>\n<\/strong><!--more--><\/p>\n<p>&nbsp;<\/p>\n<figure id=\"attachment_171\" class=\"thumbnail wp-caption aligncenter\" style=\"width: 1000px\"><img loading=\"lazy\" decoding=\"async\" class=\"wp-image-171 size-full\" src=\"http:\/\/blog.creamontblanc.org\/wp-content\/uploads\/2016\/06\/nichoir22_240516_2_ter.jpg\" alt=\"Oisillons \u00e2g\u00e9s de 1 jour dans le nichoir 22 \u00a9 MBison\" width=\"1000\" height=\"539\" srcset=\"https:\/\/blog.creamontblanc.org\/wp-content\/uploads\/2016\/06\/nichoir22_240516_2_ter.jpg 1000w, https:\/\/blog.creamontblanc.org\/wp-content\/uploads\/2016\/06\/nichoir22_240516_2_ter-300x162.jpg 300w, https:\/\/blog.creamontblanc.org\/wp-content\/uploads\/2016\/06\/nichoir22_240516_2_ter-768x414.jpg 768w\" sizes=\"auto, (max-width: 1000px) 100vw, 1000px\" \/><figcaption class=\"caption wp-caption-text\"><em>Oisillons \u00e2g\u00e9s de 1 jour dans le nichoir 22 \u00a9 MBison <\/em><\/figcaption><\/figure>\n<p>&nbsp;<\/p>\n<p>Il faut 14 jours de couvaison en moyenne pour que les oisillons de m\u00e9sange noire \u00e9closent. Le 24 mai \u00e0 Vallorcine, nous avons observ\u00e9 les premiers poussins, \u00e2g\u00e9s de 1 jour, dans le nichoir 22. Compar\u00e9e \u00e0 l\u2019ann\u00e9e derni\u00e8re, cette date est bien tardive. La premi\u00e8re \u00e9closion de 2015 datait du 13 mai : douze jours d\u2019\u00e9cart qui t\u00e9moignent de la plasticit\u00e9 des m\u00e9sanges, cette capacit\u00e9 \u00e0 adapter leurs dates de ponte aux variations de leur environnement.<\/p>\n<p>&nbsp;<\/p>\n<p><strong>Quels sont les facteurs \u00e0 l\u2019origine des variations de date d\u2019\u00e9closion ?<\/strong><br \/>\nParmi les indices que les m\u00e9sanges utilisent pour d\u00e9cider de leur date de ponte, nous pouvons entre autres citer la temp\u00e9rature, la dur\u00e9e du jour, la pluviom\u00e9trie, et dans notre cas alpin, tr\u00e8s certainement la dur\u00e9e d\u2019enneigement. Bien que ces facteurs \u00e0 l\u2019origine de ces variations fassent toujours l\u2019objet de recherches, il est cependant montr\u00e9 que c\u2019est leur combinaison qui influence les dates de ponte et ainsi les dates d\u2019\u00e9closion.<\/p>\n<p>&nbsp;<\/p>\n<p><strong>Comment la temp\u00e9rature joue-t-elle un r\u00f4le sur les dates de ponte ?<\/strong><br \/>\nLa temp\u00e9rature influence directement la ph\u00e9nologie des arbres, c&rsquo;est \u00e0 dire leurs rythmes saisonniers, et ainsi la ph\u00e9nologie des chenilles \u2013 principale ressource alimentaire des oisillons \u2013. Les m\u00e9sanges doivent adapter leur date de ponte afin que l\u2019\u00e9closion des oisillons co\u00efncide avec le pic d\u2019abondance des insectes. Si ce n\u2019\u00e9tait pas le cas, une d\u00e9synchronisation entre les dates d\u2019\u00e9closion et l\u2019abondance des ressources entra\u00eenerait une baisse de la survie des jeunes et impacterait ainsi les densit\u00e9s de population.<\/p>\n<p>&nbsp;<\/p>\n<figure id=\"attachment_159\" class=\"thumbnail wp-caption aligncenter\" style=\"width: 1000px\"><img loading=\"lazy\" decoding=\"async\" class=\"wp-image-159 size-full\" src=\"http:\/\/blog.creamontblanc.org\/wp-content\/uploads\/2016\/06\/parent253_12_bis.jpg\" alt=\"M\u00e9sange adulte observ\u00e9e \u00e0 c\u00f4t\u00e9 de son nid\" width=\"1000\" height=\"555\" srcset=\"https:\/\/blog.creamontblanc.org\/wp-content\/uploads\/2016\/06\/parent253_12_bis.jpg 1000w, https:\/\/blog.creamontblanc.org\/wp-content\/uploads\/2016\/06\/parent253_12_bis-300x167.jpg 300w, https:\/\/blog.creamontblanc.org\/wp-content\/uploads\/2016\/06\/parent253_12_bis-768x426.jpg 768w\" sizes=\"auto, (max-width: 1000px) 100vw, 1000px\" \/><figcaption class=\"caption wp-caption-text\"><em>M\u00e9sange adulte observ\u00e9e \u00e0 c\u00f4t\u00e9 de son nid <\/em><em>\u00a9 MBison<\/em><\/figcaption><\/figure>\n<p>&nbsp;<\/p>\n<p><strong>La temp\u00e9rature influence-t-elle la ph\u00e9nologie des m\u00e9sanges noires du Massif du Mont-Blanc ?<\/strong><br \/>\nCeci reste \u00e0 prouver. En comparant les temp\u00e9ratures des mois d\u2019avril 2016 et 2015, nous observons que celles du mois d\u2019avril 2016 \u00e9taient en moyenne plus basses d\u2019environ 3\u00b0C par rapport \u00e0 celles de 2015, sachant que nous avons enregistr\u00e9 cette ann\u00e9e une temp\u00e9rature moyenne de 5\u00b0C au mois d\u2019avril \u00e0 Vallorcine. Bien que l\u2019hiver fut doux et le printemps pr\u00e9coce, la vague de froid observ\u00e9e dans le courant du mois d\u2019avril 2016 pourrait \u00eatre en partie responsable du d\u00e9calage des dates de ponte et d\u2019\u00e9closion observ\u00e9.<\/p>\n<p>D\u2019une part, nous pouvons supposer que pour r\u00e9sister au froid du mois d\u2019avril, les m\u00e9sanges ont pr\u00e9f\u00e9r\u00e9 investir leur temps dans l\u2019accumulation de r\u00e9serves plut\u00f4t que dans l\u2019investissement co\u00fbteux en \u00e9nergie de la reproduction, d\u00e9calant ainsi les premi\u00e8res pontes.<\/p>\n<p>D\u2019autre part, nous \u00e9mettons aussi l\u2019hypoth\u00e8se que le froid ayant ralenti le d\u00e9veloppement de la v\u00e9g\u00e9tation, les m\u00e9sanges auraient d\u00e9cid\u00e9 de pondre plus tard afin que l\u2019\u00e9closion des oisillons co\u00efncide avec le pic de v\u00e9g\u00e9tation et donc d\u2019insectes.<\/p>\n<p>Nous ne pouvons \u00e9tablir de conclusions d\u00e9finitives et robustes \u00e0 partir de seulement deux ann\u00e9es et d\u2019un seul param\u00e8tre climatique, et il nous faut donc analyser des donn\u00e9es \u00e0 plus long terme en int\u00e9grant d\u2019autres facteurs environnementaux comme la dur\u00e9e d\u2019enneigement. L&rsquo;un des objectifs du CREA Mont-Blanc est de caract\u00e9riser les param\u00e8tres climatiques servant d\u2019indices aux m\u00e9sanges et de comprendre ainsi comment les m\u00e9sanges s\u2019adaptent au changement climatique.<\/p>\n<p>&nbsp;<\/p>\n<p>R\u00e9daction : Marjorie Bison<\/p>\n","protected":false},"excerpt":{"rendered":"<p>L\u2019\u00e9quipe du CREA Mont-Blanc continue sa tourn\u00e9e hebdomadaire des nichoirs \u00e0 Vallorcine. Les premiers \u0153ufs ont \u00e9clos, 12 jours plus tard que l&rsquo;ann\u00e9e derni\u00e8re. Pourquoi un tel d\u00e9calage ? \u00c9clairages en trois questions.<\/p>\n","protected":false},"author":5,"featured_media":157,"comment_status":"open","ping_status":"open","sticky":false,"template":"","format":"standard","meta":{"_monsterinsights_skip_tracking":false,"_monsterinsights_sitenote_active":false,"_monsterinsights_sitenote_note":"","_monsterinsights_sitenote_category":0,"ngg_post_thumbnail":0,"footnotes":""},"categories":[194],"tags":[216,49,35],"class_list":["post-153","post","type-post","status-publish","format-standard","has-post-thumbnail","hentry","category-la-recherche","tag-faune","tag-mesanges-noires","tag-phenologie"],"aioseo_notices":[],"amp_enabled":true,"_links":{"self":[{"href":"https:\/\/blog.creamontblanc.org\/index.php?rest_route=\/wp\/v2\/posts\/153","targetHints":{"allow":["GET"]}}],"collection":[{"href":"https:\/\/blog.creamontblanc.org\/index.php?rest_route=\/wp\/v2\/posts"}],"about":[{"href":"https:\/\/blog.creamontblanc.org\/index.php?rest_route=\/wp\/v2\/types\/post"}],"author":[{"embeddable":true,"href":"https:\/\/blog.creamontblanc.org\/index.php?rest_route=\/wp\/v2\/users\/5"}],"replies":[{"embeddable":true,"href":"https:\/\/blog.creamontblanc.org\/index.php?rest_route=%2Fwp%2Fv2%2Fcomments&post=153"}],"version-history":[{"count":11,"href":"https:\/\/blog.creamontblanc.org\/index.php?rest_route=\/wp\/v2\/posts\/153\/revisions"}],"predecessor-version":[{"id":173,"href":"https:\/\/blog.creamontblanc.org\/index.php?rest_route=\/wp\/v2\/posts\/153\/revisions\/173"}],"wp:featuredmedia":[{"embeddable":true,"href":"https:\/\/blog.creamontblanc.org\/index.php?rest_route=\/wp\/v2\/media\/157"}],"wp:attachment":[{"href":"https:\/\/blog.creamontblanc.org\/index.php?rest_route=%2Fwp%2Fv2%2Fmedia&parent=153"}],"wp:term":[{"taxonomy":"category","embeddable":true,"href":"https:\/\/blog.creamontblanc.org\/index.php?rest_route=%2Fwp%2Fv2%2Fcategories&post=153"},{"taxonomy":"post_tag","embeddable":true,"href":"https:\/\/blog.creamontblanc.org\/index.php?rest_route=%2Fwp%2Fv2%2Ftags&post=153"}],"curies":[{"name":"wp","href":"https:\/\/api.w.org\/{rel}","templated":true}]}}