{"id":1428,"date":"2018-09-13T09:09:01","date_gmt":"2018-09-13T08:09:01","guid":{"rendered":"http:\/\/blog.creamontblanc.org?p=1428"},"modified":"2022-11-09T15:26:42","modified_gmt":"2022-11-09T14:26:42","slug":"variabilite-inter-individuelle-quand-la-difference-sert-ladaptation","status":"publish","type":"post","link":"https:\/\/blog.creamontblanc.org?p=1428","title":{"rendered":"Variabilit\u00e9 inter-individuelle : quand la diff\u00e9rence sert l\u2019adaptation"},"content":{"rendered":"<p><strong>Chaque individu d&rsquo;une esp\u00e8ce est unique, il diff\u00e8re toujours plus ou moins de ses cong\u00e9n\u00e8res : c\u2019est ce que l\u2019on appelle la variabilit\u00e9 inter-individuelle. Elle permet aux \u00e9cosyst\u00e8mes de fonctionner et aux populations de s\u2019adapter au changement. En \u00e9cologie, o\u00f9 l\u2019on travaille commun\u00e9ment avec des moyennes, peu d\u2019\u00e9tudes sont consacr\u00e9es \u00e0 cette variabilit\u00e9. Au CREA Mont-Blanc, nous nous sommes int\u00e9ress\u00e9s \u00e0 cette question chez le m\u00e9l\u00e8ze.<\/strong><\/p>\n<figure id=\"attachment_1429\" class=\"thumbnail wp-caption alignnone\" style=\"width: 1000px\"><img loading=\"lazy\" decoding=\"async\" class=\"size-full wp-image-1429\" src=\"http:\/\/blog.creamontblanc.org\/wp-content\/uploads\/2018\/09\/melezes_variabilite_interindividuelle.jpg\" alt=\"Le m\u00e9l\u00e8ze est une esp\u00e8ce remarquable d'altitude, suivies dans le cadre du programme Ph\u00e9noclim \u00a9 CREA Mont-Blanc \" width=\"1000\" height=\"500\" srcset=\"https:\/\/blog.creamontblanc.org\/wp-content\/uploads\/2018\/09\/melezes_variabilite_interindividuelle.jpg 1000w, https:\/\/blog.creamontblanc.org\/wp-content\/uploads\/2018\/09\/melezes_variabilite_interindividuelle-300x150.jpg 300w, https:\/\/blog.creamontblanc.org\/wp-content\/uploads\/2018\/09\/melezes_variabilite_interindividuelle-768x384.jpg 768w\" sizes=\"auto, (max-width: 1000px) 100vw, 1000px\" \/><figcaption class=\"caption wp-caption-text\"><em><strong>Le m\u00e9l\u00e8ze est une esp\u00e8ce remarquable d&rsquo;altitude, suivie dans le cadre du programme Ph\u00e9noclim <\/strong>\u00a9 CREA Mont-Blanc<\/em><\/figcaption><\/figure>\n<p>Au sein d\u2019une population, il existe une variabilit\u00e9 inter-individuelle, c\u2019est-\u00e0-dire que les individus diff\u00e8rent entre eux. Par exemple, tous les individus n\u2019ont pas la m\u00eame hauteur. C\u2019est cette diversit\u00e9 inter-individuelle qui permet le fonctionnement des \u00e9cosyst\u00e8mes mais aussi l\u2019adaptation des populations \u00e0 un changement. Imaginons qu\u2019un herbivore vienne se nourrir des plantes les plus accessibles pour lui. Ce seront les plantes les plus hautes qui seront mang\u00e9es, et les plus petites moins accessibles permettront \u00e0 la population de survivre \u00e0 la pression de s\u00e9lection. La diversit\u00e9 inter-individuelle peut donc avoir une grande influence sur les \u00e9cosyst\u00e8mes et m\u00e9rite toute notre attention pour mieux pr\u00e9dire la fa\u00e7on dont les esp\u00e8ces et des populations vont r\u00e9agir face aux changements environnementaux \u00e0 venir.<\/p>\n<h2>\u00c9cologie : moyenne VS variabilit\u00e9<\/h2>\n<p>Il est assez courant en \u00e9cologie de s\u2019int\u00e9resser \u00e0 la valeur moyenne d\u2019une population pour une caract\u00e9ristique donn\u00e9e. Pour comparer la hauteur des plantes d\u2019une m\u00eame esp\u00e8ce entre deux sites, nous comparons le plus souvent la moyenne de ces hauteurs. Peu d\u2019\u00e9tudes s\u2019int\u00e9ressent \u00e0 la variabilit\u00e9 inter-individuelle de la ph\u00e9nologie des arbres. Au CREA Mont-Blanc, nous nous sommes pench\u00e9s ce printemps sur l\u2019influence de l\u2019altitude sur la variabilit\u00e9 inter-individuelle de la date de d\u00e9bourrement du m\u00e9l\u00e8ze. Pour cela, nous avons relev\u00e9 les dates de d\u00e9bourrement de 30 m\u00e9l\u00e8zes au Siseray (environ 1 300 m d\u2019altitude) et 30 m\u00e9l\u00e8zes \u00e0 Loriaz (environ 1 900 m). Les arbres ont \u00e9t\u00e9 choisis de fa\u00e7on \u00e0 ce que leurs environnements locaux soient similaires \u00e0 la m\u00eame altitude, afin de diminuer les biais issus de la localisation.<\/p>\n<h2>Le m\u00e9l\u00e8ze : une esp\u00e8ce adapt\u00e9e \u00e0 l\u2019altitude<\/h2>\n<p>L\u2019altitude est un param\u00e8tre complexe qui repr\u00e9sente un gradient indirect. Il regroupe de multiples informations issues de plusieurs gradients environnementaux qui varient et qui affectent directement la ph\u00e9nologie des arbres : la temp\u00e9rature, l\u2019enneigement ou encore la disponibilit\u00e9 en nutriments. Ici, nous nous sommes pench\u00e9s sur les donn\u00e9es obtenues \u00e0 partir des stations de temp\u00e9rature du CREA Mont-Blanc dispos\u00e9es aux m\u00eames altitudes que les m\u00e9l\u00e8zes.<\/p>\n<p>Le nombre de degr\u00e9s-jour &#8211; la chaleur accumul\u00e9e chaque jour n\u00e9cessaire au d\u00e9bourrement des m\u00e9l\u00e8zes &#8211; varie en fonction de l\u2019altitude. Notre hypoth\u00e8se : du fait de la plus courte saison de v\u00e9g\u00e9tation et des pressions environnementales plus fortes en altitude qui contraignent le d\u00e9veloppement des plantes, les 30 m\u00e9l\u00e8zes situ\u00e9s \u00e0 haute altitude \u00e0 Loriaz devraient tous d\u00e9bourrer en un temps plus court que les 30 m\u00e9l\u00e8zes suivis \u00e0 une altitude plus basse au Siseray.<\/p>\n<p><img loading=\"lazy\" decoding=\"async\" class=\"size-full wp-image-1432 aligncenter\" src=\"http:\/\/blog.creamontblanc.org\/wp-content\/uploads\/2018\/09\/degres_jours_debourrement_meleze_CREAMontBlanc.png\" alt=\"\u00c9volution de la somme des degr\u00e9s jour en fonction du temps et distribution des dates de d\u00e9bourrement des m\u00e9l\u00e8zes au Siseray (environ 1300 m) et \u00e0 Loriaz (environ 1900 m) \u00a9 CREA Mont-Blanc \" width=\"653\" height=\"688\" srcset=\"https:\/\/blog.creamontblanc.org\/wp-content\/uploads\/2018\/09\/degres_jours_debourrement_meleze_CREAMontBlanc.png 653w, https:\/\/blog.creamontblanc.org\/wp-content\/uploads\/2018\/09\/degres_jours_debourrement_meleze_CREAMontBlanc-285x300.png 285w\" sizes=\"auto, (max-width: 653px) 100vw, 653px\" \/><\/p>\n<p><em><strong>Comment lire le graphique ?<br \/>\n<\/strong><\/em><em>Le graphique ci-dessus int\u00e8gre plusieurs informations : <\/em><br \/>\n<em>\u2022 La somme des degr\u00e9s-jour en fonction du jour de l\u2019ann\u00e9e (jour julien = syst\u00e8me de datation comptabilisant le nombre de jours depuis le 1<sup>er<\/sup> janvier) repr\u00e9sent\u00e9 par les courbes noire et rouge. On voit que l\u2019accumulation des degr\u00e9s-jour \u00e0 Loriaz est plus tardive et plus lente qu\u2019\u00e0 Vallorcine.<\/em><br \/>\n<em>\u2022 Les distributions des dates de d\u00e9bourrement des m\u00e9l\u00e8zes \u00e0 Vallorcine et \u00e0 Loriaz : c\u2019est ce qui est repr\u00e9sent\u00e9 par les histogrammes en noir et en rouge. La hauteur des barres repr\u00e9sente la quantit\u00e9 d\u2019arbres qui ont d\u00e9bourr\u00e9 chaque jour. Ainsi, \u00e0 Loriaz, la majorit\u00e9 des arbres ont d\u00e9bourr\u00e9 autour du 116\u00e8me jour de l\u2019ann\u00e9e.<\/em><\/p>\n<p>&nbsp;<\/p>\n<p>On constate que les m\u00e9l\u00e8zes du Siseray, situ\u00e9s \u00e0 basse altitude, d\u00e9bourrent plus t\u00f4t qu\u2019\u00e0 Loriaz. Les premiers m\u00e9l\u00e8zes du Siseray d\u00e9bourrent autour de 75 degr\u00e9s-jour alors que les m\u00e9l\u00e8zes de Loriaz d\u00e9bourrent autour de 20 degr\u00e9s-jour. Cela soul\u00e8ve d\u2019autres questions : quelles pressions subissent les m\u00e9l\u00e8zes de Loriaz pour d\u00e9bourrer sans avoir atteint le quota de degr\u00e9s-jour ?<\/p>\n<h2>Plus de Variabilit\u00e9 inter-individuelle \u00e0 haute altitude<\/h2>\n<p>Les 30 m\u00e9l\u00e8zes du Siseray d\u00e9bourrent en 5 jours alors que les 30 m\u00e9l\u00e8zes de Loriaz d\u00e9bourrent en 11 jours. Contrairement \u00e0 notre hypoth\u00e8se, la variabilit\u00e9 dans la date de d\u00e9bourrement est donc plus importante \u00e0 haute altitude qu\u2019\u00e0 basse altitude. Cela semble d\u00fb \u00e0 la vitesse d\u2019accumulation des degr\u00e9s-jour. Celle-ci \u00e9tant plus faible \u00e0 Loriaz qu\u2019au Siseray, les arbres qui ont un seuil de temp\u00e9rature plus \u00e9lev\u00e9 pour d\u00e9bourrer ont d\u00fb attendre plus longtemps qu\u2019en bas.<\/p>\n<p>De nouveaux suivis apporteront un plus grand nombre de donn\u00e9es et permettront s\u00fbrement de d\u00e9terminer l\u2019influence de diff\u00e9rents gradients tels que la temp\u00e9rature ou l\u2019enneigement sur la variabilit\u00e9 des dates de d\u00e9bourrement. Aujourd\u2019hui, il est encore difficile de d\u00e9crire des patrons \u00e9cologiques robustes.<\/p>\n<p>&nbsp;<\/p>\n<p>R\u00e9daction : Marjorie Bison<\/p>\n<hr>\n<p><strong>Pour en savoir plus :<\/strong><\/p>\n<p>Pour mieux comprendre les notions comme \u00ab degr\u00e9-jour \u00bb, visitez le <a href=\"http:\/\/phenoclim.org\/fr\/les-notions-cles\" target=\"_blank\" rel=\"noopener\">lexique Ph\u00e9noclim.<\/a><br \/>\nConsultez tous les <a href=\"http:\/\/phenoclim.org\/fr\/bilans-saisonniers\" target=\"_blank\" rel=\"noopener\">bilans saisonniers<\/a> sur le site Ph\u00e9noclim.<\/p>\n","protected":false},"excerpt":{"rendered":"<p>Chaque individu d&rsquo;une esp\u00e8ce est unique, il diff\u00e8re toujours plus ou moins de ses cong\u00e9n\u00e8res : c\u2019est ce que l\u2019on appelle la variabilit\u00e9 inter-individuelle. Elle permet aux \u00e9cosyst\u00e8mes de fonctionner et aux populations de s\u2019adapter au changement. En \u00e9cologie, o\u00f9 &hellip; <a href=\"https:\/\/blog.creamontblanc.org?p=1428\">Lire la suite\u00ad\u00ad<\/a><\/p>\n","protected":false},"author":10,"featured_media":1429,"comment_status":"open","ping_status":"open","sticky":false,"template":"","format":"standard","meta":{"_monsterinsights_skip_tracking":false,"_monsterinsights_sitenote_active":false,"_monsterinsights_sitenote_note":"","_monsterinsights_sitenote_category":0,"ngg_post_thumbnail":0,"footnotes":""},"categories":[194],"tags":[34,35],"class_list":["post-1428","post","type-post","status-publish","format-standard","has-post-thumbnail","hentry","category-la-recherche","tag-meleze","tag-phenologie"],"aioseo_notices":[],"amp_enabled":true,"_links":{"self":[{"href":"https:\/\/blog.creamontblanc.org\/index.php?rest_route=\/wp\/v2\/posts\/1428","targetHints":{"allow":["GET"]}}],"collection":[{"href":"https:\/\/blog.creamontblanc.org\/index.php?rest_route=\/wp\/v2\/posts"}],"about":[{"href":"https:\/\/blog.creamontblanc.org\/index.php?rest_route=\/wp\/v2\/types\/post"}],"author":[{"embeddable":true,"href":"https:\/\/blog.creamontblanc.org\/index.php?rest_route=\/wp\/v2\/users\/10"}],"replies":[{"embeddable":true,"href":"https:\/\/blog.creamontblanc.org\/index.php?rest_route=%2Fwp%2Fv2%2Fcomments&post=1428"}],"version-history":[{"count":7,"href":"https:\/\/blog.creamontblanc.org\/index.php?rest_route=\/wp\/v2\/posts\/1428\/revisions"}],"predecessor-version":[{"id":1457,"href":"https:\/\/blog.creamontblanc.org\/index.php?rest_route=\/wp\/v2\/posts\/1428\/revisions\/1457"}],"wp:featuredmedia":[{"embeddable":true,"href":"https:\/\/blog.creamontblanc.org\/index.php?rest_route=\/wp\/v2\/media\/1429"}],"wp:attachment":[{"href":"https:\/\/blog.creamontblanc.org\/index.php?rest_route=%2Fwp%2Fv2%2Fmedia&parent=1428"}],"wp:term":[{"taxonomy":"category","embeddable":true,"href":"https:\/\/blog.creamontblanc.org\/index.php?rest_route=%2Fwp%2Fv2%2Fcategories&post=1428"},{"taxonomy":"post_tag","embeddable":true,"href":"https:\/\/blog.creamontblanc.org\/index.php?rest_route=%2Fwp%2Fv2%2Ftags&post=1428"}],"curies":[{"name":"wp","href":"https:\/\/api.w.org\/{rel}","templated":true}]}}