{"id":1384,"date":"2018-07-17T15:10:17","date_gmt":"2018-07-17T14:10:17","guid":{"rendered":"http:\/\/blog.creamontblanc.org?p=1384"},"modified":"2022-11-08T17:31:39","modified_gmt":"2022-11-08T16:31:39","slug":"gel-tardif-menace-sur-les-plantes-alpines","status":"publish","type":"post","link":"https:\/\/blog.creamontblanc.org?p=1384","title":{"rendered":"Gel tardif : menace sur les plantes alpines ?"},"content":{"rendered":"<p><strong>Face au r\u00e9chauffement climatique et \u00e0 la diminution du manteau neigeux, les plantes alpines seraient-elles plus menac\u00e9es par le gel tardif qu\u2019avant ? Le sujet interroge la communaut\u00e9 scientifique. Geoffrey Klein, climatologue en th\u00e8se de doctorat \u00e0 l\u2019universit\u00e9 de Neuch\u00e2tel et collaborateur scientifique du CREA Mont-Blanc apporte une r\u00e9ponse, \u00e0 premi\u00e8re vue contre-intuitive.<\/strong><\/p>\n<figure id=\"attachment_1400\" class=\"thumbnail wp-caption aligncenter\" style=\"width: 1000px\"><img loading=\"lazy\" decoding=\"async\" class=\"size-full wp-image-1400\" src=\"http:\/\/blog.creamontblanc.org\/wp-content\/uploads\/2018\/08\/photo_geltardif_CRandin.jpg\" alt=\"Pelouse alpine au Jardin de Tal\u00e8fre, dans le Massif du Mont-Blanc (2 800 m) \u00a9 CRandin\" width=\"1000\" height=\"500\" srcset=\"https:\/\/blog.creamontblanc.org\/wp-content\/uploads\/2018\/08\/photo_geltardif_CRandin.jpg 1000w, https:\/\/blog.creamontblanc.org\/wp-content\/uploads\/2018\/08\/photo_geltardif_CRandin-300x150.jpg 300w, https:\/\/blog.creamontblanc.org\/wp-content\/uploads\/2018\/08\/photo_geltardif_CRandin-768x384.jpg 768w\" sizes=\"auto, (max-width: 1000px) 100vw, 1000px\" \/><figcaption class=\"caption wp-caption-text\"><em><strong>Pelouse alpine au Jardin de Tal\u00e8fre, dans le massif du Mont-Blanc (2 800 m) <\/strong>\u00a9 CRandin<\/em><\/figcaption><\/figure>\n<p>Les plantes alpines ne seraient en effet pas plus menac\u00e9es aujourd\u2019hui par le gel tardif qu\u2019en 1970, malgr\u00e9 le r\u00e9chauffement climatique.<\/p>\n<p>Afin de pouvoir d\u00e9marrer sa croissance au printemps, la v\u00e9g\u00e9tation alpine est tr\u00e8s d\u00e9pendante de la date de fonte des neiges. Or, le manteau neigeux joue un r\u00f4le important de protection des plantes contre le froid et le gel. Le risque de gel tardif lors des jours suivant cette fonte est par cons\u00e9quent d\u00e9terminant. Une <a href=\"https:\/\/www.researchgate.net\/publication\/326361912\" target=\"_blank\" rel=\"noopener\">r\u00e9cente \u00e9tude publi\u00e9e<\/a> par Geoffrey Klein, doctorant en climatologie \u00e0 l\u2019Universit\u00e9 de Neuch\u00e2tel et collaborateur scientifique du CREA Mont-Blanc, analyse en d\u00e9tail ce risque d\u2019exposition au gel tardif des plantes alpines dans les Alpes suisses, dans un contexte de r\u00e9chauffement climatique.<\/p>\n<h2>Une forte interconnexion entre fonte des neiges et exposition au gel<\/h2>\n<p>&nbsp;<\/p>\n<figure id=\"attachment_1395\" class=\"thumbnail wp-caption aligncenter\" style=\"width: 500px\"><img loading=\"lazy\" decoding=\"async\" class=\"wp-image-1395\" src=\"http:\/\/blog.creamontblanc.org\/wp-content\/uploads\/2018\/08\/crocus_albiflorus_GKlein-300x225.jpg\" alt=\"Crocus Albiflorus, l\u2019une des toutes premi\u00e8res esp\u00e8ces de la pelouse alpine \u00e0 d\u00e9marrer sa croissance et sa floraison d\u00e8s que le manteau neigeux hivernal commence \u00e0 disparaitre \u00a9 G. Klein\" width=\"500\" height=\"375\" srcset=\"https:\/\/blog.creamontblanc.org\/wp-content\/uploads\/2018\/08\/crocus_albiflorus_GKlein-300x225.jpg 300w, https:\/\/blog.creamontblanc.org\/wp-content\/uploads\/2018\/08\/crocus_albiflorus_GKlein-768x576.jpg 768w, https:\/\/blog.creamontblanc.org\/wp-content\/uploads\/2018\/08\/crocus_albiflorus_GKlein-1000x750.jpg 1000w, https:\/\/blog.creamontblanc.org\/wp-content\/uploads\/2018\/08\/crocus_albiflorus_GKlein.jpg 1387w\" sizes=\"auto, (max-width: 500px) 100vw, 500px\" \/><figcaption class=\"caption wp-caption-text\"><strong>Crocus Albiflorus<\/strong><em><strong>, l\u2019une des toutes premi\u00e8res esp\u00e8ces de la pelouse alpine \u00e0 d\u00e9marrer sa croissance et sa floraison d\u00e8s que le manteau neigeux hivernal commence \u00e0 disparaitre <\/strong>\u00a9 G. Klein<\/em><\/figcaption><\/figure>\n<p>Depuis la deuxi\u00e8me moiti\u00e9 du XXe si\u00e8cle, le manteau neigeux alpin diminue progressivement, en termes de dur\u00e9e ou d&rsquo;\u00e9paisseur, aussi bien dans les plaines qu\u2019\u00e0 pr\u00e8s de 2 500 m d\u2019altitude. Le d\u00e9marrage de la croissance des plantes alpines, qui n\u00e9cessite une certaine accumulation de chaleur dans le sol, a g\u00e9n\u00e9ralement lieu dans les deux semaines qui suivent la date de fonte des neiges. Avec le r\u00e9chauffement climatique et une disparition de la couverture neigeuse de plus en plus pr\u00e9coce, la saison de croissance (apparition des bourgeons notamment) d\u00e9marre plus t\u00f4t dans la saison, ce qui expose les plantes \u00e0 un risque de d\u00e9g\u00e2ts li\u00e9s au gel plus important.<\/p>\n<p>Cette relation entre fonte des neiges et d\u00e9marrage de la croissance des plantes a pu \u00eatre v\u00e9rifi\u00e9e gr\u00e2ce \u00e0 la pr\u00e9sence de plus de 100 stations m\u00e9t\u00e9orologiques situ\u00e9es dans les Alpes suisses, jusqu\u2019\u00e0 des altitudes proches de 3 000 m. Celles-ci mesurent en continu l\u2019\u00e9paisseur du manteau neigeux depuis le d\u00e9but des ann\u00e9es 1990. Les donn\u00e9es ont effectivement d\u00e9montr\u00e9 qu\u2019une date de fonte des neiges plus pr\u00e9coce engendre le plus souvent un risque d\u2019exposition au gel plus important pour les plantes alpines, lors des quelques jours suivant cette fonte.<\/p>\n<h2>Aucun changement du risque d\u2019exposition au gel depuis 50 ans<\/h2>\n<p>Avec une disparition du manteau neigeux plus pr\u00e9coce de pr\u00e8s de 30 jours depuis 1970, il semble in\u00e9vitable que les plantes alpines aient subi une exposition au gel de plus en plus importante pendant cette m\u00eame p\u00e9riode. Paradoxalement, cette \u00e9tude a d\u00e9montr\u00e9 &#8211; gr\u00e2ce \u00e0 l\u2019analyse de 6 autres stations m\u00e9t\u00e9orologiques poss\u00e9dant des donn\u00e9es sur le long-terme &#8211; que ce risque d\u2019exposition au gel est rest\u00e9 inchang\u00e9 depuis les ann\u00e9es 1970 dans les Alpes suisses.<\/p>\n<figure id=\"attachment_1393\" class=\"thumbnail wp-caption aligncenter\" style=\"width: 485px\"><img loading=\"lazy\" decoding=\"async\" class=\"wp-image-1393\" src=\"http:\/\/blog.creamontblanc.org\/wp-content\/uploads\/2018\/08\/rechauffement_GKlein_Klein_et_al_2018-291x300.png\" alt=\"Tendances estim\u00e9es (pente par d\u00e9cennie) de l\u2019\u00e9volution de la temp\u00e9rature moyenne mensuelle minimale (en bleu) et maximale (en rouge) de l\u2019air sur la p\u00e9riode 1970-2016 pour 6 stations m\u00e9t\u00e9orologiques situ\u00e9es dans les Alpes suisses entre 1400 et 2500m d\u2019altitude. \u00a9 G. Klein, Klein et al. (2018)\" width=\"485\" height=\"500\" srcset=\"https:\/\/blog.creamontblanc.org\/wp-content\/uploads\/2018\/08\/rechauffement_GKlein_Klein_et_al_2018-291x300.png 291w, https:\/\/blog.creamontblanc.org\/wp-content\/uploads\/2018\/08\/rechauffement_GKlein_Klein_et_al_2018-768x792.png 768w, https:\/\/blog.creamontblanc.org\/wp-content\/uploads\/2018\/08\/rechauffement_GKlein_Klein_et_al_2018-969x1000.png 969w, https:\/\/blog.creamontblanc.org\/wp-content\/uploads\/2018\/08\/rechauffement_GKlein_Klein_et_al_2018.png 1385w\" sizes=\"auto, (max-width: 485px) 100vw, 485px\" \/><figcaption class=\"caption wp-caption-text\"><strong><em>Tendances estim\u00e9es (pente par d\u00e9cennie) de l\u2019\u00e9volution de la temp\u00e9rature moyenne mensuelle minimale (en bleu) et maximale (en rouge) de l\u2019air sur la p\u00e9riode 1970-2016 pour 6 stations m\u00e9t\u00e9orologiques situ\u00e9es dans les Alpes suisses entre 1400 et 2500m d\u2019altitude. <\/em><\/strong><em>\u00a9 G. Klein, Klein et al. (2018)<\/em><\/figcaption><\/figure>\n<p><em>La marge d\u2019erreur de chaque tendance est repr\u00e9sent\u00e9e par un segment, tandis que le niveau de significativit\u00e9 de ces tendances est indiqu\u00e9 par des \u00e9toiles (* significatif \u00e0 au moins 95%, ** significatif \u00e0 au moins 99% et *** significatif \u00e0 au moins 99.9%)<\/em><\/p>\n<p>&nbsp;<\/p>\n<p>En approfondissant la question, les chercheurs se sont rendus compte que ce risque inchang\u00e9 pourrait \u00eatre au moins en partie li\u00e9 au r\u00e9chauffement climatique qui a eu lieu \u00e0 la m\u00eame p\u00e9riode. En effet, une date de fonte des neiges plus pr\u00e9coce dans la saison, coupl\u00e9e \u00e0 une augmentation moyenne des temp\u00e9ratures de l\u2019air au printemps de 0.6\u00b0C par d\u00e9cennie entre 1970 et 2016, a permis de compenser un risque d\u2019exposition au gel th\u00e9oriquement plus important pour les plantes.<br \/>\nLors de ces derni\u00e8res d\u00e9cennies, les temp\u00e9ratures minimales ont en effet augment\u00e9 sensiblement \u00e0 la m\u00eame vitesse que les temp\u00e9ratures maximales, ce qui a permis de d\u00e9caler de la m\u00eame fa\u00e7on la ph\u00e9nologie des plantes alpines et les derniers \u00e9v\u00e8nements de gel potentiellement dommageables pour ces plantes.<\/p>\n<p>&nbsp;<\/p>\n<p>R\u00e9daction : Geoffrey Klein<\/p>\n<hr>\n<p><strong>En savoir plus (publications scientifiques en anglais) :<\/strong><\/p>\n<p><em><a href=\"https:\/\/www.researchgate.net\/publication\/326361912\" target=\"_blank\" rel=\"noopener\">Unchanged risk of frost exposure for subalpine and alpine plants after snowmelt in Switzerland despite climate warming<\/a><\/em> (Klein et al. 2018)<br \/>\n<em><a href=\"https:\/\/www.researchgate.net\/publication\/308480847\" target=\"_blank\" rel=\"noopener\">Shorter snow cover duration since 1970 in the Swiss Alps due to earlier snowmelt more than to later snow onset<\/a><\/em> (Klein et al. 2016)<br \/>\n<em><a href=\"https:\/\/www.researchgate.net\/publication\/306264318\" target=\"_blank\" rel=\"noopener\">\u2018Hearing\u2019 alpine plants growing after snowmelt: ultrasonic snow sensors provide long-term series of alpine plant phenology<\/a><\/em> (Vitasse et al. 2016)<\/p>\n<p>&nbsp;<\/p>\n<p>&nbsp;<\/p>\n","protected":false},"excerpt":{"rendered":"<p>Face au r\u00e9chauffement climatique et \u00e0 la diminution du manteau neigeux, les plantes alpines seraient-elles plus menac\u00e9es par le gel tardif qu\u2019avant ? Le sujet interroge la communaut\u00e9 scientifique. Geoffrey Klein, climatologue en th\u00e8se de doctorat \u00e0 l\u2019universit\u00e9 de Neuch\u00e2tel &hellip; <a href=\"https:\/\/blog.creamontblanc.org?p=1384\">Lire la suite\u00ad\u00ad<\/a><\/p>\n","protected":false},"author":5,"featured_media":1400,"comment_status":"open","ping_status":"open","sticky":false,"template":"","format":"standard","meta":{"_monsterinsights_skip_tracking":false,"_monsterinsights_sitenote_active":false,"_monsterinsights_sitenote_note":"","_monsterinsights_sitenote_category":0,"ngg_post_thumbnail":0,"footnotes":""},"categories":[194],"tags":[10,201],"class_list":["post-1384","post","type-post","status-publish","format-standard","has-post-thumbnail","hentry","category-la-recherche","tag-climat","tag-temperatures"],"aioseo_notices":[],"amp_enabled":true,"_links":{"self":[{"href":"https:\/\/blog.creamontblanc.org\/index.php?rest_route=\/wp\/v2\/posts\/1384","targetHints":{"allow":["GET"]}}],"collection":[{"href":"https:\/\/blog.creamontblanc.org\/index.php?rest_route=\/wp\/v2\/posts"}],"about":[{"href":"https:\/\/blog.creamontblanc.org\/index.php?rest_route=\/wp\/v2\/types\/post"}],"author":[{"embeddable":true,"href":"https:\/\/blog.creamontblanc.org\/index.php?rest_route=\/wp\/v2\/users\/5"}],"replies":[{"embeddable":true,"href":"https:\/\/blog.creamontblanc.org\/index.php?rest_route=%2Fwp%2Fv2%2Fcomments&post=1384"}],"version-history":[{"count":5,"href":"https:\/\/blog.creamontblanc.org\/index.php?rest_route=\/wp\/v2\/posts\/1384\/revisions"}],"predecessor-version":[{"id":1459,"href":"https:\/\/blog.creamontblanc.org\/index.php?rest_route=\/wp\/v2\/posts\/1384\/revisions\/1459"}],"wp:featuredmedia":[{"embeddable":true,"href":"https:\/\/blog.creamontblanc.org\/index.php?rest_route=\/wp\/v2\/media\/1400"}],"wp:attachment":[{"href":"https:\/\/blog.creamontblanc.org\/index.php?rest_route=%2Fwp%2Fv2%2Fmedia&parent=1384"}],"wp:term":[{"taxonomy":"category","embeddable":true,"href":"https:\/\/blog.creamontblanc.org\/index.php?rest_route=%2Fwp%2Fv2%2Fcategories&post=1384"},{"taxonomy":"post_tag","embeddable":true,"href":"https:\/\/blog.creamontblanc.org\/index.php?rest_route=%2Fwp%2Fv2%2Ftags&post=1384"}],"curies":[{"name":"wp","href":"https:\/\/api.w.org\/{rel}","templated":true}]}}