{"id":1378,"date":"2018-08-29T15:14:27","date_gmt":"2018-08-29T14:14:27","guid":{"rendered":"http:\/\/blog.creamontblanc.org?p=1378"},"modified":"2018-08-29T15:14:27","modified_gmt":"2018-08-29T14:14:27","slug":"contribuez-a-la-science-cet-automne","status":"publish","type":"post","link":"https:\/\/blog.creamontblanc.org?p=1378","title":{"rendered":"Contribuez \u00e0 la science cet automne !"},"content":{"rendered":"<p><strong>Vous \u00eates sensibles aux variations saisonni\u00e8res de votre environnement ? Rejoignez le programme Ph\u00e9noclim ! Rep\u00e9rez pr\u00e8s de chez vous les esp\u00e8ces sous surveillance, notez les dates auxquelles elles changent de couleur cet automne et contribuez ainsi \u00e0 la recherche scientifique sur les effets du changement climatique en montagne.<\/strong><\/p>\n<figure id=\"attachment_1381\" class=\"thumbnail wp-caption aligncenter\" style=\"width: 1000px\"><img loading=\"lazy\" decoding=\"async\" class=\"size-full wp-image-1381\" src=\"http:\/\/blog.creamontblanc.org\/wp-content\/uploads\/2018\/08\/170927_siseray_automne_CREAMontBlanc.jpg\" alt=\"Zone d'\u00e9tude Ph\u00e9noclim du Siseray, hameau de Vallorcine - mi-septembre 2017\u00a9 CREA Mont-Blanc\" width=\"1000\" height=\"500\" srcset=\"https:\/\/blog.creamontblanc.org\/wp-content\/uploads\/2018\/08\/170927_siseray_automne_CREAMontBlanc.jpg 1000w, https:\/\/blog.creamontblanc.org\/wp-content\/uploads\/2018\/08\/170927_siseray_automne_CREAMontBlanc-300x150.jpg 300w, https:\/\/blog.creamontblanc.org\/wp-content\/uploads\/2018\/08\/170927_siseray_automne_CREAMontBlanc-768x384.jpg 768w\" sizes=\"auto, (max-width: 1000px) 100vw, 1000px\" \/><figcaption class=\"caption wp-caption-text\"><em><strong>Zone d&rsquo;\u00e9tude Ph\u00e9noclim du Siseray, hameau de Vallorcine &#8211; mi-septembre 2017 <\/strong>\u00a9 CREA Mont-Blanc<\/em><\/figcaption><\/figure>\n<p>Pas besoin d\u2019\u00eatre un expert pour se rendre compte qu\u2019\u00e0 chaque saison, notre environnement change. Dans les prochaines semaines, les for\u00eats d\u2019altitude se pareront rapidement de jaunes et de rouge. La saison estivale s\u2019ach\u00e8ve \u00e0 peine mais l\u2019automne est d\u00e9j\u00e0 l\u00e0.<\/p>\n<p>L\u2019\u00e9tude des cycles saisonniers, ou ph\u00e9nologie, est l\u2019un des indicateurs les plus directs du changement climatique. L\u2019automne 2018 est-il pr\u00e9coce ou tardif ? Comment la biodiversit\u00e9 de montagne a-t-elle support\u00e9 le climat estival ? Les esp\u00e8ces sont-elles pr\u00eates pour l\u2019hiver ?<\/p>\n<p>Particuliers, scolaires et enseignants, professionnels de la montagne et de l\u2019environnement, gardes d\u2019espaces prot\u00e9g\u00e9s, accompagnateurs, associations, entreprises\u2026 la science a besoin de la participation de tous pour r\u00e9pondre \u00e0 ces questions !<\/p>\n<p>&nbsp;<\/p>\n<p style=\"text-align: center\"><strong>Devenez b\u00e9n\u00e9vole Ph\u00e9noclim : un protocole scientifique accessible tous !<\/strong><\/p>\n<p style=\"text-align: center\"><a href=\"http:\/\/phenoclim.org\/fr\/participer-devenir-observateur\" class=\"btn button btn-shortcode kad-btn kad-btn-primary\" id=\"kadbtn560\" target=\"_self\" style=\"color:#FFF;\">S'inscrire<\/a>\n<p>&nbsp;<\/p>\n<p>Les b\u00e9n\u00e9voles du programme Ph\u00e9noclim surveillent la flore et parfois la faune dans toutes les zones de montagne fran\u00e7aises et transfrontali\u00e8res. Il suffit d\u2019avoir des arbres pr\u00e8s de son domicile et d\u2019avoir envie d\u2019observer la nature ! Gr\u00e2ce \u00e0 un protocole d\u2019observation simple, \u00e0 un calendrier illustr\u00e9 des observations et \u00e0 des alertes et conseils envoy\u00e9s r\u00e9guli\u00e8rement par email, les b\u00e9n\u00e9voles et chercheurs travaillent ensemble pour mieux comprendre le fonctionnement de la montagne et les effets du changement climatique.<\/p>\n<p>&nbsp;<\/p>\n<p>R\u00e9daction : Charlotte Mader<\/p>\n<hr \/>\n<p><strong>Pour en savoir plus<\/strong><\/p>\n<p>\u00c9changez avec la communaut\u00e9 Ph\u00e9noclim sur le groupe Facebook <a href=\"https:\/\/www.facebook.com\/groups\/observateursdaltitude\/\" target=\"_blank\" rel=\"noopener\">Ph\u00e9noclim, les observateurs d\u2019altitude<\/a><br \/>\nProfessionnel et entreprises : si vous souhaitez mettre en place le programme de sciences participatives Ph\u00e9noclim au sein de votre structure (\u00e9cole, entreprise, association, etc), <a href=\"http:\/\/creamontblanc.org\/fr\/content\/contacts\" target=\"_blank\" rel=\"noopener\">contactez-nous<\/a><\/p>\n","protected":false},"excerpt":{"rendered":"<p>Vous \u00eates sensibles aux variations saisonni\u00e8res de votre environnement ? Rejoignez le programme Ph\u00e9noclim ! Rep\u00e9rez pr\u00e8s de chez vous les esp\u00e8ces sous surveillance, notez les dates auxquelles elles changent de couleur cet automne et contribuez ainsi \u00e0 la recherche &hellip; <a href=\"https:\/\/blog.creamontblanc.org?p=1378\">Lire la suite\u00ad\u00ad<\/a><\/p>\n","protected":false},"author":5,"featured_media":1381,"comment_status":"open","ping_status":"open","sticky":false,"template":"","format":"standard","meta":{"_monsterinsights_skip_tracking":false,"_monsterinsights_sitenote_active":false,"_monsterinsights_sitenote_note":"","_monsterinsights_sitenote_category":0,"ngg_post_thumbnail":0,"footnotes":""},"categories":[31],"tags":[46,38],"class_list":["post-1378","post","type-post","status-publish","format-standard","has-post-thumbnail","hentry","category-sciences-participatives","tag-phenoclim","tag-science-participative"],"aioseo_notices":[],"amp_enabled":true,"_links":{"self":[{"href":"https:\/\/blog.creamontblanc.org\/index.php?rest_route=\/wp\/v2\/posts\/1378","targetHints":{"allow":["GET"]}}],"collection":[{"href":"https:\/\/blog.creamontblanc.org\/index.php?rest_route=\/wp\/v2\/posts"}],"about":[{"href":"https:\/\/blog.creamontblanc.org\/index.php?rest_route=\/wp\/v2\/types\/post"}],"author":[{"embeddable":true,"href":"https:\/\/blog.creamontblanc.org\/index.php?rest_route=\/wp\/v2\/users\/5"}],"replies":[{"embeddable":true,"href":"https:\/\/blog.creamontblanc.org\/index.php?rest_route=%2Fwp%2Fv2%2Fcomments&post=1378"}],"version-history":[{"count":3,"href":"https:\/\/blog.creamontblanc.org\/index.php?rest_route=\/wp\/v2\/posts\/1378\/revisions"}],"predecessor-version":[{"id":1383,"href":"https:\/\/blog.creamontblanc.org\/index.php?rest_route=\/wp\/v2\/posts\/1378\/revisions\/1383"}],"wp:featuredmedia":[{"embeddable":true,"href":"https:\/\/blog.creamontblanc.org\/index.php?rest_route=\/wp\/v2\/media\/1381"}],"wp:attachment":[{"href":"https:\/\/blog.creamontblanc.org\/index.php?rest_route=%2Fwp%2Fv2%2Fmedia&parent=1378"}],"wp:term":[{"taxonomy":"category","embeddable":true,"href":"https:\/\/blog.creamontblanc.org\/index.php?rest_route=%2Fwp%2Fv2%2Fcategories&post=1378"},{"taxonomy":"post_tag","embeddable":true,"href":"https:\/\/blog.creamontblanc.org\/index.php?rest_route=%2Fwp%2Fv2%2Ftags&post=1378"}],"curies":[{"name":"wp","href":"https:\/\/api.w.org\/{rel}","templated":true}]}}