{"id":1353,"date":"2018-08-29T10:25:54","date_gmt":"2018-08-29T09:25:54","guid":{"rendered":"http:\/\/blog.creamontblanc.org?p=1353"},"modified":"2018-11-20T11:09:38","modified_gmt":"2018-11-20T10:09:38","slug":"participation-citoyenne-2018-merci","status":"publish","type":"post","link":"https:\/\/blog.creamontblanc.org?p=1353","title":{"rendered":"Participation citoyenne 2018, merci !"},"content":{"rendered":"<p><strong>Les derni\u00e8res observations printani\u00e8res du programme de sciences participatives Ph\u00e9noclim sont en train d\u2019\u00eatre saisies. Il est temps de faire le bilan sur ce nouveau printemps riche en observations et de remercier tous les b\u00e9n\u00e9voles qui ont contribu\u00e9 \u00e0 r\u00e9colter les donn\u00e9es pr\u00e9cieuses, indispensables \u00e0 l\u2019avanc\u00e9e de la recherche scientifique.<\/strong><\/p>\n<figure id=\"attachment_1365\" class=\"thumbnail wp-caption aligncenter\" style=\"width: 1000px\"><img loading=\"lazy\" decoding=\"async\" class=\"size-full wp-image-1365\" src=\"http:\/\/blog.creamontblanc.org\/wp-content\/uploads\/2018\/08\/20180504_Phenoclim_Vallorcine_LyceeSaussure.jpg\" alt=\"Initiation \u00e0 l'observation ph\u00e9nologique aux jumelles avec des \u00e9tudiants du Lyc\u00e9e de Saussure (CH) \u00a9 SPozzi\" width=\"1000\" height=\"500\" srcset=\"https:\/\/blog.creamontblanc.org\/wp-content\/uploads\/2018\/08\/20180504_Phenoclim_Vallorcine_LyceeSaussure.jpg 1000w, https:\/\/blog.creamontblanc.org\/wp-content\/uploads\/2018\/08\/20180504_Phenoclim_Vallorcine_LyceeSaussure-300x150.jpg 300w, https:\/\/blog.creamontblanc.org\/wp-content\/uploads\/2018\/08\/20180504_Phenoclim_Vallorcine_LyceeSaussure-768x384.jpg 768w\" sizes=\"auto, (max-width: 1000px) 100vw, 1000px\" \/><figcaption class=\"caption wp-caption-text\"><em><strong>Initiation \u00e0 l&rsquo;observation ph\u00e9nologique aux jumelles avec des \u00e9tudiants du Lyc\u00e9e de Saussure (CH) <\/strong>\u00a9 SPozzi<\/em><\/figcaption><\/figure>\n<h2>Sciences participatives 2018 : mission accomplie<\/h2>\n<p>Plus de 2100 observations nous ont d\u00e9j\u00e0 \u00e9t\u00e9 envoy\u00e9es cette saison. Elles ont permis de montrer que la ph\u00e9nologie des plantes pour ce printemps 2018 a \u00e9t\u00e9 tr\u00e8s l\u00e9g\u00e8rement tardive par rapport aux derni\u00e8res ann\u00e9es (+3,2 jours \u00e0 basse altitude et + 2,0 jours \u00e0 haute altitude par rapport \u00e0 la moyenne 2006-2018). Tous les r\u00e9sultats sont disponibles en ligne et accessibles \u00e0 tous gratuitement sur la page <a href=\"http:\/\/phenoclim.org\/fr\/bilans-saisonniers\" target=\"_blank\" rel=\"noopener\">Les bilans saisonniers<\/a> du site Internet <a href=\"http:\/\/phenoclim.org\/\" target=\"_blank\" rel=\"noopener\">Ph\u00e9noclim<\/a>.<\/p>\n<h2>Merci aux b\u00e9n\u00e9voles des 117 zones d&rsquo;\u00e9tude !<\/h2>\n<p>MERCI \u00e0 tous les b\u00e9n\u00e9voles qui ont particip\u00e9 aux suivis de la flore, de la faune et de l\u2019enneigement pendant ce printemps 2018. Nous adressons nos f\u00e9licitations aux <em>ph\u00e9noclimeurs<\/em> qui nous ont rejoints cette ann\u00e9e et \u00e0 ceux qui participent depuis plus longtemps, parfois m\u00eame depuis le d\u00e9but de l\u2019aventure Ph\u00e9noclim en 2004 !<br \/>\nComme chaque ann\u00e9e, les participants ont des profils tr\u00e8s vari\u00e9es : \u00e9tablissements scolaires, centres de d\u00e9couverte, particuliers, espaces prot\u00e9g\u00e9s, mairies, associations et entreprises.<\/p>\n<figure id=\"attachment_1354\" class=\"thumbnail wp-caption aligncenter\" style=\"width: 1000px\"><img loading=\"lazy\" decoding=\"async\" class=\"size-large wp-image-1354\" src=\"http:\/\/blog.creamontblanc.org\/wp-content\/uploads\/2018\/08\/Classement_Observateur_Printemps_2018-1000x321.png\" alt=\"Observateurs Ph\u00e9noclim, printemps 2018 \u00a9 CREA Mont-Blanc\" width=\"1000\" height=\"321\" srcset=\"https:\/\/blog.creamontblanc.org\/wp-content\/uploads\/2018\/08\/Classement_Observateur_Printemps_2018-1000x321.png 1000w, https:\/\/blog.creamontblanc.org\/wp-content\/uploads\/2018\/08\/Classement_Observateur_Printemps_2018-300x96.png 300w, https:\/\/blog.creamontblanc.org\/wp-content\/uploads\/2018\/08\/Classement_Observateur_Printemps_2018-768x247.png 768w, https:\/\/blog.creamontblanc.org\/wp-content\/uploads\/2018\/08\/Classement_Observateur_Printemps_2018.png 1522w\" sizes=\"auto, (max-width: 1000px) 100vw, 1000px\" \/><figcaption class=\"caption wp-caption-text\"><em><strong>Observateurs Ph\u00e9noclim, printemps 2018<\/strong> \u00a9 CREA Mont-Blanc<\/em><\/figcaption><\/figure>\n<h2>Le r\u00e9seau des observateurs Ph\u00e9noclim se renforce et s\u2019\u00e9tend<\/h2>\n<p>En moyenne, les sites suivis en 2018 sont \u00e9tudi\u00e9s depuis 6 ans. Il s\u2019agit d\u2019une dur\u00e9e particuli\u00e8rement longue pour un programme de sciences participatives, ce qui illustre la confiance et l\u2019int\u00e9r\u00eat des participants. Une vingtaine de nouveaux sites Ph\u00e9noclim vient renforcer le r\u00e9seau d\u2019observation : la communaut\u00e9 s\u2019agrandit, notamment dans les Pyr\u00e9n\u00e9es.<\/p>\n<p>&nbsp;<\/p>\n<figure id=\"attachment_1356\" class=\"thumbnail wp-caption aligncenter\" style=\"width: 500px\"><img loading=\"lazy\" decoding=\"async\" class=\"wp-image-1356 \" src=\"http:\/\/blog.creamontblanc.org\/wp-content\/uploads\/2018\/08\/Carto_Nouveaux_participants_2018_Qgis-1000x616.png\" alt=\"R\u00e9partition des sites d\u2019observation du printemps 2018. Les sites cr\u00e9es en 2018 sont repr\u00e9sent\u00e9s en violet \u00a9 CREA Mont-Blanc \" width=\"500\" height=\"308\" srcset=\"https:\/\/blog.creamontblanc.org\/wp-content\/uploads\/2018\/08\/Carto_Nouveaux_participants_2018_Qgis-1000x616.png 1000w, https:\/\/blog.creamontblanc.org\/wp-content\/uploads\/2018\/08\/Carto_Nouveaux_participants_2018_Qgis-300x185.png 300w, https:\/\/blog.creamontblanc.org\/wp-content\/uploads\/2018\/08\/Carto_Nouveaux_participants_2018_Qgis-768x473.png 768w, https:\/\/blog.creamontblanc.org\/wp-content\/uploads\/2018\/08\/Carto_Nouveaux_participants_2018_Qgis-80x50.png 80w\" sizes=\"auto, (max-width: 500px) 100vw, 500px\" \/><figcaption class=\"caption wp-caption-text\"><em><strong>R\u00e9partition des sites d\u2019observation du printemps 2018. Les sites cr\u00e9es en 2018 sont repr\u00e9sent\u00e9s en violet <\/strong>\u00a9 CREA Mont-Blanc<\/em><\/figcaption><\/figure>\n<h2>Il n\u2019est pas trop tard pour saisir vos donn\u00e9es !<\/h2>\n<p>Pour les participants n\u2019ayant pas enregistr\u00e9 leurs observations, il est encore temps de le faire via votre <a href=\"http:\/\/phenoclim.org\/fr\/espace-personnel\" target=\"_blank\" rel=\"noopener\">espace personnel en ligne<\/a> ou l\u2019application mobile Ph\u00e9noclim. Les chercheurs du CREA Mont-Blanc ont besoin d\u2019un maximum de donn\u00e9es pour les recherches en cours. Vous \u00e9tiez absent ou occup\u00e9 et n\u2019avez pas fait d\u2019observation cette saison\u00a0? Aucun probl\u00e8me, reprenez la saison suivante\u00a0: une interruption vaut mieux que l\u2019abandon complet de votre zone\u00a0!<\/p>\n<h2>La saison automnale se pr\u00e9pare d\u00e9j\u00e0<\/h2>\n<p>Les observations automnales d\u00e9marreront d\u00e8s septembre. En plus des esp\u00e8ces classiquement \u00e9tudi\u00e9es \u00e0 l\u2019automne dans Ph\u00e9noclim (bouleaux, m\u00e9l\u00e8ze, sorbier), il est d\u00e9sormais possible d\u2019observer le h\u00eatre.<\/p>\n<p>Vous connaissez des zones o\u00f9 ces esp\u00e8ces sont pr\u00e9sentes et o\u00f9 vous passez r\u00e9guli\u00e8rement ? N\u2019h\u00e9sitez plus : rejoignez le r\u00e9seau Ph\u00e9noclim et observez le changement de couleur des feuilles !<\/p>\n<p style=\"text-align: center\"><a href=\"http:\/\/phenoclim.org\/fr\/participer-devenir-observateur\" class=\"btn button btn-shortcode kad-btn kad-btn-primary\" id=\"kadbtn234\" target=\"_self\" style=\"color:#FFF;\">Participez !<\/a>\n<p>&nbsp;<\/p>\n<p>R\u00e9daction : Colin Van Reeth<\/p>\n","protected":false},"excerpt":{"rendered":"<p>Les derni\u00e8res observations printani\u00e8res du programme de sciences participatives Ph\u00e9noclim sont en train d\u2019\u00eatre saisies. Il est temps de faire le bilan sur ce nouveau printemps riche en observations et de remercier tous les b\u00e9n\u00e9voles qui ont contribu\u00e9 \u00e0 r\u00e9colter &hellip; <a href=\"https:\/\/blog.creamontblanc.org?p=1353\">Lire la suite\u00ad\u00ad<\/a><\/p>\n","protected":false},"author":12,"featured_media":1365,"comment_status":"open","ping_status":"open","sticky":false,"template":"","format":"standard","meta":{"_monsterinsights_skip_tracking":false,"_monsterinsights_sitenote_active":false,"_monsterinsights_sitenote_note":"","_monsterinsights_sitenote_category":0,"ngg_post_thumbnail":0,"footnotes":""},"categories":[31],"tags":[46,38],"class_list":["post-1353","post","type-post","status-publish","format-standard","has-post-thumbnail","hentry","category-sciences-participatives","tag-phenoclim","tag-science-participative"],"aioseo_notices":[],"amp_enabled":true,"_links":{"self":[{"href":"https:\/\/blog.creamontblanc.org\/index.php?rest_route=\/wp\/v2\/posts\/1353","targetHints":{"allow":["GET"]}}],"collection":[{"href":"https:\/\/blog.creamontblanc.org\/index.php?rest_route=\/wp\/v2\/posts"}],"about":[{"href":"https:\/\/blog.creamontblanc.org\/index.php?rest_route=\/wp\/v2\/types\/post"}],"author":[{"embeddable":true,"href":"https:\/\/blog.creamontblanc.org\/index.php?rest_route=\/wp\/v2\/users\/12"}],"replies":[{"embeddable":true,"href":"https:\/\/blog.creamontblanc.org\/index.php?rest_route=%2Fwp%2Fv2%2Fcomments&post=1353"}],"version-history":[{"count":9,"href":"https:\/\/blog.creamontblanc.org\/index.php?rest_route=\/wp\/v2\/posts\/1353\/revisions"}],"predecessor-version":[{"id":1491,"href":"https:\/\/blog.creamontblanc.org\/index.php?rest_route=\/wp\/v2\/posts\/1353\/revisions\/1491"}],"wp:featuredmedia":[{"embeddable":true,"href":"https:\/\/blog.creamontblanc.org\/index.php?rest_route=\/wp\/v2\/media\/1365"}],"wp:attachment":[{"href":"https:\/\/blog.creamontblanc.org\/index.php?rest_route=%2Fwp%2Fv2%2Fmedia&parent=1353"}],"wp:term":[{"taxonomy":"category","embeddable":true,"href":"https:\/\/blog.creamontblanc.org\/index.php?rest_route=%2Fwp%2Fv2%2Fcategories&post=1353"},{"taxonomy":"post_tag","embeddable":true,"href":"https:\/\/blog.creamontblanc.org\/index.php?rest_route=%2Fwp%2Fv2%2Ftags&post=1353"}],"curies":[{"name":"wp","href":"https:\/\/api.w.org\/{rel}","templated":true}]}}