{"id":1348,"date":"2018-08-28T15:12:04","date_gmt":"2018-08-28T14:12:04","guid":{"rendered":"http:\/\/blog.creamontblanc.org?p=1348"},"modified":"2022-11-09T15:33:48","modified_gmt":"2022-11-09T14:33:48","slug":"bilan-de-printemps-2018","status":"publish","type":"post","link":"https:\/\/blog.creamontblanc.org?p=1348","title":{"rendered":"Bilan de printemps 2018"},"content":{"rendered":"<p><strong>Ann\u00e9e chaude ou ann\u00e9e froide, d\u00e9calage des \u00e9v\u00e8nements ph\u00e9nologiques&#8230; Comment la flore s&rsquo;adapte-t-elle au climat, saison apr\u00e8s saison ? Les chercheurs font un bilan des observations participatives du programmes Ph\u00e9noclim au printemps et \u00e0 l&rsquo;automne pour nous \u00e9clairer sur le ph\u00e9nom\u00e8ne. Retour sur ce printemps 2018 qui illustre bien la variation de r\u00e9ponses des esp\u00e8ces face aux m\u00eames conditions environnementales.<\/strong><\/p>\n<p>&nbsp;<\/p>\n<figure id=\"attachment_1349\" class=\"thumbnail wp-caption aligncenter\" style=\"width: 1000px\"><img loading=\"lazy\" decoding=\"async\" class=\"size-full wp-image-1349\" src=\"http:\/\/blog.creamontblanc.org\/wp-content\/uploads\/2018\/08\/debourrement_meleze_phenoclim_CREAMontBlanc.jpg\" alt=\"D\u00e9bourrement d'un m\u00e9l\u00e8ze \u00a9 CREA Mont-Blanc\" width=\"1000\" height=\"500\" srcset=\"https:\/\/blog.creamontblanc.org\/wp-content\/uploads\/2018\/08\/debourrement_meleze_phenoclim_CREAMontBlanc.jpg 1000w, https:\/\/blog.creamontblanc.org\/wp-content\/uploads\/2018\/08\/debourrement_meleze_phenoclim_CREAMontBlanc-300x150.jpg 300w, https:\/\/blog.creamontblanc.org\/wp-content\/uploads\/2018\/08\/debourrement_meleze_phenoclim_CREAMontBlanc-768x384.jpg 768w\" sizes=\"auto, (max-width: 1000px) 100vw, 1000px\" \/><figcaption class=\"caption wp-caption-text\"><em><strong>D\u00e9bourrement d&rsquo;un m\u00e9l\u00e8ze \u00a9 CREA Mont-Blanc<\/strong><\/em><\/figcaption><\/figure>\n<p>&nbsp;<\/p>\n<h2>Indice de printemps 2018<\/h2>\n<p>L\u2019hiver 2018 s\u2019est caract\u00e9ris\u00e9 par des pr\u00e9cipitations importantes et des temp\u00e9ratures dans la moyenne des ann\u00e9es pr\u00e9c\u00e9dentes. En r\u00e9ponse \u00e0 ces conditions climatiques, les \u00e9v\u00e8nements ph\u00e9nologiques de la v\u00e9g\u00e9tation et des m\u00e9sanges se situent globalement dans la moyenne des derni\u00e8res ann\u00e9es. Ce n&rsquo;est pas le cas des grenouilles, dont les pontesont \u00e9t\u00e9 observ\u00e9es bien plus tard qu&rsquo;\u00e0 l&rsquo;accoutum\u00e9e.<\/p>\n<p>&nbsp;<\/p>\n<p style=\"text-align: center\"><strong>Consultez le bilan complet sur le site Ph\u00e9noclim :<\/strong><\/p>\n<p style=\"text-align: center\"><a href=\"http:\/\/phenoclim.org\/sites\/default\/files\/atoms\/files\/2018_bilan_printemps_phenoclim_creamontblanc_0.pdf\" class=\"btn button btn-shortcode kad-btn kad-btn-primary\" id=\"kadbtn302\" target=\"_blank\" style=\"color:#FFF;\">Bilan de printemps 2018<\/a>\n<p>&nbsp;<\/p>\n<p>La participation citoyenne est primordiale pour multiplier le nombre de donn\u00e9es r\u00e9colt\u00e9es et obtenir des r\u00e9sultats scientifiques fiables. D\u00e9couvrez le protocole Ph\u00e9noclim, fromez-vous \u00e0 l&rsquo;observation des cycles saisonniers (c&rsquo;est simple et accessible \u00e0 tous !) et contribuez \u00e0 la recherche scientifique d\u00e8s cet automne !<\/p>\n<p style=\"text-align: center\"><a href=\"http:\/\/phenoclim.org\/fr\/participer-devenir-observateur\" class=\"btn button btn-shortcode kad-btn kad-btn-primary\" id=\"kadbtn428\" target=\"_self\" style=\"color:#FFF;\">Participez<\/a>\n<p>&nbsp;<\/p>\n<p>R\u00e9daction : Colin Van Reeth<\/p>\n","protected":false},"excerpt":{"rendered":"<p>Ann\u00e9e chaude ou ann\u00e9e froide, d\u00e9calage des \u00e9v\u00e8nements ph\u00e9nologiques&#8230; Comment la flore s&rsquo;adapte-t-elle au climat, saison apr\u00e8s saison ? Les chercheurs font un bilan des observations participatives du programmes Ph\u00e9noclim au printemps et \u00e0 l&rsquo;automne pour nous \u00e9clairer sur le &hellip; <a href=\"https:\/\/blog.creamontblanc.org?p=1348\">Lire la suite\u00ad\u00ad<\/a><\/p>\n","protected":false},"author":12,"featured_media":1349,"comment_status":"open","ping_status":"open","sticky":false,"template":"","format":"standard","meta":{"_monsterinsights_skip_tracking":false,"_monsterinsights_sitenote_active":false,"_monsterinsights_sitenote_note":"","_monsterinsights_sitenote_category":0,"ngg_post_thumbnail":0,"footnotes":""},"categories":[31],"tags":[218,49,46,35],"class_list":["post-1348","post","type-post","status-publish","format-standard","has-post-thumbnail","hentry","category-sciences-participatives","tag-grenouilles","tag-mesanges-noires","tag-phenoclim","tag-phenologie"],"aioseo_notices":[],"amp_enabled":true,"_links":{"self":[{"href":"https:\/\/blog.creamontblanc.org\/index.php?rest_route=\/wp\/v2\/posts\/1348","targetHints":{"allow":["GET"]}}],"collection":[{"href":"https:\/\/blog.creamontblanc.org\/index.php?rest_route=\/wp\/v2\/posts"}],"about":[{"href":"https:\/\/blog.creamontblanc.org\/index.php?rest_route=\/wp\/v2\/types\/post"}],"author":[{"embeddable":true,"href":"https:\/\/blog.creamontblanc.org\/index.php?rest_route=\/wp\/v2\/users\/12"}],"replies":[{"embeddable":true,"href":"https:\/\/blog.creamontblanc.org\/index.php?rest_route=%2Fwp%2Fv2%2Fcomments&post=1348"}],"version-history":[{"count":4,"href":"https:\/\/blog.creamontblanc.org\/index.php?rest_route=\/wp\/v2\/posts\/1348\/revisions"}],"predecessor-version":[{"id":1363,"href":"https:\/\/blog.creamontblanc.org\/index.php?rest_route=\/wp\/v2\/posts\/1348\/revisions\/1363"}],"wp:featuredmedia":[{"embeddable":true,"href":"https:\/\/blog.creamontblanc.org\/index.php?rest_route=\/wp\/v2\/media\/1349"}],"wp:attachment":[{"href":"https:\/\/blog.creamontblanc.org\/index.php?rest_route=%2Fwp%2Fv2%2Fmedia&parent=1348"}],"wp:term":[{"taxonomy":"category","embeddable":true,"href":"https:\/\/blog.creamontblanc.org\/index.php?rest_route=%2Fwp%2Fv2%2Fcategories&post=1348"},{"taxonomy":"post_tag","embeddable":true,"href":"https:\/\/blog.creamontblanc.org\/index.php?rest_route=%2Fwp%2Fv2%2Ftags&post=1348"}],"curies":[{"name":"wp","href":"https:\/\/api.w.org\/{rel}","templated":true}]}}