{"id":1261,"date":"2018-06-21T10:08:08","date_gmt":"2018-06-21T09:08:08","guid":{"rendered":"http:\/\/blog.creamontblanc.org?p=1261"},"modified":"2018-06-22T10:22:56","modified_gmt":"2018-06-22T09:22:56","slug":"mysteres-sismologiques-percer-les-secrets-des-alpes","status":"publish","type":"post","link":"https:\/\/blog.creamontblanc.org?p=1261","title":{"rendered":"G\u00e9ologie et sismologie : percer les secrets des Alpes"},"content":{"rendered":"<p><strong>Anne Paul, sismologue \u00e0 Grenoble, cherche \u00e0 cartographier la structure profonde des Alpes. La plus embl\u00e9matique des chaines de montagne rec\u00e8le bien des myst\u00e8res et d\u00e9chaine les passions dans le domaine de la sismologie. Retour sur le <em>Science Sandwich<\/em> de juin o\u00f9 elle a pr\u00e9sent\u00e9 ses travaux.<\/strong><!--more--><\/p>\n<figure id=\"attachment_1267\" class=\"thumbnail wp-caption aligncenter\" style=\"width: 1000px\"><img loading=\"lazy\" decoding=\"async\" class=\"size-full wp-image-1267\" src=\"http:\/\/blog.creamontblanc.org\/wp-content\/uploads\/2018\/06\/2018_Sc_Sandwich_6_Sismologie_Alps_Anne_Paul_CREAMontBlanc.jpg\" alt=\"Strucutre du massif alpin, vue du ciel \u00a9 Marco Verch cc\" width=\"1000\" height=\"500\" srcset=\"https:\/\/blog.creamontblanc.org\/wp-content\/uploads\/2018\/06\/2018_Sc_Sandwich_6_Sismologie_Alps_Anne_Paul_CREAMontBlanc.jpg 1000w, https:\/\/blog.creamontblanc.org\/wp-content\/uploads\/2018\/06\/2018_Sc_Sandwich_6_Sismologie_Alps_Anne_Paul_CREAMontBlanc-300x150.jpg 300w, https:\/\/blog.creamontblanc.org\/wp-content\/uploads\/2018\/06\/2018_Sc_Sandwich_6_Sismologie_Alps_Anne_Paul_CREAMontBlanc-768x384.jpg 768w\" sizes=\"auto, (max-width: 1000px) 100vw, 1000px\" \/><figcaption class=\"caption wp-caption-text\"><em><strong>Structure de la chaine alpine, vue du ciel <\/strong>\u00a9 Marco Verch cc<\/em><\/figcaption><\/figure>\n<p>Plusieurs grandes exp\u00e9riences internationales d\u2019imagerie sismique sont en cours pour \u00e9clairer les myst\u00e8res de la formation et de la structure profonde des Alpes. Ce mardi 19 juin 2018, Anne Paul, sismologue de l\u2019Institut des Sciences de la Terre de Grenoble (Universit\u00e9 Grenoble Alpes et CNRS) a pr\u00e9sent\u00e9 un \u00e9tat des lieux des connaissances sur le sujet lors du <em>Science Sandwich<\/em> \u00ab Quand les sismologues radiographient la collision des continents sous les Alpes \u00bb.<\/p>\n<h2>Des si\u00e8cles de passion scientifique pour les Alpes<\/h2>\n<p>De nombreux chercheurs \u00e0 travers le monde se passionnent pour la g\u00e9ologie des Alpes, et ce depuis le 18<sup>\u00e8me<\/sup> si\u00e8cle &#8211; De Saussure f\u00fbt l&rsquo;un des pionniers. L\u2019histoire des sciences sur le territoire est tr\u00e8s riche. En 1918, \u00c9mile Argand, professeur de g\u00e9ologie \u00e0 l\u2019Universit\u00e9 de Neuch\u00e2tel, a \u00e9t\u00e9 le premier \u00e0 associer la formation des cha\u00eenes de montagne aux d\u00e9placements horizontaux des continents \u00e0 la surface du globe, alors que simultan\u00e9ment, l\u2019Allemand Alfred Wegener lan\u00e7ait sa th\u00e9orie de la d\u00e9rive des continents. \u00c9mile Argand a r\u00e9volutionn\u00e9 la compr\u00e9hension des chaines de montagne &#8211; \u00e0 une \u00e9poque o\u00f9 l\u2019on pensait qu\u2019elles se formaient par contraction de la Terre en refroidissant. Les Alpes ont vu na\u00eetre de tr\u00e8s nombreux concepts de la g\u00e9ologie, au point que le c\u00e9l\u00e8bre g\u00e9ologue Pierre Termier a d\u00e9clar\u00e9 : \u00ab Tout g\u00e9ologue a deux patries : la sienne et les Alpes \u00bb.<\/p>\n<p>Aujourd\u2019hui, la recherche perdure pour \u00e9clairer les zones d\u2019ombre qui r\u00e9sistent encore \u00e0 la science. La Terre est loin d&rsquo;\u00eatre \u00ab transparente \u00bb, comme l\u2019explique Philippe Le Bouteiller, doctorant \u00e0 l\u2019Universit\u00e9 Grenoble Alpes. Le jeune chercheur a remport\u00e9 la finale nationale fran\u00e7aise du concours de vulgarisation scientifique <em>Ma th\u00e8se en 180 secondes<\/em> gr\u00e2ce \u00e0 sa prestation qui explique en trois minutes la propagation des ondes sismiques dans la terre.<\/p>\n<div class=\"kad-youtube-shortcode videofit\" style=\"max-width:500px;\" ><iframe loading=\"lazy\" width=\"600\" height=\"400\" src=\"\/\/www.youtube.com\/embed\/H6RY9WkdRiM?autoplay=0&amp;controls=1&amp;fs=1&amp;modestbranding=0&amp;theme=dark&amp;rel=0&amp;loop=0\" frameborder=\"0\" allowfullscreen=\"true\"><\/iframe><\/div>\n<h2>Les Alpes, surprenantes et complexes<\/h2>\n<p>Les Alpes sont l\u2019une des cha\u00eenes de montagne les plus compliqu\u00e9es, plus compliqu\u00e9es que les grandes chaines comme l\u2019Himalaya ou des Andes, rectilignes et relativement homog\u00e8nes. Dans un contexte de collision entre les plaques Africaine (au sud) et Eurasiatique (au Nord), les Alpes sont issues d\u2019une tr\u00e8s longue histoire de collisions et de subduction des plaques lithosph\u00e9riques. Cependant, nous manquons de donn\u00e9es g\u00e9ophysiques de qualit\u00e9 pour permettre de voir et de comprendre quels sont les moteurs de la formation des topographies, des soul\u00e8vements actuels ou de la sismicit\u00e9. S\u2019il est facile d\u2019imaginer la plaque tectonique continentale Eurasiatique plongeant sous la plaque Adriatique, il est bien plus complexe de visualiser les interactions entre des plaques qui tournent, se chevauchent, et plongent dans des directions oppos\u00e9es, jusqu\u2019\u00e0 plusieurs centaines de kilom\u00e8tres de profondeur. C\u2019est un v\u00e9ritable challenge de voir en profondeur sous les Alpes.<\/p>\n<h2>Les Alpes occidentales : fig\u00e9es mais pas inactives<\/h2>\n<p>\u00c0 l\u2019origine des chaines de montagne, deux plaques continentales se rencontrent : on a d\u2019abord convergence (d\u00e9placement horizontal), soul\u00e8vement (d\u00e9placement vertical) puis blocage. Les plaques s\u2019\u00e9cartent ensuite \u00e0 nouveau et la \u00ab chaine morte \u00bb s\u2019effondre. Tout cela dure des centaines de millions d\u2019ann\u00e9es.<\/p>\n<p>Gr\u00e2ce \u00e0 des stations GPS continues (ou stations g\u00e9od\u00e9siques), qui mesurent les d\u00e9placements de centaines de points \u00e0 la surface de la Terre pour \u00e9tudier les d\u00e9placements des plaques au millim\u00e8tre pr\u00e8s, on a pu constater que les Alpes occidentales sont en p\u00e9riode de \u00ab blocage \u00bb. Il n\u2019y a plus de convergence entre Lyon et Turin, \u00e0 grande \u00e9chelle. Entre l\u2019Italie et l\u2019Espagne au contraire, les plaques s\u2019\u00e9cartent et un oc\u00e9an se forme depuis plusieurs dizaines de millions d\u2019ann\u00e9es, l\u2019oc\u00e9an Ligure, sous la mer m\u00e9diterran\u00e9e.<\/p>\n<p>&nbsp;<\/p>\n<figure id=\"attachment_1262\" class=\"thumbnail wp-caption aligncenter\" style=\"width: 720px\"><img loading=\"lazy\" decoding=\"async\" class=\"size-full wp-image-1262\" src=\"http:\/\/blog.creamontblanc.org\/wp-content\/uploads\/2018\/06\/Diapositive09.jpg\" alt=\"D\u00e9placements horizontaux et verticaux mesur\u00e9s dans les Alpes fran\u00e7aises par GPS continu et nivellement \u00a9 Anne Paul, ISTerre\" width=\"720\" height=\"540\" srcset=\"https:\/\/blog.creamontblanc.org\/wp-content\/uploads\/2018\/06\/Diapositive09.jpg 720w, https:\/\/blog.creamontblanc.org\/wp-content\/uploads\/2018\/06\/Diapositive09-300x225.jpg 300w\" sizes=\"auto, (max-width: 720px) 100vw, 720px\" \/><figcaption class=\"caption wp-caption-text\"><em><strong>D\u00e9placements horizontaux et verticaux mesur\u00e9s dans les Alpes fran\u00e7aises par GPS continu et nivellement.&nbsp;Une des hypoth\u00e8ses pour expliquer cette activit\u00e9 sismique serait les mouvements de fluide \u00e0 l\u2019int\u00e9rieur de la Terre et les soul\u00e8vements qu\u2019ils engendrent. Dans la partie haute des Alpes fran\u00e7aises, on observe un soul\u00e8vement de l\u2019ordre de 2 \u00e0 3 mm par an. <\/strong>\u00a9 Anne Paul, ISTerre<\/em><\/figcaption><\/figure>\n<div class=\"mceTemp\">&nbsp;<em><strong>&nbsp;<\/strong><\/em><\/div>\n<p>\u00ab Blocage \u00bb ne signifie pas absence de mouvement : on enregistre une sismicit\u00e9 de niveau mod\u00e9r\u00e9 dans les Alpes franco-italiennes, plus importante dans les Alpes orientales o\u00f9 la convergence entre les deux plaques est encore active. Mais pourquoi a-t-on une sismicit\u00e9 significative dans des zones o\u00f9 il n\u2019y a pas de convergence de plaques ? Le paradoxe met \u00e0 mal les chercheurs. Une autre observation r\u00e9cente et surprenante est un soul\u00e8vement des zones les plus hautes de l\u2019arc alpin, de plus de 2 mm par an. La moiti\u00e9 de ce soul\u00e8vement actuel s\u2019explique par \u00ab rebond isostatique \u00bb li\u00e9 \u00e0 la fonte de la calotte glaciaire du quaternaire, mais l\u2019autre moiti\u00e9 reste inexpliqu\u00e9e et certains chercheurs proposent une cause profonde, dans le manteau terrestre.<\/p>\n<h2>Les technologies au service de l\u2019\u00e9tude de la structure de la cha\u00eene alpine<\/h2>\n<p>Des sismom\u00e8tres, qui enregistrent les vibrations du sol, servent \u00e0 reconstruire la vitesse de propagation des ondes sismiques et \u00e0 cartographier l\u2019int\u00e9rieur de la Terre. Pour am\u00e9liorer la compr\u00e9hension de ces ph\u00e9nom\u00e8nes, il est n\u00e9cessaire de d\u00e9ployer des r\u00e9seaux d\u2019observation denses, permanents ou temporaires sur quelques ann\u00e9es. Ces sismom\u00e8tres forment un maillage \u00e9troit : tous les 50 km \u00e0 travers toute la chaine alpine, y-compris en mer (AlpArray), et en ligne tous les 5 \u00e0 10 km \u00e0 travers les Alpes franco-italiennes et les Massifs du Mont-Blanc et du Grand Paradis (CIFALPS). Des projets comme CIFALPS ou AlpArray rassemblent plusieurs pays des r\u00e9gions alpines (11 dans le cas d\u2019AlpArray), de la France \u00e0 la Hongrie et de l\u2019Allemagne \u00e0 l\u2019Italie.<\/p>\n<p>&nbsp;<\/p>\n<figure id=\"attachment_1264\" class=\"thumbnail wp-caption aligncenter\" style=\"width: 720px\"><img loading=\"lazy\" decoding=\"async\" class=\"size-full wp-image-1264\" src=\"http:\/\/blog.creamontblanc.org\/wp-content\/uploads\/2018\/06\/Diapositive32.jpg\" alt=\"Installation de stations sismologiques \u00e0 terre et sous-marine (depuis le navire oc\u00e9anographique Pourquoi-Pas?) \u00a9 Anne Paul, ISTerre\" width=\"720\" height=\"540\" srcset=\"https:\/\/blog.creamontblanc.org\/wp-content\/uploads\/2018\/06\/Diapositive32.jpg 720w, https:\/\/blog.creamontblanc.org\/wp-content\/uploads\/2018\/06\/Diapositive32-300x225.jpg 300w\" sizes=\"auto, (max-width: 720px) 100vw, 720px\" \/><figcaption class=\"caption wp-caption-text\"><strong><em>Installation de stations sismologiques \u00e0 terre et sous-marines, depuis le <\/em>Pourquoi-Pas<em>, plus gros navire de la flotte oc\u00e9anique fran\u00e7aise. Les stations de mesure en mer n\u00e9cessitent une semaine d\u2019installation et trois semaines de d\u00e9montage pour 8 mois de fonctionnement. <\/em><\/strong><em>\u00a9 Anne Paul, ISTerre<\/em><\/figcaption><\/figure>\n<p>&nbsp;<\/p>\n<p>Coralie Aubert, ing\u00e9nieure \u00e0 l\u2019Institut des Sciences de la Terre de Grenoble, travaille \u00e9troitement avec Anne Paul et t\u00e9moigne des aspects de terrain. Responsable de l\u2019installation des stations sismologiques (une centaine dans l\u2019Est de la France), elle illustre la vari\u00e9t\u00e9 des param\u00e8tres \u00e0 prendre en compte : autonomie du mat\u00e9riel en \u00e9nergie, transmission des donn\u00e9es, dialogue avec les structures partenaires, couverture globale y compris en haute-montagne ou au fond de la mer\u2026 Le m\u00e9tier de sismologue est inattendu, complexe mais riche, et les passionn\u00e9s qui ont choisi cette voie doivent s&rsquo;adapter \u00e0 tous les terrains et conditions m\u00e9t\u00e9o.<\/p>\n<p>&nbsp;<\/p>\n<p>R\u00e9daction : Charlotte Mader<\/p>\n<hr>\n<p>Pour en savoir plus :<\/p>\n<p>&#8211; Le site Internet de l&rsquo;<a href=\"https:\/\/isterre.fr\/\" target=\"_blank\" rel=\"noopener\">Institut des Sciences de la Terre ISTerre<\/a> et la page d\u00e9di\u00e9e au projet <a href=\"https:\/\/isterre.fr\/recherche\/projets-de-recherche\/projets-en-cours\/projets-anr\/alparray-fr\" target=\"_blank\" rel=\"noopener\">Alp-Array<\/a><br \/>\n&#8211;&nbsp;Tout le <a href=\"http:\/\/blog.creamontblanc.org?p=1055\" target=\"_blank\" rel=\"noopener\">programme des <em>Sciences Sandwich<\/em> 2018<\/a><\/p>\n<p>&nbsp;<\/p>\n","protected":false},"excerpt":{"rendered":"<p>Anne Paul, sismologue \u00e0 Grenoble, cherche \u00e0 cartographier la structure profonde des Alpes. La plus embl\u00e9matique des chaines de montagne rec\u00e8le bien des myst\u00e8res et d\u00e9chaine les passions dans le domaine de la sismologie. Retour sur le Science Sandwich de &hellip; <a href=\"https:\/\/blog.creamontblanc.org?p=1261\">Lire la suite\u00ad\u00ad<\/a><\/p>\n","protected":false},"author":5,"featured_media":1267,"comment_status":"open","ping_status":"open","sticky":false,"template":"","format":"standard","meta":{"_monsterinsights_skip_tracking":false,"_monsterinsights_sitenote_active":false,"_monsterinsights_sitenote_note":"","_monsterinsights_sitenote_category":0,"ngg_post_thumbnail":0,"footnotes":""},"categories":[5],"tags":[8,129,18,12,123,128],"class_list":["post-1261","post","type-post","status-publish","format-standard","has-post-thumbnail","hentry","category-vie-association","tag-alpes","tag-geologie","tag-recherche","tag-rencontre","tag-science-sandwich","tag-sismologie"],"aioseo_notices":[],"amp_enabled":true,"_links":{"self":[{"href":"https:\/\/blog.creamontblanc.org\/index.php?rest_route=\/wp\/v2\/posts\/1261","targetHints":{"allow":["GET"]}}],"collection":[{"href":"https:\/\/blog.creamontblanc.org\/index.php?rest_route=\/wp\/v2\/posts"}],"about":[{"href":"https:\/\/blog.creamontblanc.org\/index.php?rest_route=\/wp\/v2\/types\/post"}],"author":[{"embeddable":true,"href":"https:\/\/blog.creamontblanc.org\/index.php?rest_route=\/wp\/v2\/users\/5"}],"replies":[{"embeddable":true,"href":"https:\/\/blog.creamontblanc.org\/index.php?rest_route=%2Fwp%2Fv2%2Fcomments&post=1261"}],"version-history":[{"count":11,"href":"https:\/\/blog.creamontblanc.org\/index.php?rest_route=\/wp\/v2\/posts\/1261\/revisions"}],"predecessor-version":[{"id":1287,"href":"https:\/\/blog.creamontblanc.org\/index.php?rest_route=\/wp\/v2\/posts\/1261\/revisions\/1287"}],"wp:featuredmedia":[{"embeddable":true,"href":"https:\/\/blog.creamontblanc.org\/index.php?rest_route=\/wp\/v2\/media\/1267"}],"wp:attachment":[{"href":"https:\/\/blog.creamontblanc.org\/index.php?rest_route=%2Fwp%2Fv2%2Fmedia&parent=1261"}],"wp:term":[{"taxonomy":"category","embeddable":true,"href":"https:\/\/blog.creamontblanc.org\/index.php?rest_route=%2Fwp%2Fv2%2Fcategories&post=1261"},{"taxonomy":"post_tag","embeddable":true,"href":"https:\/\/blog.creamontblanc.org\/index.php?rest_route=%2Fwp%2Fv2%2Ftags&post=1261"}],"curies":[{"name":"wp","href":"https:\/\/api.w.org\/{rel}","templated":true}]}}