{"id":1210,"date":"2018-05-28T13:22:14","date_gmt":"2018-05-28T12:22:14","guid":{"rendered":"http:\/\/blog.creamontblanc.org?p=1210"},"modified":"2022-11-08T17:33:26","modified_gmt":"2022-11-08T16:33:26","slug":"la-degradation-du-permafrost-des-enjeux-de-territoire","status":"publish","type":"post","link":"https:\/\/blog.creamontblanc.org?p=1210","title":{"rendered":"La d\u00e9gradation du permafrost : des enjeux de territoire"},"content":{"rendered":"<p><strong>La g\u00e9omorphologie du massif du Mont Blanc et ses \u00e9volutions face au changement climatique pose de nombreuses questions aux chercheurs et aux d\u00e9cideurs du territoire. Diff\u00e9rentes \u00e9tudes permettent de mieux comprendre ces m\u00e9canismes et d\u2019essayer de pr\u00e9venir les risques. Retour sur le <em>Science Sandwich<\/em> de mai avec Ludovic Ravanel.<\/strong><\/p>\n<p><!--more--><\/p>\n<figure id=\"attachment_1219\" class=\"thumbnail wp-caption aligncenter\" style=\"width: 1000px\"><img loading=\"lazy\" decoding=\"async\" class=\"size-full wp-image-1219\" src=\"http:\/\/blog.creamontblanc.org\/wp-content\/uploads\/2018\/05\/Geomorphologie_Ludovic_Ravanel.jpg\" alt=\"\u00f1volution des paysages g\u00e9omorphologiques du Massif du Mont-Blanc \u00a9 LRavanel\" width=\"1000\" height=\"500\" srcset=\"https:\/\/blog.creamontblanc.org\/wp-content\/uploads\/2018\/05\/Geomorphologie_Ludovic_Ravanel.jpg 1000w, https:\/\/blog.creamontblanc.org\/wp-content\/uploads\/2018\/05\/Geomorphologie_Ludovic_Ravanel-300x150.jpg 300w, https:\/\/blog.creamontblanc.org\/wp-content\/uploads\/2018\/05\/Geomorphologie_Ludovic_Ravanel-768x384.jpg 768w\" sizes=\"auto, (max-width: 1000px) 100vw, 1000px\" \/><figcaption class=\"caption wp-caption-text\"><em><strong>\u00c9volution des paysages g\u00e9omorphologiques du Massif du Mont-Blanc<\/strong> \u00a9 LRavanel<\/em><\/figcaption><\/figure>\n<p>&nbsp;<\/p>\n<p>G\u00e9omorphologue charg\u00e9 de recherche au CNRS, Ludovic Ravanel travaille pour le laboratoire <a href=\"http:\/\/edytem.univ-savoie.fr\/\" target=\"_blank\" rel=\"noopener\">EDYTEM<\/a> sur des th\u00e9matiques pluridisciplinaires li\u00e9es aux dynamiques de la haute montagne. Stabilit\u00e9 des infrastructures, morphodynamique de versant, relation entre changement climatique et d\u00e9stabilisations rocheuses, questions soci\u00e9tales li\u00e9es \u00e0 l\u2019alpinisme, \u00e9volution des sites touristiques glaciaires\u2026 autant de th\u00e9matiques \u00e0 forts enjeux pour le territoire chamoniard.<\/p>\n<h1>D\u00e9gradation du permafrost : quand le ciment des montagnes faiblit<\/h1>\n<p>On sait que le climat se r\u00e9chauffe beaucoup plus vite dans les Alpes qu\u2019ailleurs dans le monde et que ce r\u00e9chauffement est encore plus marqu\u00e9 l\u2019hiver. La glace est mise \u00e0 mal par des temp\u00e9ratures toujours plus extr\u00eames alors qu\u2019elle tient un r\u00f4le primordial en montagne : la glace interne assure le r\u00f4le de ciment dans la roche et la glace de surface refl\u00e8te les rayons du soleil et maintient des temp\u00e9ratures locales basses. Le permafrost, cet \u00e9tat thermique des montagnes, ne permet plus \u00e0 la glace d\u2019assurer son r\u00f4le de ciment et de \u00ab climatiseur \u00bb. On observe ainsi une augmentation des \u00e9croulements et avalanches rocheuses dans de nombreux massifs de haute montagne \u00e0 travers le monde.<\/p>\n<p>Avec l\u2019appui de nombreux exemples, Ludovic Ravanel a expliqu\u00e9 \u00e0 la vingtaine de personnes pr\u00e9sente les enjeux li\u00e9s \u00e0 la diminution de la couverture de glace sur des lieux embl\u00e9matiques de la r\u00e9gion : le Linceul (face nord des Grandes Jorasses), la Tour ronde (entre le col du G\u00e9ant et le Mont Maudit) ou la face Nord des Grands Charmoz, qui a perdu l\u2019int\u00e9gralit\u00e9 de sa couverture glacio-nivale pour la premi\u00e8re fois en ao\u00fbt 2017, sans oublier le glacier de Taconnaz ou l\u2019Aiguille du Midi.<\/p>\n<h1>\u00c0 Chamonix : de gros enjeux de territoire<\/h1>\n<p>Dans la vall\u00e9e de Chamonix, les chercheurs collectent des donn\u00e9es depuis de nombreuses d\u00e9cennies. Diff\u00e9rentes \u00e9quipes de recherche suivent les glaciers, en particulier lorsque des probl\u00e9matiques de risque sur le territoire entrent en jeu.<\/p>\n<h2>Quand les glaciers se r\u00e9chauffent<\/h2>\n<p>Il existe deux types de glacier du point de vue de leur temp\u00e9rature : les glaciers froids (\u00e0 temp\u00e9ratures n\u00e9gatives) dont la glace adh\u00e8re solidement \u00e0 la roche et les glaciers temp\u00e9r\u00e9s (0\u00b0 C) qui glissent sur la roche. Dans le massif du Mont-Blanc, le glacier de Taconnaz a atteint une temp\u00e9rature de -1,5 \u00e0 -1,8\u00b0 C. Il est possiblement sur le point de se d\u00e9stabiliser et fait donc l\u2019objet d\u2019un suivi rapproch\u00e9 de la part de l\u2019IGE de Grenoble. Plusieurs centaines de milliers de m<sup>3<\/sup> de glace pourraient se d\u00e9crocher et alimenter le paravalanche situ\u00e9 en contrebas.<\/p>\n<h2>\u00c9croulements rocheux : des outils pour pr\u00e9venir les risques<\/h2>\n<p>Ludovic Ravanel aborde rapidement de nombreuses th\u00e9matiques, comme les \u00e9boulements dans les moraines lat\u00e9rales des glaciers. Malgr\u00e9 la densit\u00e9 du discours, le public est attentif et pose plusieurs questions, surtout li\u00e9es aux enjeux de territoire. Les \u00e9volutions rapides, et en particulier les \u00e9boulements dans les zones p\u00e9ri-urbaines, provoquent quelques inqui\u00e9tudes dans l\u2019assembl\u00e9e.<\/p>\n<p>Plusieurs secteurs du massif du Mont-Blanc permettent de surveiller ces \u00e9volutions. Des extensom\u00e8tres mesurent par exemple l\u2019\u00e9cartement de fractures qui bougent sans cesse sans forc\u00e9ment provoquer une d\u00e9stabilisation. Les m\u00e9canismes de ces mouvements sont complexes et les chercheurs ne poss\u00e8dent pas encore toutes les cl\u00e9s pour en comprendre les modalit\u00e9s.<\/p>\n<p>&nbsp;<\/p>\n<p style=\"text-align: left\"><div class=\"kad-youtube-shortcode videofit\" style=\"max-width:600px;\" ><iframe loading=\"lazy\" width=\"600\" height=\"400\" src=\"\/\/www.youtube.com\/embed\/mSLVhNl4YxY?autoplay=0&amp;controls=1&amp;fs=1&amp;modestbranding=0&amp;theme=dark&amp;rel=0&amp;loop=0\" frameborder=\"0\" allowfullscreen=\"true\"><\/iframe><\/div>\n<p style=\"text-align: left\"><em><strong>\u00c9croulement d\u2019\u00c9vol\u00e8ne (Suisse): quelques milliers de m<sup>3<\/sup> se d\u00e9tachent de la paroi. On peut imaginer la violence du choc lorsque plusieurs millions de m<sup>3<\/sup> se d\u00e9tachent. L\u2019extensom\u00e8tre install\u00e9 dans la fissure avait pr\u00e9dit l\u2019instabilit\u00e9 rocheuse et des g\u00e9ologues ont pu filmer la chute.<\/strong><\/em><\/p>\n<p>&nbsp;<\/p>\n<h2>Mer de Glace : une course \u00e0 l\u2019\u00e9chelle sans fin<\/h2>\n<p>Garantir l\u2019ouverture des sites touristiques de plus en plus difficiles d\u2019acc\u00e8s repr\u00e9sente un grand enjeu pour les d\u00e9cideurs du territoire. Rive droite de la Mer de Glace, la Communaut\u00e9 de Communes est oblig\u00e9e de rajouter chaque ann\u00e9e plusieurs dizaines de m\u00e8tres d\u2019\u00e9chelle pour garantir l\u2019acc\u00e8s aux refuges. Le recul du glacier pose des questions s\u00e9rieuses de s\u00e9curit\u00e9 et de responsabilit\u00e9. Sera-t-on un jour oblig\u00e9 de d\u00e9monter tous les \u00e9quipements, emp\u00eachant ainsi l\u2019acc\u00e8s aux sites ? Dans une zone qui repr\u00e9sente le berceau de l\u2019alpinisme, c\u2019est une question qui n\u2019est pas prise \u00e0 la l\u00e9g\u00e8re.<\/p>\n<h1>Les sciences participatives pour comprendre et pr\u00e9venir les risques<\/h1>\n<div id=\"kad-wp-gallery33\" class=\"kad-wp-gallery kad-light-wp-gallery clearfix kt-gallery-column-3 rowtight\"><div class=\"tcol-lg-4 tcol-md-4 tcol-sm-4 tcol-xs-6 tcol-ss-12 g_item\"><div class=\"grid_item kad_gallery_fade_in gallery_item\"><a href=\"https:\/\/blog.creamontblanc.org\/wp-content\/uploads\/2018\/05\/Ecroulement_Drus_LRavanel.jpg\" data-rel=\"lightbox\" class=\"lightboxhover\"><img loading=\"lazy\" decoding=\"async\" src=\"https:\/\/blog.creamontblanc.org\/wp-content\/uploads\/2018\/05\/Ecroulement_Drus_LRavanel-400x400.jpg\" width=\"400\" height=\"400\" alt=\"\u00c9croulement de la face ouest des Drus les 29 et 30 juin 2015 \u00a9 LRavanel\" srcset=\"https:\/\/blog.creamontblanc.org\/wp-content\/uploads\/2018\/05\/Ecroulement_Drus_LRavanel-400x400.jpg 400w, https:\/\/blog.creamontblanc.org\/wp-content\/uploads\/2018\/05\/Ecroulement_Drus_LRavanel-150x150.jpg 150w\" sizes=\"auto, (max-width: 400px) 100vw, 400px\" class=\"light-dropshaddow\"\/><\/a><\/div><\/div><div class=\"tcol-lg-4 tcol-md-4 tcol-sm-4 tcol-xs-6 tcol-ss-12 g_item\"><div class=\"grid_item kad_gallery_fade_in gallery_item\"><a href=\"https:\/\/blog.creamontblanc.org\/wp-content\/uploads\/2018\/05\/ecroulement_aiguilles_chamonix_LRavanel.png\" data-rel=\"lightbox\" class=\"lightboxhover\"><img loading=\"lazy\" decoding=\"async\" src=\"https:\/\/blog.creamontblanc.org\/wp-content\/uploads\/2018\/05\/ecroulement_aiguilles_chamonix_LRavanel-400x400.png\" width=\"400\" height=\"400\" alt=\"\u00c9tude des \u00e9croulements des aiguilles de Chamonix des derni\u00e8res d\u00e9cennies \u00a9 LRavanel, EDYTHEM\" srcset=\"https:\/\/blog.creamontblanc.org\/wp-content\/uploads\/2018\/05\/ecroulement_aiguilles_chamonix_LRavanel-400x400.png 400w, https:\/\/blog.creamontblanc.org\/wp-content\/uploads\/2018\/05\/ecroulement_aiguilles_chamonix_LRavanel-150x150.png 150w\" sizes=\"auto, (max-width: 400px) 100vw, 400px\" class=\"light-dropshaddow\"\/><\/a><\/div><\/div><div class=\"tcol-lg-4 tcol-md-4 tcol-sm-4 tcol-xs-6 tcol-ss-12 g_item\"><div class=\"grid_item kad_gallery_fade_in gallery_item\"><a href=\"https:\/\/blog.creamontblanc.org\/wp-content\/uploads\/2018\/05\/20180515_Sc_Sandwich_Ludo_Ravanel_IAlvarez.jpg\" data-rel=\"lightbox\" class=\"lightboxhover\"><img loading=\"lazy\" decoding=\"async\" src=\"https:\/\/blog.creamontblanc.org\/wp-content\/uploads\/2018\/05\/20180515_Sc_Sandwich_Ludo_Ravanel_IAlvarez-400x400.jpg\" width=\"400\" height=\"400\" alt=\"Ludovic Ravanel pr\u00e9sente ses travaux en g\u00e9omorphologie dans le massif au Science Sandwich de mai \u00e0 l&#039;Observatoire du Mont-Blanc \u00a9 IAlvarez\" srcset=\"https:\/\/blog.creamontblanc.org\/wp-content\/uploads\/2018\/05\/20180515_Sc_Sandwich_Ludo_Ravanel_IAlvarez-400x400.jpg 400w, https:\/\/blog.creamontblanc.org\/wp-content\/uploads\/2018\/05\/20180515_Sc_Sandwich_Ludo_Ravanel_IAlvarez-150x150.jpg 150w\" sizes=\"auto, (max-width: 400px) 100vw, 400px\" class=\"light-dropshaddow\"\/><\/a><\/div><\/div><\/div>\n<p>Face ouest des Drus en juin 2005 : 292 000 m<sup>3<\/sup> de roches s\u2019\u00e9croulent en quelques heures. Cette estimation a \u00e9t\u00e9 faite gr\u00e2ce aux sciences participatives. Un mod\u00e8le 3D \u00e0 haute r\u00e9solution a \u00e9t\u00e9 construit \u00e0 partir des photos d\u2019avant l\u2019\u00e9boulement collect\u00e9es localement aupr\u00e8s de participants b\u00e9n\u00e9voles. En comparant les donn\u00e9es avec un mod\u00e8le 3D actuel, les chercheurs ont pu d\u00e9finir pr\u00e9cis\u00e9ment le volume qui s\u2019est d\u00e9tach\u00e9, jusqu\u2019alors sous-estim\u00e9.<\/p>\n<p>Pour r\u00e9pondre au besoin grandissant de \u00ab surveiller \u00bb la montagne, de plus en plus de dispositifs scientifiques sont install\u00e9s. Une quarantaine de capteurs de temp\u00e9rature, situ\u00e9s dans tout le massif du Mont-Blanc, surveillent en permanence le permafrost. Mais ces dispositifs ne suffisent pas et gr\u00e2ce \u00e0 une application mobile participative, plusieurs dizaines d\u2019\u00e9v\u00e8nements sont document\u00e9s chaque ann\u00e9e. Le r\u00e9seau d\u2019observation OBS-ALP, mis en place en collaboration avec La Chamoniarde (Soci\u00e9t\u00e9 de pr\u00e9vention et de secours en montagne de Chamonix), recense tous les \u00e9v\u00e8nements : avalanches, avalanches de glaces, \u00e9boulements, pluies torrentielles\u2026 Les chercheurs et professionnels de la s\u00e9curit\u00e9 en montagne donnent librement acc\u00e8s \u00e0 l\u2019\u00e9tat de la montagne aux utilisateurs et, en \u00e9change, les alpinistes peuvent renseigner les ph\u00e9nom\u00e8nes qu\u2019ils observent.<\/p>\n<p>On est capable aujourd\u2019hui de faire des projections pour cartographier quelles seront dans le futur les zones les plus risqu\u00e9es, mais la structure interne des roches et du permafrost est encore mal connue. Les recherches continuent.<\/p>\n<p>&nbsp;<\/p>\n<p>R\u00e9daction : Charlotte Mader<\/p>\n<hr \/>\n<p><strong>Pour en savoir plus<\/strong><\/p>\n<p><a href=\"https:\/\/eucop2018.sciencesconf.org\/\" target=\"_blank\" rel=\"noopener\">5th European Conference on permafrost<\/a> (EUCOP 2018), \u00e0 Chamonix du 23 juin au 1er juillet 2018<\/p>\n<p>Tout le <a href=\"http:\/\/blog.creamontblanc.org?p=1055\">programme 2018 des <em>Science sandwich<\/em><\/a><\/p>\n","protected":false},"excerpt":{"rendered":"<p>La g\u00e9omorphologie du massif du Mont Blanc et ses \u00e9volutions face au changement climatique pose de nombreuses questions aux chercheurs et aux d\u00e9cideurs du territoire. Diff\u00e9rentes \u00e9tudes permettent de mieux comprendre ces m\u00e9canismes et d\u2019essayer de pr\u00e9venir les risques. Retour &hellip; <a href=\"https:\/\/blog.creamontblanc.org?p=1210\">Lire la suite\u00ad\u00ad<\/a><\/p>\n","protected":false},"author":5,"featured_media":1219,"comment_status":"open","ping_status":"open","sticky":false,"template":"","format":"standard","meta":{"_monsterinsights_skip_tracking":false,"_monsterinsights_sitenote_active":false,"_monsterinsights_sitenote_note":"","_monsterinsights_sitenote_category":0,"ngg_post_thumbnail":0,"footnotes":""},"categories":[194],"tags":[10,201],"class_list":["post-1210","post","type-post","status-publish","format-standard","has-post-thumbnail","hentry","category-la-recherche","tag-climat","tag-temperatures"],"aioseo_notices":[],"amp_enabled":true,"_links":{"self":[{"href":"https:\/\/blog.creamontblanc.org\/index.php?rest_route=\/wp\/v2\/posts\/1210","targetHints":{"allow":["GET"]}}],"collection":[{"href":"https:\/\/blog.creamontblanc.org\/index.php?rest_route=\/wp\/v2\/posts"}],"about":[{"href":"https:\/\/blog.creamontblanc.org\/index.php?rest_route=\/wp\/v2\/types\/post"}],"author":[{"embeddable":true,"href":"https:\/\/blog.creamontblanc.org\/index.php?rest_route=\/wp\/v2\/users\/5"}],"replies":[{"embeddable":true,"href":"https:\/\/blog.creamontblanc.org\/index.php?rest_route=%2Fwp%2Fv2%2Fcomments&post=1210"}],"version-history":[{"count":13,"href":"https:\/\/blog.creamontblanc.org\/index.php?rest_route=\/wp\/v2\/posts\/1210\/revisions"}],"predecessor-version":[{"id":1239,"href":"https:\/\/blog.creamontblanc.org\/index.php?rest_route=\/wp\/v2\/posts\/1210\/revisions\/1239"}],"wp:featuredmedia":[{"embeddable":true,"href":"https:\/\/blog.creamontblanc.org\/index.php?rest_route=\/wp\/v2\/media\/1219"}],"wp:attachment":[{"href":"https:\/\/blog.creamontblanc.org\/index.php?rest_route=%2Fwp%2Fv2%2Fmedia&parent=1210"}],"wp:term":[{"taxonomy":"category","embeddable":true,"href":"https:\/\/blog.creamontblanc.org\/index.php?rest_route=%2Fwp%2Fv2%2Fcategories&post=1210"},{"taxonomy":"post_tag","embeddable":true,"href":"https:\/\/blog.creamontblanc.org\/index.php?rest_route=%2Fwp%2Fv2%2Ftags&post=1210"}],"curies":[{"name":"wp","href":"https:\/\/api.w.org\/{rel}","templated":true}]}}