{"id":1193,"date":"2018-05-14T15:28:49","date_gmt":"2018-05-14T14:28:49","guid":{"rendered":"http:\/\/blog.creamontblanc.org?p=1193"},"modified":"2018-05-17T10:48:42","modified_gmt":"2018-05-17T09:48:42","slug":"2017-une-annee-a-succes-pour-le-crea-mont-blanc","status":"publish","type":"post","link":"https:\/\/blog.creamontblanc.org?p=1193","title":{"rendered":"2017 : Une ann\u00e9e \u00e0 succ\u00e8s pour le CREA Mont-Blanc"},"content":{"rendered":"<p><strong>Les ponts de mai ont \u00e9t\u00e9 l\u2019occasion pour le CREA Mont-Blanc de rassembler ses adh\u00e9rents, partenaires et amis pour son Assembl\u00e9e G\u00e9n\u00e9rale annuelle au Mont-Blanc Base Camp. Une quarantaine de personnes ont c\u00e9l\u00e9br\u00e9 la reconnaissance des Nations Unies, les multiples succ\u00e8s de 2017 et d\u00e9couvert les opportunit\u00e9s de b\u00e9n\u00e9volat pour la biodiversit\u00e9 dans le massif du Mont-Blanc.<\/strong><\/p>\n<figure id=\"attachment_1196\" class=\"thumbnail wp-caption aligncenter\" style=\"width: 1000px\"><img loading=\"lazy\" decoding=\"async\" class=\"size-full wp-image-1196\" src=\"http:\/\/blog.creamontblanc.org\/wp-content\/uploads\/2018\/05\/20180502_AG_CREAMontBlanc_web.jpg\" alt=\"Une partie de l'\u00e9quipe et du Conseil d'Administration du CREA Mont-Blanc pendant l'Assembl\u00e9e G\u00e9n\u00e9rale 2018 \u00a9 ABajeux\" width=\"1000\" height=\"500\" srcset=\"https:\/\/blog.creamontblanc.org\/wp-content\/uploads\/2018\/05\/20180502_AG_CREAMontBlanc_web.jpg 1000w, https:\/\/blog.creamontblanc.org\/wp-content\/uploads\/2018\/05\/20180502_AG_CREAMontBlanc_web-300x150.jpg 300w, https:\/\/blog.creamontblanc.org\/wp-content\/uploads\/2018\/05\/20180502_AG_CREAMontBlanc_web-768x384.jpg 768w\" sizes=\"auto, (max-width: 1000px) 100vw, 1000px\" \/><figcaption class=\"caption wp-caption-text\"><em><strong>Une partie de l&rsquo;\u00e9quipe et du Conseil d&rsquo;Administration du CREA Mont-Blanc pendant l&rsquo;Assembl\u00e9e G\u00e9n\u00e9rale 2018 <\/strong>\u00a9 ABajeux<\/em><\/figcaption><\/figure>\n<p>L\u2019ann\u00e9e 2017 a \u00e9t\u00e9 riche en \u00e9v\u00e9nements et en succ\u00e8s pour Le CREA Mont-Blanc. Le vice-pr\u00e9sident du CREA Mont-Blanc Richard Raquillet a introduit l\u2019Assembl\u00e9e G\u00e9n\u00e9rale avec beaucoup de fiert\u00e9 : le CREA Mont-Blanc est d\u00e9sormais reconnu par les Nations Unies. Le prix Momentum for Change, remis lors de la COP 23, est le fruit d\u2019un partenariat technologique et humain innovant entre le CREA Mont-Blanc et Orange pour le suivi de la biodiversit\u00e9 de montagne face au changement climatique.<\/p>\n<h2>Les sciences participatives : 14 ans d\u2019exp\u00e9rience et d\u2019innovation<\/h2>\n<p>Les sciences participatives, c\u0153ur de m\u00e9tier du CREA Mont-Blanc, ont \u00e9t\u00e9 le fil rouge de la soir\u00e9e. \u00c0 travers les diff\u00e9rents projets (TourScience, Phenoclim, et Atlas du Mont Blanc) pr\u00e9sent\u00e9s par la directrice des programmes Irene Alvarez, le CREA Mont-Blanc tente de rapprocher les citoyens, les acteurs du territoire et la recherche gr\u00e2ce aux sciences participatives. Mais loin de s\u2019arr\u00eater aux m\u00e9thodes classiques, l\u2019\u00e9quipe d\u00e9veloppe de nouvelles fa\u00e7ons d\u2019impliquer le public.<\/p>\n<h3>Ouverture aux universit\u00e9s am\u00e9ricaines<\/h3>\n<p>Un nouveau partenariat avec des universit\u00e9s am\u00e9ricaines (s\u00e9jours Climate Science in Chamonix) ouvre notamment une autre approche de collecte de donn\u00e9es en autonomie. La pluridisciplinarit\u00e9, offre \u00e9galement de nouvelles perspectives de recherche avec les \u00e9tudiants et leurs professeurs.<\/p>\n<h3>Marathon collaboratif : une nouvelle forme de sciences participatives !<\/h3>\n<p>Autre fait marquant de cette ann\u00e9e 2017 : le Mont Blanc Lab, un marathon collaboratif qui a r\u00e9uni une cinquantaine de personnes pour la cr\u00e9ation de projets de diffusion des savoirs et de valorisation du patrimoine naturel. Six prototypes ont \u00e9t\u00e9 d\u00e9velopp\u00e9s par 6 \u00e9quipes durant 3 jours. Ils s\u2019inscrivent dans des dynamiques innovantes et interactives, m\u00ealant aussi bien des dispositifs physiques (plateaux de jeu, bornes, parcours d\u2019interpr\u00e9tation\u2026) que num\u00e9riques (r\u00e9alit\u00e9 virtuelle, application mobile\u2026). Le CREA Mont-Blanc a test\u00e9 avec succ\u00e8s cette nouvelle forme de science participative qui vise \u00e0 impliquer le public non plus seulement dans la collecte de donn\u00e9es mais aussi dans la diffusion de ces donn\u00e9es et des r\u00e9sultats scientifiques associ\u00e9s. Les r\u00e9alisations des participants ont \u00e9t\u00e9 pr\u00e9sent\u00e9es aux citoyens et d\u00e9cideurs lors d\u2019une restitution publique. Une prochaine \u00e9dition est pr\u00e9vue pour l\u2019automne 2019.<\/p>\n<p>&nbsp;<\/p>\n<h2>Dynamisme de la recherche scientifique sur le territoire<\/h2>\n<figure id=\"attachment_1198\" class=\"thumbnail wp-caption aligncenter\" style=\"width: 1000px\"><img loading=\"lazy\" decoding=\"async\" class=\"size-full wp-image-1198\" src=\"http:\/\/blog.creamontblanc.org\/wp-content\/uploads\/2018\/05\/20180502_AG_CREAMontBlanc_CMader_web.jpg\" alt=\"Une quarantaine de personnes ont assist\u00e9 \u00e0 l'assembl\u00e9e g\u00e9n\u00e9rale. Ici, Anne Delestrade pr\u00e9sente ses recherches sur le chocard \u00e0 bec jaune, qu'elle m\u00e8ne depuis 30 ans \u00a9 CMader\" width=\"1000\" height=\"500\" srcset=\"https:\/\/blog.creamontblanc.org\/wp-content\/uploads\/2018\/05\/20180502_AG_CREAMontBlanc_CMader_web.jpg 1000w, https:\/\/blog.creamontblanc.org\/wp-content\/uploads\/2018\/05\/20180502_AG_CREAMontBlanc_CMader_web-300x150.jpg 300w, https:\/\/blog.creamontblanc.org\/wp-content\/uploads\/2018\/05\/20180502_AG_CREAMontBlanc_CMader_web-768x384.jpg 768w\" sizes=\"auto, (max-width: 1000px) 100vw, 1000px\" \/><figcaption class=\"caption wp-caption-text\"><em><strong>Une quarantaine de personnes ont assist\u00e9 \u00e0 l&rsquo;assembl\u00e9e g\u00e9n\u00e9rale et \u00e0 la pr\u00e9sentation des recherches sur le chocard \u00e0 bec jaune, men\u00e9es depuis 30 ans par Anne Delestrade <\/strong>\u00a9 CMader<\/em><\/figcaption><\/figure>\n<h3>Donn\u00e9es de sciences participatives et recherche<\/h3>\n<p>Marjorie Bison a pr\u00e9sent\u00e9 le programme Ph\u00e9noclim, d\u00e9marr\u00e9 en 2004, qui rassemble pr\u00e8s de 33 000 observations participatives. Le programme a pour objectifs de mieux comprendre le fonctionnement des \u00e9cosyst\u00e8mes \u00e0 chaque saison et de s\u2019int\u00e9resser aux cons\u00e9quences des variations du climat sur l\u2019environnement dans diff\u00e9rents massifs. Diff\u00e9rentes \u00e9tudes sont int\u00e9gr\u00e9es au programme, en ph\u00e9nologie (cycles saisonniers de la faune et de la flore), climatologie (variations de temp\u00e9rature) et m\u00eame sciences humaines (publication r\u00e9cente sur la fiabilit\u00e9 des donn\u00e9es de sciences participatives).<\/p>\n<h3>Utilisation des donn\u00e9es satellites en \u00e9cologie<\/h3>\n<p>Brad Carlson a pr\u00e9sent\u00e9 son travail de recherche sur les donn\u00e9es satellite Sentinel 2 pour le suivi de l\u2019enneigement et de la v\u00e9g\u00e9tation du massif du Mont-Blanc. Le satellite dispose d\u2019une technologie avanc\u00e9e qui permet de suivre tr\u00e8s pr\u00e9cis\u00e9ment les caract\u00e9ristiques du milieu (zones de roche, d\u2019eau liquide, de neige, de v\u00e9g\u00e9tation\u2026) et d\u2019\u00e9tudier ses \u00e9volutions d\u2019une ann\u00e9e sur l\u2019autre. Ces mesures de haute technologie, coupl\u00e9es aux relev\u00e9s de terrain, permettent de s\u2019interroger sur les cons\u00e9quences des variations climatiques sur le milieu. Il a \u00e9t\u00e9 possible d\u2019identifier par exemple que sur les zones humides suivies par le CREA Mont-Blanc sur le massif, 40 % des mares ont \u00e9t\u00e9 ass\u00e9ch\u00e9es en 2017 contre 33% en 2016, avec les cons\u00e9quences que l\u2019on peut imaginer sur la faune et la flore.<\/p>\n<h3>30 ans de donn\u00e9es sur le chocard<\/h3>\n<p>Enfin, le dernier sujet abord\u00e9 lors de cette AG a \u00e9t\u00e9 pr\u00e9sent\u00e9 par Anne Delestrade, directrice-fondatrice du CREA Mont-Blanc, sur le suivi d\u2019un oiseau embl\u00e9matique du Massif du Mont-Blanc : le chocard \u00e0 bec jaune. L\u2019\u00e9tude de l\u2019esp\u00e8ce s\u2019\u00e9tend sur 30 ans et comprend plusieurs volets sur sa distribution, sa r\u00e9partition, son comportement social, sa reproduction et sa survie&#8230; Une th\u00e8se est en cours sur sa survie et donnera bient\u00f4t lieu \u00e0 une publication.<\/p>\n<p>&nbsp;<\/p>\n<h2>Devenez b\u00e9n\u00e9vole au CREA Mont-Blanc<\/h2>\n<p>Avant de poursuivre les \u00e9changes de fa\u00e7on informelle pendant un buffet participatif all\u00e9chant, Colin Van Reeth, dernier arriv\u00e9 dans l\u2019\u00e9quipe du CREA Mont-Blanc, a lanc\u00e9 un appel \u00e0 b\u00e9n\u00e9vole. Diff\u00e9rentes possibilit\u00e9s s\u2019offrent aux amoureux de la montagne pour contribuer aux recherches sur la biodiversit\u00e9 et le changement climatique : observations participatives, installation de mat\u00e9riel sur le terrain, participation \u00e0 la diffusion des donn\u00e9es etc. C\u2019est gr\u00e2ce \u00e0 la participation de ses b\u00e9n\u00e9voles et partenaires que le CREA Mont-Blanc a v\u00e9cu une ann\u00e9e 2017 dont le travail scientifique et les projets participatifs ont \u00e9t\u00e9 couronn\u00e9s de succ\u00e8s.<\/p>\n<p style=\"text-align: center\"><a href=\"http:\/\/creamontblanc.org\/fr\/content\/contacts\" class=\"btn button btn-shortcode kad-btn kad-btn-primary\" id=\"kadbtn609\" target=\"_self\" style=\"color:#FFF;\">Devenez b\u00e9n\u00e9vole - contactez-nous !<\/a>\n<p>&nbsp;<\/p>\n<p>&nbsp;<\/p>\n<p>R\u00e9daction : Lisa Muller et Charlotte Mader<\/p>\n<hr \/>\n<p><strong>Pour en savoir plus<\/strong><\/p>\n<p>Retrouvez tous les activit\u00e9s de l\u2019ann\u00e9e dans le <a href=\"http:\/\/creamontblanc.org\/sites\/default\/files\/atoms\/files\/2017_rapport_activites_creamontblanc.pdf\" target=\"_blank\" rel=\"noopener\">Rapport d&rsquo;activit\u00e9s 2017<\/a><\/p>\n<p>Suivez nos activit\u00e9s de recherche et l\u2019agenda des \u00e9v\u00e8nements en vous inscrivant \u00e0 notre<a href=\"http:\/\/creamontblanc.org\/fr\/newsletter\" target=\"_blank\" rel=\"noopener\"> newsletter<\/a><\/p>\n","protected":false},"excerpt":{"rendered":"<p>Les ponts de mai ont \u00e9t\u00e9 l\u2019occasion pour le CREA Mont-Blanc de rassembler ses adh\u00e9rents, partenaires et amis pour son Assembl\u00e9e G\u00e9n\u00e9rale annuelle au Mont-Blanc Base Camp. Une quarantaine de personnes ont c\u00e9l\u00e9br\u00e9 la reconnaissance des Nations Unies, les multiples &hellip; <a href=\"https:\/\/blog.creamontblanc.org?p=1193\">Lire la suite\u00ad\u00ad<\/a><\/p>\n","protected":false},"author":5,"featured_media":1196,"comment_status":"open","ping_status":"open","sticky":false,"template":"","format":"standard","meta":{"_monsterinsights_skip_tracking":false,"_monsterinsights_sitenote_active":false,"_monsterinsights_sitenote_note":"","_monsterinsights_sitenote_category":0,"ngg_post_thumbnail":0,"footnotes":""},"categories":[5],"tags":[107,11],"class_list":["post-1193","post","type-post","status-publish","format-standard","has-post-thumbnail","hentry","category-vie-association","tag-association","tag-evenement"],"aioseo_notices":[],"amp_enabled":true,"_links":{"self":[{"href":"https:\/\/blog.creamontblanc.org\/index.php?rest_route=\/wp\/v2\/posts\/1193","targetHints":{"allow":["GET"]}}],"collection":[{"href":"https:\/\/blog.creamontblanc.org\/index.php?rest_route=\/wp\/v2\/posts"}],"about":[{"href":"https:\/\/blog.creamontblanc.org\/index.php?rest_route=\/wp\/v2\/types\/post"}],"author":[{"embeddable":true,"href":"https:\/\/blog.creamontblanc.org\/index.php?rest_route=\/wp\/v2\/users\/5"}],"replies":[{"embeddable":true,"href":"https:\/\/blog.creamontblanc.org\/index.php?rest_route=%2Fwp%2Fv2%2Fcomments&post=1193"}],"version-history":[{"count":5,"href":"https:\/\/blog.creamontblanc.org\/index.php?rest_route=\/wp\/v2\/posts\/1193\/revisions"}],"predecessor-version":[{"id":1202,"href":"https:\/\/blog.creamontblanc.org\/index.php?rest_route=\/wp\/v2\/posts\/1193\/revisions\/1202"}],"wp:featuredmedia":[{"embeddable":true,"href":"https:\/\/blog.creamontblanc.org\/index.php?rest_route=\/wp\/v2\/media\/1196"}],"wp:attachment":[{"href":"https:\/\/blog.creamontblanc.org\/index.php?rest_route=%2Fwp%2Fv2%2Fmedia&parent=1193"}],"wp:term":[{"taxonomy":"category","embeddable":true,"href":"https:\/\/blog.creamontblanc.org\/index.php?rest_route=%2Fwp%2Fv2%2Fcategories&post=1193"},{"taxonomy":"post_tag","embeddable":true,"href":"https:\/\/blog.creamontblanc.org\/index.php?rest_route=%2Fwp%2Fv2%2Ftags&post=1193"}],"curies":[{"name":"wp","href":"https:\/\/api.w.org\/{rel}","templated":true}]}}