{"id":1175,"date":"2018-04-24T16:44:05","date_gmt":"2018-04-24T15:44:05","guid":{"rendered":"http:\/\/blog.creamontblanc.org?p=1175"},"modified":"2022-11-08T17:35:27","modified_gmt":"2022-11-08T16:35:27","slug":"climat-des-alpes-hier-aujourdhui-et-demain","status":"publish","type":"post","link":"https:\/\/blog.creamontblanc.org?p=1175","title":{"rendered":"Climat des alpes : hier, aujourd\u2019hui\u2026 et demain ?"},"content":{"rendered":"<p><strong>\u00ab Mardi pal\u00e9oclimatologie \u00bb ! Le Science Sandwich d\u2019avril \u00e9tait \u00e0 nouveau consacr\u00e9 au climat, mais cette fois sur la fa\u00e7on dont les climats pass\u00e9s nous aident \u00e0 anticiper les climats futurs. Anne Kress, collaboratrice du CREA Mont-Blanc de l\u2019Universit\u00e9 des sciences appliqu\u00e9es Weihenstephan-Triesdorf (Allemagne) a anim\u00e9 les \u00e9changes.<\/strong> <!--more--><\/p>\n<p>&nbsp;<\/p>\n<figure id=\"attachment_1186\" class=\"thumbnail wp-caption aligncenter\" style=\"width: 1000px\"><img loading=\"lazy\" decoding=\"async\" class=\"size-full wp-image-1186\" src=\"http:\/\/blog.creamontblanc.org\/wp-content\/uploads\/2018\/04\/Ecosysteme_alpin_meleze_CREAMontBlanc.jpg\" alt=\"\u00c9cosyst\u00e8me alpin \u00e0 la limite altitudinale de la for\u00eat (m\u00e9l\u00e8zes) \u00a9 CREA Mont-Blanc \" width=\"1000\" height=\"500\" srcset=\"https:\/\/blog.creamontblanc.org\/wp-content\/uploads\/2018\/04\/Ecosysteme_alpin_meleze_CREAMontBlanc.jpg 1000w, https:\/\/blog.creamontblanc.org\/wp-content\/uploads\/2018\/04\/Ecosysteme_alpin_meleze_CREAMontBlanc-300x150.jpg 300w, https:\/\/blog.creamontblanc.org\/wp-content\/uploads\/2018\/04\/Ecosysteme_alpin_meleze_CREAMontBlanc-768x384.jpg 768w\" sizes=\"auto, (max-width: 1000px) 100vw, 1000px\" \/><figcaption class=\"caption wp-caption-text\"><em><strong>Paysage alpin d&rsquo;aujourd&rsquo;hui avec son \u00e9cosyst\u00e8me caract\u00e9ristique de la limite altitudinale de la for\u00eat <\/strong>\u00a9 CREA Mont-Blanc<\/em><\/figcaption><\/figure>\n<p>&nbsp;<\/p>\n<p>Malgr\u00e9 un temps magnifique, une dizaine de participants ont r\u00e9sist\u00e9 \u00e0 l\u2019appel du printemps pour rejoindre l\u2019Observatoire du Mont-Blanc le temps du d\u00e9jeuner. De joyeux bavardages annoncent un quatri\u00e8me Science Sandwich convivial et d\u00e9contract\u00e9 alors que chacun s\u2019affaire pour pr\u00e9parer son pique-nique. Il est 12h30 quand Anne Kress se pr\u00e9sente, avec un fran\u00e7ais presque parfait \u00e0 l\u2019accent germanique. Climatologue et enseignante \u00e0 l\u2019Universit\u00e9 des sciences appliqu\u00e9es Weihenstephan-Triesdorf de Freising (Allemagne), la chercheuse s\u2019appr\u00eate \u00e0 \u00e9clairer une question centrale en climatologie : comment est-il possible de connaitre les climats pass\u00e9s et, plus surprenant encore, de connaitre les climats futurs ?<\/p>\n<h2>Pal\u00e9oclimatologie<\/h2>\n<p>La Pal\u00e9oclimatologie est l\u2019\u00e9tude des climats pass\u00e9s et de leurs variations. Si Anne Kress peut en parler avec assurance, c\u2019est parce qu\u2019elle a consacr\u00e9 son doctorat \u00e0 la pal\u00e9oclimatologie et en particulier \u00e0 la reconstitution des climats pass\u00e9s d\u2019Europe.<\/p>\n<p>Malheureusement, il est impossible d\u2019observer directement les climats pass\u00e9s. Cependant, il existe un grand nombre d\u2019indices qui nous permettent de d\u00e9duire quels \u00e9taient les climats \u00e0 des p\u00e9riodes donn\u00e9es. Pour ce faire, on utilise ce que l\u2019on appelle des \u00ab proxys \u00bb, des indicateurs comme les pollens, les cernes des arbres, les coquillages, les s\u00e9diments des lacs, les carottes glaci\u00e8res\u2026 Ces proxys sont parfois difficiles \u00e0 trouver, surtout lorsque l\u2019on s\u2019int\u00e9resse \u00e0 des p\u00e9riodes tr\u00e8s \u00e9loign\u00e9es.<\/p>\n<h3>Le m\u00e9l\u00e8ze : t\u00e9moin des climats pass\u00e9s<\/h3>\n<p>Dans ses recherches, Anne Kress s\u2019est int\u00e9ress\u00e9e au m\u00e9l\u00e8ze, une essence d\u2019arbre pr\u00e9sente \u00e0 haute altitude. C\u2019est \u00ab son proxy \u00bb, \u00e9tudi\u00e9 parmi de nombreux autres indicateurs dans un projet europ\u00e9en en association avec 39 partenaires \u00e0 travers toute l\u2019Europe. Les \u00e9chantillons de m\u00e9l\u00e8ze ont \u00e9t\u00e9 pr\u00e9lev\u00e9s dans le Valais suisse, sur des arbres vivants (\u00e9chantillonnage en altitude) ou des arbres morts (poutres de chalets anciens). Anne Kress a \u00e9tudi\u00e9 en particulier les pourcentages de diff\u00e9rents isotopes stables de carbone (C16 et C18) et d\u2019oxyg\u00e8ne (O16 et 018) pr\u00e9sents dans la cellulose des cernes du bois. Par exemple, plus le climat est chaud et sec, plus la proportion de C18 sera importante dans la cellulose des arbres. Ce sont plus de 10 000 \u00e9chantillons qui ont \u00e9t\u00e9 analys\u00e9s un \u00e0 un, en utilisant des techniques qui n\u00e9cessitent plusieurs manipulations manuelles et automatis\u00e9es pendant 3 ans.<\/p>\n<figure id=\"attachment_1179\" class=\"thumbnail wp-caption aligncenter\" style=\"width: 934px\"><img loading=\"lazy\" decoding=\"async\" class=\"wp-image-1179 size-full\" src=\"http:\/\/blog.creamontblanc.org\/wp-content\/uploads\/2018\/04\/Etude_meleze_AKress.png\" alt=\"\u00c9tude des climats pass\u00e9s gr\u00e2ce au m\u00e9l\u00e8ze \u00a9 AKress \" width=\"934\" height=\"819\" srcset=\"https:\/\/blog.creamontblanc.org\/wp-content\/uploads\/2018\/04\/Etude_meleze_AKress.png 934w, https:\/\/blog.creamontblanc.org\/wp-content\/uploads\/2018\/04\/Etude_meleze_AKress-300x263.png 300w, https:\/\/blog.creamontblanc.org\/wp-content\/uploads\/2018\/04\/Etude_meleze_AKress-768x673.png 768w\" sizes=\"auto, (max-width: 934px) 100vw, 934px\" \/><figcaption class=\"caption wp-caption-text\"><em><strong>\u00c9tude des climats pass\u00e9s gr\u00e2ce au m\u00e9l\u00e8ze <\/strong>\u00a9 AKress<\/em><\/figcaption><\/figure>\n<p>&nbsp;<\/p>\n<p>Les \u00e9tudes de ces isotopes dans les cernes ont montr\u00e9 que le m\u00e9l\u00e8ze est tr\u00e8s sensible \u00e0 l\u2019humidit\u00e9 (carbone) et \u00e0 la dur\u00e9e d\u2019ensoleillement (oxyg\u00e8ne). Ces informations sont rares et pr\u00e9cieuses pour des proxys climatiques. En effet, un climat tr\u00e8s chaud et humide est beaucoup plus cl\u00e9ment pour une soci\u00e9t\u00e9, plus propice \u00e0 l\u2019agriculture, qu\u2019un climat chaud mais tr\u00e8s sec. Ces \u00e9tudes ont permis de d\u00e9montrer que la p\u00e9riode m\u00e9di\u00e9vale \u00e9tait plut\u00f4t humide, le \u00ab petit \u00e2ge de glace \u00bb plut\u00f4t sec et nuageux et le r\u00e9chauffement r\u00e9cent plut\u00f4t sec et nuageux \u00e9galement. Tous ces \u00e9l\u00e9ments contribuent \u00e0 mieux comprendre les climats pass\u00e9s en Europe et \u00e0 am\u00e9liorer les mod\u00e8les climatiques futurs.<\/p>\n<h2>Climats futurs<\/h2>\n<p>Apr\u00e8s sa th\u00e8se, fascin\u00e9e par ces \u00e9l\u00e9ments et avec la volont\u00e9 de les exploiter \u00e0 des fins utiles, Anne Kress s\u2019est lanc\u00e9e dans un post-doctorat pour se consacrer \u00e0 l\u2019\u00e9tablissement de mod\u00e8les climatiques futurs. Avec son \u00e9quipe, elle a travaill\u00e9 sur 8 mod\u00e8les climatiques globaux et 12 mod\u00e8les r\u00e9gionaux. Ces mod\u00e8les climatiques permettent de construire des mod\u00e8les de distribution des esp\u00e8ces pour imaginer quels seront les paysages de demain en Suisse et dans les Alpes.<\/p>\n<figure id=\"attachment_1177\" class=\"thumbnail wp-caption aligncenter\" style=\"width: 1000px\"><img loading=\"lazy\" decoding=\"async\" class=\"size-large wp-image-1177\" src=\"http:\/\/blog.creamontblanc.org\/wp-content\/uploads\/2018\/04\/Evolution_temperatures_precipitations_CH2011-1000x372.png\" alt=\"\u00c9volution des temp\u00e9ratures et des pr\u00e9cipitations en Suisse \u00a9 AKress \/ CH2011\" width=\"1000\" height=\"372\" srcset=\"https:\/\/blog.creamontblanc.org\/wp-content\/uploads\/2018\/04\/Evolution_temperatures_precipitations_CH2011-1000x372.png 1000w, https:\/\/blog.creamontblanc.org\/wp-content\/uploads\/2018\/04\/Evolution_temperatures_precipitations_CH2011-300x111.png 300w, https:\/\/blog.creamontblanc.org\/wp-content\/uploads\/2018\/04\/Evolution_temperatures_precipitations_CH2011-768x285.png 768w, https:\/\/blog.creamontblanc.org\/wp-content\/uploads\/2018\/04\/Evolution_temperatures_precipitations_CH2011.png 1518w\" sizes=\"auto, (max-width: 1000px) 100vw, 1000px\" \/><figcaption class=\"caption wp-caption-text\"><em><strong>\u00c9volution des temp\u00e9ratures et des pr\u00e9cipitations en Suisse <\/strong>\u00a9 AKress \/ CH2011<\/em><\/figcaption><\/figure>\n<p>&nbsp;<\/p>\n<p>Les sc\u00e9narios du changement climatique en Suisse (\u00ab CH2011 \u00bb) sont sans appel : les projections indiquent que, au cours du XXIe si\u00e8cle, le climat suisse d\u00e9viera de mani\u00e8re significative de ce qu\u2019il a \u00e9t\u00e9 par le pass\u00e9 et de ce qu\u2019il est actuellement :<\/p>\n<ul>\n<li>la temp\u00e9rature moyenne va tr\u00e8s probablement augmenter dans toutes les r\u00e9gions et pour toutes les saisons,<\/li>\n<li>les pr\u00e9cipitations estivales moyennes vont probablement diminuer d\u2019ici la fin du si\u00e8cle dans toute la Suisse, alors qu\u2019en hiver elles vont probablement augmenter dans le sud du pays,<\/li>\n<li>dans les autres r\u00e9gions et pour les autres saisons, les mod\u00e8les indiquent que les pr\u00e9cipitations moyennes pourraient soit augmenter, soit diminuer.<\/li>\n<\/ul>\n<h2>Agir pour demain<\/h2>\n<p>Face au constat que les climatologues peinent \u00e0 faire entendre les r\u00e9sultats de leurs recherches aupr\u00e8s de la soci\u00e9t\u00e9 (d\u00e9cideurs et grand-public), Anne Kress s\u2019est tourn\u00e9e vers les sciences appliqu\u00e9es. Sa double casquette d\u2019ing\u00e9nieur et de chercheuse lui a ouvert les portes des \u00e9nergies renouvelables et elle a travaill\u00e9 plusieurs ann\u00e9es au service d\u2019une entreprise suisse. Elle s\u2019est ensuite \u00e0 nouveau tourn\u00e9e vers l\u2019universit\u00e9 o\u00f9 elle enseigne d\u00e9sormais les sciences appliqu\u00e9es.<\/p>\n<p>Anne Kress est tr\u00e8s engag\u00e9e aupr\u00e8s des \u00e9tudiants et persuad\u00e9e que la mise en place de m\u00e9thodes d\u2019apprentissage et de diffusion des sciences innovantes est primordiale pour favoriser l\u2019implication citoyenne. Les r\u00e9sultats de la recherche scientifique doivent \u00eatre \u00e9cout\u00e9s, entendus et servir de base pour des prises de d\u00e9cision politiques \u00e0 grand \u00e9chelle.<\/p>\n<p>Le CREA Mont-Blanc devrait accueillir durant l\u2019ann\u00e9e universitaire 2018\/2019 un groupe d\u2019\u00e9tudiants allemands de l\u2019Universit\u00e9 des sciences appliqu\u00e9es Weihenstephan-Triesdorf de Freising afin de les former aux m\u00e9thodes de suivi de terrain pour \u00e9tudier l\u2019impact du changement climatique sur la faune et la flore de montagne.<\/p>\n<p>&nbsp;<\/p>\n<p>R\u00e9daction : Charlotte Mader<\/p>\n<p>&nbsp;<\/p>\n<p>&nbsp;<\/p>\n<hr \/>\n<figure id=\"attachment_1181\" class=\"thumbnail wp-caption alignleft\" style=\"width: 260px\"><img loading=\"lazy\" decoding=\"async\" class=\"size-medium wp-image-1181\" src=\"http:\/\/blog.creamontblanc.org\/wp-content\/uploads\/2018\/04\/AnneKress-260x300.png\" alt=\"Anne Kress, , climatologue \u00e0 Universit\u00e9 des sciences appliqu\u00e9es Weihenstephan-Triesdorf de Freising (Allemagne)\" width=\"260\" height=\"300\" srcset=\"https:\/\/blog.creamontblanc.org\/wp-content\/uploads\/2018\/04\/AnneKress-260x300.png 260w, https:\/\/blog.creamontblanc.org\/wp-content\/uploads\/2018\/04\/AnneKress.png 395w\" sizes=\"auto, (max-width: 260px) 100vw, 260px\" \/><figcaption class=\"caption wp-caption-text\"><em><strong>Anne Kress, climatologue<\/strong><\/em><\/figcaption><\/figure>\n<p><strong>Pour en savoir plus<\/strong><\/p>\n<p>D\u00e9couvrez le module de visualisation en direct <a href=\"http:\/\/www.atlasmontblanc.org\/fr\/climat-en-live\" target=\"_blank\" rel=\"noopener\">Climat en live<\/a> de l&rsquo;<a href=\"http:\/\/www.atlasmontblanc.org\/fr\" target=\"_blank\" rel=\"noopener\">Atlas du Mont-Blanc<\/a> pour explorer les donn\u00e9es de temp\u00e9ratures des Alpes<\/p>\n<p>Vous voulez aller plus loin ? Comparez les donn\u00e9es en fonction de l&rsquo;altitude et entre les ann\u00e9es sur l&rsquo;<a href=\"http:\/\/www.atlasmontblanc.org\/fr\/comparaison-de-temperatures\" target=\"_blank\" rel=\"noopener\">Atlas interactif<\/a><\/p>\n<p>Retrouvez toutes les dates et th\u00e9matiques des <a href=\"http:\/\/blog.creamontblanc.org?p=1055\">Science sandwichs<\/a> \u00e0 venir dans le programme 2018 !<\/p>\n<p><a href=\"https:\/\/www.hswt.de\/person\/anne-kress.html\" target=\"_blank\" rel=\"noopener\">La page personnelle d&rsquo;Anne Kress<\/a> sur le site Internet de l&rsquo;Universit\u00e9 des sciences appliqu\u00e9es Weihenstephan-Triesdorf de Freising (Allemagne)<\/p>\n","protected":false},"excerpt":{"rendered":"<p>\u00ab Mardi pal\u00e9oclimatologie \u00bb ! Le Science Sandwich d\u2019avril \u00e9tait \u00e0 nouveau consacr\u00e9 au climat, mais cette fois sur la fa\u00e7on dont les climats pass\u00e9s nous aident \u00e0 anticiper les climats futurs. Anne Kress, collaboratrice du CREA Mont-Blanc de l\u2019Universit\u00e9 &hellip; <a href=\"https:\/\/blog.creamontblanc.org?p=1175\">Lire la suite\u00ad\u00ad<\/a><\/p>\n","protected":false},"author":5,"featured_media":1186,"comment_status":"open","ping_status":"open","sticky":false,"template":"","format":"standard","meta":{"_monsterinsights_skip_tracking":false,"_monsterinsights_sitenote_active":false,"_monsterinsights_sitenote_note":"","_monsterinsights_sitenote_category":0,"ngg_post_thumbnail":0,"footnotes":""},"categories":[194,5],"tags":[10,224],"class_list":["post-1175","post","type-post","status-publish","format-standard","has-post-thumbnail","hentry","category-la-recherche","category-vie-association","tag-climat","tag-flore"],"aioseo_notices":[],"amp_enabled":true,"_links":{"self":[{"href":"https:\/\/blog.creamontblanc.org\/index.php?rest_route=\/wp\/v2\/posts\/1175","targetHints":{"allow":["GET"]}}],"collection":[{"href":"https:\/\/blog.creamontblanc.org\/index.php?rest_route=\/wp\/v2\/posts"}],"about":[{"href":"https:\/\/blog.creamontblanc.org\/index.php?rest_route=\/wp\/v2\/types\/post"}],"author":[{"embeddable":true,"href":"https:\/\/blog.creamontblanc.org\/index.php?rest_route=\/wp\/v2\/users\/5"}],"replies":[{"embeddable":true,"href":"https:\/\/blog.creamontblanc.org\/index.php?rest_route=%2Fwp%2Fv2%2Fcomments&post=1175"}],"version-history":[{"count":6,"href":"https:\/\/blog.creamontblanc.org\/index.php?rest_route=\/wp\/v2\/posts\/1175\/revisions"}],"predecessor-version":[{"id":1189,"href":"https:\/\/blog.creamontblanc.org\/index.php?rest_route=\/wp\/v2\/posts\/1175\/revisions\/1189"}],"wp:featuredmedia":[{"embeddable":true,"href":"https:\/\/blog.creamontblanc.org\/index.php?rest_route=\/wp\/v2\/media\/1186"}],"wp:attachment":[{"href":"https:\/\/blog.creamontblanc.org\/index.php?rest_route=%2Fwp%2Fv2%2Fmedia&parent=1175"}],"wp:term":[{"taxonomy":"category","embeddable":true,"href":"https:\/\/blog.creamontblanc.org\/index.php?rest_route=%2Fwp%2Fv2%2Fcategories&post=1175"},{"taxonomy":"post_tag","embeddable":true,"href":"https:\/\/blog.creamontblanc.org\/index.php?rest_route=%2Fwp%2Fv2%2Ftags&post=1175"}],"curies":[{"name":"wp","href":"https:\/\/api.w.org\/{rel}","templated":true}]}}