{"id":1162,"date":"2018-03-27T14:22:09","date_gmt":"2018-03-27T13:22:09","guid":{"rendered":"http:\/\/blog.creamontblanc.org?p=1162"},"modified":"2022-11-09T10:47:22","modified_gmt":"2022-11-09T09:47:22","slug":"le-rechauffement-climatique-et-son-impact-sur-le-manteau-neigeux-dans-les-alpes","status":"publish","type":"post","link":"https:\/\/blog.creamontblanc.org?p=1162","title":{"rendered":"Le r\u00e9chauffement climatique et son impact sur le manteau neigeux dans les Alpes"},"content":{"rendered":"<p><strong>Ce mardi a eu lieu le 3\u00e8me Science Sandwich du CREA Mont-Blanc \u00e0 Chamonix. Pendant une heure, une quinzaine de personnes ont \u00e9chang\u00e9 avec Geoffrey Klein, climatologue, sur l\u2019\u00e9volution de l\u2019enneigement dans les Alpes. Plongez-vous dans l\u2019ambiance du Science Sandwich de ce mois de mars.<\/strong><\/p>\n<figure id=\"attachment_1169\" class=\"thumbnail wp-caption aligncenter\" style=\"width: 1000px\"><img loading=\"lazy\" decoding=\"async\" class=\"size-full wp-image-1169\" src=\"http:\/\/blog.creamontblanc.org\/wp-content\/uploads\/2018\/04\/Evolution_neige_Alpes_suisses_GKlein_CREAMontBlanc_2.jpg\" alt=\"\u00c9volution du manteau neigeux dans les Alpes \u00a9 GKlein \" width=\"1000\" height=\"501\" srcset=\"https:\/\/blog.creamontblanc.org\/wp-content\/uploads\/2018\/04\/Evolution_neige_Alpes_suisses_GKlein_CREAMontBlanc_2.jpg 1000w, https:\/\/blog.creamontblanc.org\/wp-content\/uploads\/2018\/04\/Evolution_neige_Alpes_suisses_GKlein_CREAMontBlanc_2-300x150.jpg 300w, https:\/\/blog.creamontblanc.org\/wp-content\/uploads\/2018\/04\/Evolution_neige_Alpes_suisses_GKlein_CREAMontBlanc_2-768x385.jpg 768w\" sizes=\"auto, (max-width: 1000px) 100vw, 1000px\" \/><figcaption class=\"caption wp-caption-text\"><em><strong>\u00c9volution du manteau neigeux dans les Alpes <\/strong>\u00a9 GKlein<\/em><\/figcaption><\/figure>\n<p><!--more--><\/p>\n<p>Mardi 20 mars de 12h30 \u00e0 13h30 a eu lieu le Science Sandwich \u00ab Le r\u00e9chauffement climatique et son impact sur le manteau neigeux dans les Alpes \u00bb. Geoffrey Klein, climatologue en th\u00e8se de doctorat (Universit\u00e9 de Neuch\u00e2tel et WSL) et collaborateur scientifique du CREA Mont-Blanc, a pr\u00e9sent\u00e9 ses travaux sur le manteau neigeux dans les Alpes suisses face aux variations climatiques.<\/p>\n<h2>Climat VS M\u00e9t\u00e9o<\/h2>\n<p>Dans une ambiance conviviale, Geoffrey Klein annonce dans un premier temps la diff\u00e9rence entre climat et m\u00e9t\u00e9o. La distinction est primordiale pour poser les bases du d\u00e9bat de ce midi et permet d\u2019\u00e9viter les clich\u00e9s. La climatologie est la science qui permet de comprendre le climat et les \u00e9v\u00e8nements m\u00e9t\u00e9orologiques qui se sont pass\u00e9s ces derni\u00e8res d\u00e9cennies et d\u2019imaginer ceux qui vont se produire dans les d\u00e9cennies \u00e0 venir (\u00e9tudes statistiques). La m\u00e9t\u00e9orologie quant \u00e0 elle s\u2019int\u00e9resse aux conditions climatiques en cours, \u00e0 l\u2019\u00e9chelle de quelques jours ou semaines, \u00e0 des fins pr\u00e9dictives.<\/p>\n<p>Geoffrey Klein pr\u00e9cise \u00e9galement que lorsque l\u2019on parle de r\u00e9chauffement climatique, il ne s\u2019agit pas d\u2019un ph\u00e9nom\u00e8ne lin\u00e9aire dans le temps, avec une augmentation progressive des temp\u00e9ratures ann\u00e9e apr\u00e8s ann\u00e9e. De fortes variations des temp\u00e9ratures de l\u2019air d\u2019une ann\u00e9e ou d\u2019une saison sur l\u2019autre ont toujours exist\u00e9, ce qui est \u00e9galement valable pour la couverture neigeuse : ce n\u2019est pas parce qu\u2019il y a beaucoup de neige au sol cette ann\u00e9e \u00e0 Chamonix que l\u2019enneigement ne diminue pas globalement depuis les derni\u00e8res d\u00e9cennies<\/p>\n<h2>L\u2019impact du changement climatique dans les Alpes<\/h2>\n<p>Lors d\u2019une pr\u00e9sentation rythm\u00e9e par les questions de la salle, Geoffrey Klein a apport\u00e9 diff\u00e9rentes cl\u00e9s pour mieux comprendre l\u2019impact du changement climatique dans les Alpes. Apr\u00e8s des g\u00e9n\u00e9ralit\u00e9s sur le fonctionnement du climat de la Terre, il a commenc\u00e9 par aborder l\u2019\u00e9volution des temp\u00e9ratures dans les Alpes au cours du si\u00e8cle dernier et le lien avec les \u00e9volutions du manteau neigeux, pour finir par ouvrir le d\u00e9bat aux cons\u00e9quences sur les \u00e9cosyst\u00e8mes et aux strat\u00e9gies des gestionnaires de territoires pour s\u2019adapter.<br \/>\nQuantit\u00e9 et qualit\u00e9 de la neige : du skieur au climatologue<\/p>\n<p>Les travaux de recherche de Geoffrey Klein l\u2019ont particuli\u00e8rement amen\u00e9 \u00e0 s\u2019int\u00e9resser \u00e0 un param\u00e8tre du manteau neigeux encore m\u00e9connu \u00e0 moyenne et haute-altitude dans les Alpes : sa saisonnalit\u00e9 (date de d\u00e9but, de fin et dur\u00e9e de la saison continue d\u2019enneigement). Il a \u00e9tudi\u00e9 des masses importantes de donn\u00e9es g\u00e9n\u00e9r\u00e9es depuis 50 ans et a donn\u00e9 aux participants un aper\u00e7u des cons\u00e9quences du r\u00e9chauffement climatique sur le manteau neigeux.<\/p>\n<p>&nbsp;<\/p>\n<p><img loading=\"lazy\" decoding=\"async\" class=\"wp-image-1165 aligncenter\" src=\"http:\/\/blog.creamontblanc.org\/wp-content\/uploads\/2018\/04\/science_sandwich_crea_20_03_18.jpg\" alt=\"\u00c9volution du manteau neigeux dans les Alpes suisses au-dessus de 1200 m depuis 1970 \u00a9 GKlein \" width=\"602\" height=\"451\" srcset=\"https:\/\/blog.creamontblanc.org\/wp-content\/uploads\/2018\/04\/science_sandwich_crea_20_03_18.jpg 960w, https:\/\/blog.creamontblanc.org\/wp-content\/uploads\/2018\/04\/science_sandwich_crea_20_03_18-300x225.jpg 300w, https:\/\/blog.creamontblanc.org\/wp-content\/uploads\/2018\/04\/science_sandwich_crea_20_03_18-768x576.jpg 768w\" sizes=\"auto, (max-width: 602px) 100vw, 602px\" \/><\/p>\n<p>&nbsp;<\/p>\n<p>Si on sait que le ratio pluie\/neige dans les pr\u00e9cipitations hivernales \u00e9volue fortement (les pr\u00e9cipitations arrivent plus fr\u00e9quemment sous forme de pluie que de neige), le chercheur a montr\u00e9 que depuis 1970 dans les Alpes suisses, le manteau neigeux diminue quelle que soit la r\u00e9gion et l\u2019altitude (au-dessus de 1100 m d\u2019altitude), \u00e0 la fois en \u00e9paisseur et surtout en dur\u00e9e, avec une perte de pr\u00e8s de 40 jours de couverture neigeuse au sol en pr\u00e8s de 50 ans.<\/p>\n<h2>La neige, param\u00e8tre cl\u00e9 pour la v\u00e9g\u00e9tation<\/h2>\n<p>Les relations entre le manteau neigeux et la v\u00e9g\u00e9tation sont tr\u00e8s \u00e9troites. Le d\u00e9marrage de la croissance de la v\u00e9g\u00e9tation alpine au printemps est intimement li\u00e9 aux param\u00e8tres climatiques. Il existe une relation directe entre le r\u00e9veil de la v\u00e9g\u00e9tation et la fonte de la neige, les temp\u00e9ratures de l\u2019air et les temp\u00e9ratures du sol.<\/p>\n<p>Lorsque le manteau neigeux disparait, apr\u00e8s un d\u00e9lai d\u2019environ 15 jours calcul\u00e9 gr\u00e2ce \u00e0 des algorithmes d\u00e9di\u00e9s (accumulation de 100 degr\u00e9s jours), la v\u00e9g\u00e9tation d\u00e9marre. Quand la fonte des neiges est plus pr\u00e9coce, donc \u00e0 une p\u00e9riode plus froide de l\u2019ann\u00e9e, ce d\u00e9lai tend \u00e0 augmenter. Les plantes ont alors besoin de plus de temps pour accumuler des 100 degr\u00e9s jours n\u00e9cessaires \u00e0 leur d\u00e9veloppement.<\/p>\n<p>Autre challenge pour les plantes : plus la neige fond t\u00f4t, plus le risque d\u2019exposition des plantes alpines au gel tardif lors de leur p\u00e9riode de vuln\u00e9rabilit\u00e9 (au moment de leur d\u00e9marrage) est important et peut mettre en danger la plante. N\u00e9anmoins, le risque reste inchang\u00e9 depuis 1970, cette fois gr\u00e2ce au r\u00e9chauffement climatique : l\u2019augmentation des temp\u00e9ratures pendant la m\u00eame p\u00e9riode a compens\u00e9 en partie l\u2019exposition au gel tardif.<\/p>\n<p>&nbsp;<\/p>\n<p>R\u00e9daction : Charlotte Mader et Geoffrey Klein<\/p>\n<hr \/>\n<p><strong>Pour en savoir plus, les publications scientifiques (anglais) :<\/strong><\/p>\n<p>Klein, G., Vitasse, Y., Rixen, C., Marty, C., Rebetez, M. <a href=\"https:\/\/www.researchgate.net\/publication\/308480847_Shorter_snow_cover_duration_since_1970_in_the_Swiss_Alps_due_to_earlier_snowmelt_more_than_to_later_snow_onset\" target=\"_blank\" rel=\"noopener\">Shorter snow cover duration since 1970 in the Swiss Alps due to earlier snowmelt more than to later snow onset<\/a>. Climatic Change. doi:10.1007\/s10584-016-1806-y.<\/p>\n<p>Vitasse, Y., Rebetez, M., Filippa, G., Cremonese, E., Klein, G., Rixen, C. <a href=\"https:\/\/www.researchgate.net\/publication\/306264318_%27Hearing%27_alpine_plants_growing_after_snowmelt_ultrasonic_snow_sensors_provide_long-term_series_of_alpine_plant_phenology\" target=\"_blank\" rel=\"noopener\">\u2018Hearing\u2019 alpine plants growing after snowmelt: ultrasonic snow sensors provide long-term series of alpine plant phenology<\/a>. International Journal of Biometeorolgy. doi:10.1007\/s00484-016-1216-x<\/p>\n","protected":false},"excerpt":{"rendered":"<p>Ce mardi a eu lieu le 3\u00e8me Science Sandwich du CREA Mont-Blanc \u00e0 Chamonix. Pendant une heure, une quinzaine de personnes ont \u00e9chang\u00e9 avec Geoffrey Klein, climatologue, sur l\u2019\u00e9volution de l\u2019enneigement dans les Alpes. Plongez-vous dans l\u2019ambiance du Science Sandwich &hellip; <a href=\"https:\/\/blog.creamontblanc.org?p=1162\">Lire la suite\u00ad\u00ad<\/a><\/p>\n","protected":false},"author":5,"featured_media":1169,"comment_status":"open","ping_status":"open","sticky":false,"template":"","format":"standard","meta":{"_monsterinsights_skip_tracking":false,"_monsterinsights_sitenote_active":false,"_monsterinsights_sitenote_note":"","_monsterinsights_sitenote_category":0,"ngg_post_thumbnail":0,"footnotes":""},"categories":[194],"tags":[10,221,35],"class_list":["post-1162","post","type-post","status-publish","format-standard","has-post-thumbnail","hentry","category-la-recherche","tag-climat","tag-enneigement","tag-phenologie"],"aioseo_notices":[],"amp_enabled":true,"_links":{"self":[{"href":"https:\/\/blog.creamontblanc.org\/index.php?rest_route=\/wp\/v2\/posts\/1162","targetHints":{"allow":["GET"]}}],"collection":[{"href":"https:\/\/blog.creamontblanc.org\/index.php?rest_route=\/wp\/v2\/posts"}],"about":[{"href":"https:\/\/blog.creamontblanc.org\/index.php?rest_route=\/wp\/v2\/types\/post"}],"author":[{"embeddable":true,"href":"https:\/\/blog.creamontblanc.org\/index.php?rest_route=\/wp\/v2\/users\/5"}],"replies":[{"embeddable":true,"href":"https:\/\/blog.creamontblanc.org\/index.php?rest_route=%2Fwp%2Fv2%2Fcomments&post=1162"}],"version-history":[{"count":7,"href":"https:\/\/blog.creamontblanc.org\/index.php?rest_route=\/wp\/v2\/posts\/1162\/revisions"}],"predecessor-version":[{"id":1173,"href":"https:\/\/blog.creamontblanc.org\/index.php?rest_route=\/wp\/v2\/posts\/1162\/revisions\/1173"}],"wp:featuredmedia":[{"embeddable":true,"href":"https:\/\/blog.creamontblanc.org\/index.php?rest_route=\/wp\/v2\/media\/1169"}],"wp:attachment":[{"href":"https:\/\/blog.creamontblanc.org\/index.php?rest_route=%2Fwp%2Fv2%2Fmedia&parent=1162"}],"wp:term":[{"taxonomy":"category","embeddable":true,"href":"https:\/\/blog.creamontblanc.org\/index.php?rest_route=%2Fwp%2Fv2%2Fcategories&post=1162"},{"taxonomy":"post_tag","embeddable":true,"href":"https:\/\/blog.creamontblanc.org\/index.php?rest_route=%2Fwp%2Fv2%2Ftags&post=1162"}],"curies":[{"name":"wp","href":"https:\/\/api.w.org\/{rel}","templated":true}]}}