{"id":1134,"date":"2018-03-15T15:49:09","date_gmt":"2018-03-15T14:49:09","guid":{"rendered":"http:\/\/blog.creamontblanc.org?p=1134"},"modified":"2022-11-09T10:50:53","modified_gmt":"2022-11-09T09:50:53","slug":"neige-et-precipitations-a-chamonix-retour-sur-un-hiver-exceptionnel","status":"publish","type":"post","link":"https:\/\/blog.creamontblanc.org?p=1134","title":{"rendered":"Neige et pr\u00e9cipitations \u00e0 Chamonix : retour sur un hiver exceptionnel"},"content":{"rendered":"<p><strong>Les pr\u00e9cipitations hivernales de 2018 ont connu une hausse de 45% par rapport \u00e0 la normale de la p\u00e9riode 1981-2010 dans le massif du Mont-Blanc. Retour sur une m\u00e9t\u00e9o exceptionnelle par Geoffrey Klein, chercheur en climatologie en th\u00e8se de doctorat \u00e0 l\u2019Universit\u00e9 de Neuch\u00e2tel et collaborateur scientifique du CREA Mont-Blanc.<\/strong><\/p>\n<p>&nbsp;<\/p>\n<figure id=\"attachment_1147\" class=\"thumbnail wp-caption aligncenter\" style=\"width: 1000px\"><img loading=\"lazy\" decoding=\"async\" class=\"size-full wp-image-1147\" src=\"http:\/\/blog.creamontblanc.org\/wp-content\/uploads\/2018\/03\/20180206_refuge_Mayeres_sallanches_GKlein.jpg\" alt=\"Vue sur le Massif du Mont-Blanc depuis le refuge de May\u00e8res, au dessus de Sallanches \u00a9 GKlein\" width=\"1000\" height=\"500\" \/><figcaption class=\"caption wp-caption-text\"><em><strong>Vue sur le Massif du Mont-Blanc depuis le refuge de May\u00e8res, au dessus de Sallanches <\/strong>\u00a9 GKlein<\/em><\/figcaption><\/figure>\n<h2><\/h2>\n<h2>Un mois de janvier exceptionnellement doux<\/h2>\n<p>Les temp\u00e9ratures de l\u2019hiver 2018 \u00e0 Chamonix ont \u00e9t\u00e9 en moyenne similaires \u00e0 celles des pr\u00e9c\u00e9dents hivers de la p\u00e9riode 1981-2010, avec un l\u00e9ger exc\u00e9dent thermique de 0.2\u00b0C sur l\u2019ensemble de la p\u00e9riode. Cette apparente normalit\u00e9 cache cependant de tr\u00e8s forts contrastes thermiques entre les trois mois d\u2019hiver.<\/p>\n<p>Alors que les mois de d\u00e9cembre et f\u00e9vrier ont \u00e9t\u00e9 frais (respectivement -2.0 et -1.3 \u00b0C par rapport \u00e0 la moyenne de la p\u00e9riode 1981-2010), le mois de janvier a \u00e9t\u00e9 le deuxi\u00e8me plus chaud depuis 1934, apr\u00e8s celui de 1996, avec un exc\u00e9dent de pr\u00e8s de + 4\u00b0C par rapport aux normales.<\/p>\n<p>Un tel exc\u00e9dent thermique repr\u00e9sente \u00e0 peu pr\u00e8s le r\u00e9chauffement attendu des temp\u00e9ratures sur la plan\u00e8te d\u2019ici 2100, selon le dernier sc\u00e9nario moyen (RCP 4.5) \u00e9tabli par le Groupe d&rsquo;experts intergouvernemental sur l&rsquo;\u00e9volution du climat (GIEC) en 2014. D\u2019ici la fin du si\u00e8cle, il faudra donc s\u2019attendre \u00e0 ce qu\u2019un mois de janvier aussi doux comme celui que nous venons de connaitre devienne progressivement la normalit\u00e9 dans la Vall\u00e9e de Chamonix.<\/p>\n<h2>Pr\u00e9cipitations hivernales\u00a0: &#8211; 60% en 2017, + 45% en 2018<\/h2>\n<p>Les hivers se suivent, mais ne se ressemblent pas.<\/p>\n<p>Apr\u00e8s un hiver 2017 marqu\u00e9 par un important d\u00e9ficit pluviom\u00e9trique de 60% (cumul total de 128 mm) par rapport \u00e0 la normale 1981-2010, l\u2019hiver 2018 aura quant \u00e0 lui connu un exc\u00e9dent de 45% de pr\u00e9cipitations. Un cumul total de 420 mm a en effet \u00e9t\u00e9 observ\u00e9, soit plus du triple par rapport \u00e0 l\u2019hiver 2017. \u00c0 titre de comparaison, il ne tombe en moyenne qu\u2019entre 500 et 600 mm de pr\u00e9cipitations par an dans des villes comme Marseille, Perpignan ou encore Chartres.<\/p>\n<p>&nbsp;<\/p>\n<p><img loading=\"lazy\" decoding=\"async\" class=\"size-full wp-image-1142 aligncenter\" src=\"http:\/\/blog.creamontblanc.org\/wp-content\/uploads\/2018\/03\/2018_enneigement_hiver_CREAMontBlanc.png\" alt=\"Comparatif de l\u2019enneigement au sol entre l\u2019hiver 2016-2017 et 2017-2018 \u00e0 l\u2019Observatoire du Mont-Blanc (Chamonix Mont-blanc, 1050 m d\u2019altitude) \u00a9 CREA Mont-Blanc\" width=\"916\" height=\"466\" \/><\/p>\n<p style=\"text-align: center\"><a href=\"http:\/\/phenoclim.org\/fr\/les-observations-du-climat\" target=\"_blank\" rel=\"noopener\">Acc\u00e9der au module de visualisation interactif <\/a><\/p>\n<p>&nbsp;<\/p>\n<p>La combinaison de ces pr\u00e9cipitations exceptionnelles avec des temp\u00e9ratures moyennes autour de la norme ont permis la mise en place d\u2019un manteau neigeux pr\u00e9coce et cons\u00e9quent dans la vall\u00e9e, avec une couverture neigeuse continue \u00e0 Chamonix depuis le 29 novembre, soit 107 jours de neige au sol cons\u00e9cutifs au jour d\u2019aujourd\u2019hui (15 mars 2018). Cette couverture neigeuse continue au sol devrait encore se maintenir pendant plusieurs jours, puisque de nouvelles chutes de neige et un refroidissement sont attendus pour les prochains jours.<\/p>\n<blockquote><p>Le record de ces dix derni\u00e8res ann\u00e9es est d\u00e9tenu par l\u2019hiver 2008-2009 avec 119 jours de neige au sol cons\u00e9cutifs (du 22 novembre au 20 mars).<\/p><\/blockquote>\n<p>Sur les hauteurs, les fortes pr\u00e9cipitations ont permis d\u2019atteindre des cumuls de neige au sol remarquables, avec entre 3 et 4 m mesur\u00e9s en continu depuis mi-janvier dans les environs du Lac Blanc (2330 m d\u2019altitude).<\/p>\n<p>&nbsp;<\/p>\n<p>R\u00e9daction : Geoffrey Klein<\/p>\n<p>&nbsp;<\/p>\n<p style=\"text-align: center\"><strong>Retrouvez\u00a0 Geoffrey Klein au Science Sandwich du mardi 20 mars 2018 \u00e0 l&rsquo;Observatoire du Mont-Blanc<\/strong><\/p>\n<p style=\"text-align: center\">\n<a href=\"http:\/\/blog.creamontblanc.org?p=1055\" class=\"btn button btn-shortcode kad-btn kad-btn-primary\" id=\"kadbtn60\" target=\"_self\" style=\"color:#FFF;\">Science sandwich 2018<\/a>\n<hr \/>\n<p><strong>Pour en savoir plus\u00a0sur le climat de Chamonix Mont-Blanc<\/strong><\/p>\n<p><a href=\"http:\/\/www.lameteo.org\/index.php\/climatologie\/1592-normales-climatiques-1981-2010-chamomix\" target=\"_blank\" rel=\"noopener\">Normales climatiques sur la p\u00e9riode 1981-2010 (Lam\u00e9t\u00e9o)<\/a><\/p>\n<p><a href=\"http:\/\/www.infoclimat.fr\/climatologie-mensuelle\/07469\/janvier\/2018\/chamonix-mont-blanc.html\" target=\"_blank\" rel=\"noopener\">Climatologie mensuelle de l\u2019hiver 2018 (Infoclimat)<\/a><\/p>\n<p><a href=\"http:\/\/www.meteofrance.com\/previsions-meteo-montagne\/\" target=\"_blank\" rel=\"noopener\">Observations de la balise niv\u00f4se des Aiguilles Rouges (M\u00e9t\u00e9o-France) \u00a0<\/a><\/p>\n<p><a href=\"http:\/\/phenoclim.org\/fr\/les-observations-du-climat\" target=\"_blank\" rel=\"noopener\">Hauteurs de neige journali\u00e8res et par saison depuis 2005 (Ph\u00e9noclim &#8211; CREA Mont-Blanc) \u00a0<\/a><\/p>\n<p><strong>\u00c9galement sur notre blog<\/strong><\/p>\n<p><a href=\"http:\/\/blog.creamontblanc.org?p=1015\">L&rsquo;hiver et la neige arrivent en force \u00e0 Chamonix <\/a><\/p>\n<p>&nbsp;<\/p>\n<p>&nbsp;<\/p>\n","protected":false},"excerpt":{"rendered":"<p>Les pr\u00e9cipitations hivernales de 2018 ont connu une hausse de 45% par rapport \u00e0 la normale de la p\u00e9riode 1981-2010 dans le massif du Mont-Blanc. Retour sur une m\u00e9t\u00e9o exceptionnelle par Geoffrey Klein, chercheur en climatologie en th\u00e8se de doctorat &hellip; <a href=\"https:\/\/blog.creamontblanc.org?p=1134\">Lire la suite\u00ad\u00ad<\/a><\/p>\n","protected":false},"author":5,"featured_media":1147,"comment_status":"open","ping_status":"open","sticky":false,"template":"","format":"standard","meta":{"_monsterinsights_skip_tracking":false,"_monsterinsights_sitenote_active":false,"_monsterinsights_sitenote_note":"","_monsterinsights_sitenote_category":0,"ngg_post_thumbnail":0,"footnotes":""},"categories":[194],"tags":[221],"class_list":["post-1134","post","type-post","status-publish","format-standard","has-post-thumbnail","hentry","category-la-recherche","tag-enneigement"],"aioseo_notices":[],"amp_enabled":true,"_links":{"self":[{"href":"https:\/\/blog.creamontblanc.org\/index.php?rest_route=\/wp\/v2\/posts\/1134","targetHints":{"allow":["GET"]}}],"collection":[{"href":"https:\/\/blog.creamontblanc.org\/index.php?rest_route=\/wp\/v2\/posts"}],"about":[{"href":"https:\/\/blog.creamontblanc.org\/index.php?rest_route=\/wp\/v2\/types\/post"}],"author":[{"embeddable":true,"href":"https:\/\/blog.creamontblanc.org\/index.php?rest_route=\/wp\/v2\/users\/5"}],"replies":[{"embeddable":true,"href":"https:\/\/blog.creamontblanc.org\/index.php?rest_route=%2Fwp%2Fv2%2Fcomments&post=1134"}],"version-history":[{"count":13,"href":"https:\/\/blog.creamontblanc.org\/index.php?rest_route=\/wp\/v2\/posts\/1134\/revisions"}],"predecessor-version":[{"id":1154,"href":"https:\/\/blog.creamontblanc.org\/index.php?rest_route=\/wp\/v2\/posts\/1134\/revisions\/1154"}],"wp:featuredmedia":[{"embeddable":true,"href":"https:\/\/blog.creamontblanc.org\/index.php?rest_route=\/wp\/v2\/media\/1147"}],"wp:attachment":[{"href":"https:\/\/blog.creamontblanc.org\/index.php?rest_route=%2Fwp%2Fv2%2Fmedia&parent=1134"}],"wp:term":[{"taxonomy":"category","embeddable":true,"href":"https:\/\/blog.creamontblanc.org\/index.php?rest_route=%2Fwp%2Fv2%2Fcategories&post=1134"},{"taxonomy":"post_tag","embeddable":true,"href":"https:\/\/blog.creamontblanc.org\/index.php?rest_route=%2Fwp%2Fv2%2Ftags&post=1134"}],"curies":[{"name":"wp","href":"https:\/\/api.w.org\/{rel}","templated":true}]}}